{"id":30750,"date":"2025-12-31T10:49:13","date_gmt":"2025-12-31T13:49:13","guid":{"rendered":"https:\/\/www.sportchaco.com.ar\/?p=30750"},"modified":"2026-01-01T01:37:20","modified_gmt":"2026-01-01T04:37:20","slug":"lourdes-alejandra-sotelo-deportista-del-ano-2025-en-saenz-pena","status":"publish","type":"post","link":"https:\/\/www.sportchaco.com.ar\/?p=30750","title":{"rendered":"Lourdes Alejandra Sotelo deportista del A\u00f1o 2025 en S\u00e1enz Pe\u00f1a"},"content":{"rendered":"<p>&nbsp;<\/p>\n<p>La representante de artes marciales, Lourdes Alejandra Sotelo, fue consagrada como la Deportista del A\u00f1o 2025 anoche durante la 8\u00b0 Gala del Deporte que se desarroll\u00f3 en el Centro Cultural Centrochaque\u00f1o.\u00a0 Lourdes pertenece y entrena en el Centro Multidisciplinario \u201cDojo Le\u00f3n\u201d- Escuela de Benshi, ubicado en la ciudad de S\u00e1enz Pe\u00f1a, en el cual se destacan sus deportistas a nivel provincial, nacional y sudamericano, adem\u00e1s el Centro ofrece la pr\u00e1ctica de varias disciplinas.<\/p>\n<p>El evento, que se cumpli\u00f3 ocho a\u00f1os de manera ininterrumpida, y en la ocasi\u00f3n se entregaron m\u00e1s de 70 reconocimientos entre \u201cdestacados\u201d y \u201crevelaciones\u201d, adem\u00e1s de menciones especiales y distinciones a personalidades, trayectoria e instituciones.<\/p>\n<p>Tras haber comenzado con impulso de la Fundaci\u00f3n RISA, la organizaci\u00f3n estuvo luego a cargo de la Fundaci\u00f3n Eco Deportivo, con el apoyo de la Secretar\u00eda de Desarrollo Humano y Deportes y la Municipalidad de S\u00e1enz Pe\u00f1a. Los premios que se entregar\u00e1n, como ocurriera el a\u00f1o pasado, fueron creados en los talleres de la UEGP N\u00ba 37 Polit\u00e9cnica.<\/p>\n<p><img decoding=\"async\" src=\"https:\/\/scontent.fcnq2-2.fna.fbcdn.net\/v\/t39.30808-6\/608737422_3783846188591740_1143724119050440199_n.jpg?_nc_cat=104&amp;ccb=1-7&amp;_nc_sid=127cfc&amp;_nc_ohc=qhvzKTOhtUsQ7kNvwHWis8_&amp;_nc_oc=AdlBVdK1CL1cRWpTm5uroNB8962UHtjgbuAoemV4k6_vNEfB0hi7ev_ImEJiBUZCewY&amp;_nc_zt=23&amp;_nc_ht=scontent.fcnq2-2.fna&amp;_nc_gid=QUWFwCZv0qfuLPgG72HeSA&amp;oh=00_AfneBuxx59Uf01N5UnTtHci2VPH86fV4jvxDF6Roqom0Yw&amp;oe=695B0854\" alt=\"Puede ser una imagen de texto que dice &quot;CH Depor--- a&quot;\" \/><\/p>\n<p>El acto contar\u00e1 con la presencia de autoridades de la comuna, dirigentes, representantes de entidades intermedias y personalidades destacadas de la comunidad; y ser\u00e1 transmitido en vivo a trav\u00e9s de la Fan Page y Youtube de Eco Deportivo.<\/p>\n<p style=\"text-align: center;\"><img loading=\"lazy\" decoding=\"async\" class=\"alignnone size-medium wp-image-30754\" src=\"https:\/\/www.sportchaco.com.ar\/wp-content\/uploads\/2025\/12\/Carlos-Sandoval-300x141.jpg\" alt=\"\" width=\"300\" height=\"141\" srcset=\"https:\/\/www.sportchaco.com.ar\/wp-content\/uploads\/2025\/12\/Carlos-Sandoval-300x141.jpg 300w, https:\/\/www.sportchaco.com.ar\/wp-content\/uploads\/2025\/12\/Carlos-Sandoval.jpg 576w\" sizes=\"auto, (max-width: 300px) 100vw, 300px\" \/><\/p>\n<p><em><strong>Reconocimiento a Carlos Sandoval, periodista y animador, entregado por por el presidente de la Fundaci\u00f3n Eco Deportivo.<\/strong><\/em><\/p>\n<p>Hasta aqu\u00ed fueron elegidos deportistas del a\u00f1o Silvana Agnello (2018 \u2013 Ajedrez); Javier Codutti (2019 \u2013 Tiro); Carlos Gabriel Salazar (2020 \u2013 Boxeo); Milo L\u00f3pez Petcoff (2021 \u2013 Ajedrez); Rodrigo Franchini (2022 \u2013 Automovilismo); y Talia Rodich (2023 \u2013 Rugby); y Carlos Verza (2024 \u2013 Rally).<\/p>\n<p>As\u00ed cerr\u00f3 e l a\u00f1o deportivo en la ciudad Termal, con otra fiesta inolvidable.<\/p>\n<p>&nbsp;<\/p>\n<p><img decoding=\"async\" src=\"https:\/\/scontent.fcnq2-2.fna.fbcdn.net\/v\/t39.30808-6\/607133475_3783847468591612_5673218891555118310_n.jpg?stp=dst-jpg_p180x540_tt6&amp;_nc_cat=110&amp;ccb=1-7&amp;_nc_sid=127cfc&amp;_nc_ohc=CQUNglAoS7QQ7kNvwGDZw7S&amp;_nc_oc=AdkinFdiuqb5JBfNJwNf1nsVQ8cG9N68cNGpULZzqFgkHemq565RCJ_AeWWkrldA1YQ&amp;_nc_zt=23&amp;_nc_ht=scontent.fcnq2-2.fna&amp;_nc_gid=bPIeS96_QGQL8Lm8Q0h3lA&amp;oh=00_Afl7EuLWDAjvmAUZwj3_EXnLg-hl536Y8OW_hqE5NihkIw&amp;oe=695B168B\" alt=\"Puede ser una imagen de texto\" \/><\/p>\n<p><em><strong>Todos los deportista en el escnario ante de Consagrar al Deportista del A\u00f1o<\/strong><\/em><\/p>\n<p><strong>Tenis:<\/strong>\u00a0Jos\u00e9 G\u00f3mez<\/p>\n<p><strong>Tiro:<\/strong>\u00a0Selena Montenegro<\/p>\n<p><strong>Voley:<\/strong>\u00a0Martina Blanar<\/p>\n<p><strong>-MENCIONES ESPECIALES<\/strong><\/p>\n<p>Manolo Insaurralde (Trayectoria \u2013 Bochas)<\/p>\n<p>Asoc, Veteranos (Instituci\u00f3n)<\/p>\n<p>Agust\u00edn Ojeda (Consolidaci\u00f3n \u2013 F\u00fatbol)<\/p>\n<p>Rub\u00e9n Fern\u00e1ndez (Trayectoria \u2013 Motociclismo)<\/p>\n<p>Kart\u00f3dromo S\u00e1enz Pe\u00f1a (Instituci\u00f3n)<\/p>\n<p>Pioneros (Newcom)<\/p>\n<p>Club Acci\u00f3n Sub 15 (B\u00e1squet)<\/p>\n<p>Valent\u00edn Fouine (Deportes de contacto)<\/p>\n<p>Enzo D\u00edaz (Trayectoria \u2013 F\u00fatbol)<\/p>\n<p>Camila Carrasco (Handball)<\/p>\n<p>Gimnasio AGA (Gimnasia Art\u00edstica)<\/p>\n<p>Carlos Verza (Rally)<\/p>\n<p>Germ\u00e1n Luis Fern\u00e1ndez (Atletismo)<\/p>\n<p>Nicol\u00e1s Billordo (Boxeo extremo)<\/p>\n<p>Carlos Sandoval (Periodismo \u2013 Trayectoria)<\/p>\n<p>Cristal Escalante (Rugby)<\/p>\n<p>Talia Rodich (Rugby)<\/p>\n<p>Escuela Aventuras sobre Ruedas (Patinaje art\u00edstico)<\/p>\n<p>Francisco Goy (Bochas)<\/p>\n<p><iframe loading=\"lazy\" title=\"GALA DEL DEPORTE &quot;S\u00c1ENZ PE\u00d1A 2025&quot;\" width=\"500\" height=\"375\" src=\"https:\/\/www.youtube.com\/embed\/fFECU0_ktcA?feature=oembed\" frameborder=\"0\" allow=\"accelerometer; autoplay; clipboard-write; encrypted-media; gyroscope; picture-in-picture; web-share\" referrerpolicy=\"strict-origin-when-cross-origin\" allowfullscreen><\/iframe><\/p>\n<p>&nbsp;<\/p>\n","protected":false},"excerpt":{"rendered":"<p>&nbsp; La representante de artes marciales, Lourdes Alejandra Sotelo, fue consagrada como la Deportista del A\u00f1o 2025 anoche durante la 8\u00b0 Gala del Deporte que se desarroll\u00f3 en el Centro Cultural Centrochaque\u00f1o.\u00a0 Lourdes pertenece y entrena en el Centro Multidisciplinario \u201cDojo Le\u00f3n\u201d- Escuela de Benshi, ubicado en la ciudad de S\u00e1enz Pe\u00f1a, en el cual &hellip;<\/p>\n","protected":false},"author":2,"featured_media":30751,"comment_status":"open","ping_status":"open","sticky":false,"template":"","format":"standard","meta":{"footnotes":""},"categories":[44],"tags":[],"class_list":["post-30750","post","type-post","status-publish","format-standard","has-post-thumbnail","hentry","category-varios"],"_links":{"self":[{"href":"https:\/\/www.sportchaco.com.ar\/index.php?rest_route=\/wp\/v2\/posts\/30750","targetHints":{"allow":["GET"]}}],"collection":[{"href":"https:\/\/www.sportchaco.com.ar\/index.php?rest_route=\/wp\/v2\/posts"}],"about":[{"href":"https:\/\/www.sportchaco.com.ar\/index.php?rest_route=\/wp\/v2\/types\/post"}],"author":[{"embeddable":true,"href":"https:\/\/www.sportchaco.com.ar\/index.php?rest_route=\/wp\/v2\/users\/2"}],"replies":[{"embeddable":true,"href":"https:\/\/www.sportchaco.com.ar\/index.php?rest_route=%2Fwp%2Fv2%2Fcomments&post=30750"}],"version-history":[{"count":5,"href":"https:\/\/www.sportchaco.com.ar\/index.php?rest_route=\/wp\/v2\/posts\/30750\/revisions"}],"predecessor-version":[{"id":30775,"href":"https:\/\/www.sportchaco.com.ar\/index.php?rest_route=\/wp\/v2\/posts\/30750\/revisions\/30775"}],"wp:featuredmedia":[{"embeddable":true,"href":"https:\/\/www.sportchaco.com.ar\/index.php?rest_route=\/wp\/v2\/media\/30751"}],"wp:attachment":[{"href":"https:\/\/www.sportchaco.com.ar\/index.php?rest_route=%2Fwp%2Fv2%2Fmedia&parent=30750"}],"wp:term":[{"taxonomy":"category","embeddable":true,"href":"https:\/\/www.sportchaco.com.ar\/index.php?rest_route=%2Fwp%2Fv2%2Fcategories&post=30750"},{"taxonomy":"post_tag","embeddable":true,"href":"https:\/\/www.sportchaco.com.ar\/index.php?rest_route=%2Fwp%2Fv2%2Ftags&post=30750"}],"curies":[{"name":"wp","href":"https:\/\/api.w.org\/{rel}","templated":true}]}}