{"id":30776,"date":"2026-01-01T10:18:01","date_gmt":"2026-01-01T13:18:01","guid":{"rendered":"https:\/\/www.sportchaco.com.ar\/?p=30776"},"modified":"2026-01-01T10:18:01","modified_gmt":"2026-01-01T13:18:01","slug":"efemerides-del-1-de-enero-3","status":"publish","type":"post","link":"https:\/\/www.sportchaco.com.ar\/?p=30776","title":{"rendered":"Efem\u00e9rides del 1 de enero"},"content":{"rendered":"<div class=\"container fullwidth-entry-title-wrapper\">\n<div class=\"container-wrapper fullwidth-entry-title\">\n<header class=\"entry-header-outer\">\n<div class=\"entry-header\">\n<h1 class=\"post-title entry-title\"><\/h1>\n<div class=\"single-post-meta post-meta clearfix\"><\/div>\n<\/div>\n<\/header>\n<\/div>\n<\/div>\n<div id=\"content\" class=\"site-content container\">\n<div id=\"main-content-row\" class=\"tie-row main-content-row\">\n<div class=\"main-content tie-col-md-8 tie-col-xs-12\" role=\"main\">\n<article id=\"the-post\" class=\"container-wrapper post-content tie-standard\">\n<div class=\"featured-area\">\n<div class=\"featured-area-inner\">\n<figure class=\"single-featured-image\"><\/figure>\n<\/div>\n<\/div>\n<div id=\"share-buttons-top\" class=\"share-buttons share-buttons-top\">\n<div class=\"share-links  icons-text share-pill\"><a class=\"facebook-share-btn  large-share-button\" title=\"Facebook\" href=\"https:\/\/www.facebook.com\/sharer.php?u=https:\/\/www.sportchaco.com.ar\/?p=15548\" target=\"_blank\" rel=\"external noopener nofollow\" data-raw=\"https:\/\/www.facebook.com\/sharer.php?u={post_link}\"><span class=\"social-text\">Facebook<\/span><\/a>\u00a0<a class=\"twitter-share-btn  large-share-button\" title=\"Twitter\" href=\"https:\/\/twitter.com\/intent\/tweet?text=Efem%C3%A9rides%20del%201%20de%20enero&amp;url=https:\/\/www.sportchaco.com.ar\/?p=15548\" target=\"_blank\" rel=\"external noopener nofollow\" data-raw=\"https:\/\/twitter.com\/intent\/tweet?text={post_title}&amp;url={post_link}\"><span class=\"social-text\">Twitter<\/span><\/a>\u00a0<a class=\"messenger-desktop-share-btn messenger-share-btn  large-share-button\" title=\"Messenger\" href=\"https:\/\/www.facebook.com\/dialog\/send?app_id=5303202981&amp;display=popup&amp;link=https:\/\/www.sportchaco.com.ar\/?p=15548&amp;redirect_uri=https:\/\/www.sportchaco.com.ar\/?p=15548\" target=\"_blank\" rel=\"external noopener nofollow\" data-raw=\"https:\/\/www.facebook.com\/dialog\/send?app_id=5303202981&amp;display=popup&amp;link={post_link}&amp;redirect_uri={post_link}\"><span class=\"social-text\">Messenger<\/span><\/a><\/div>\n<\/div>\n<div class=\"entry-content entry clearfix\">\n<div class=\"container fullwidth-entry-title-wrapper\">\n<div class=\"container-wrapper fullwidth-entry-title\">\n<header class=\"entry-header-outer\">\n<div class=\"entry-header\">\n<div class=\"single-post-meta post-meta clearfix\">\n<div class=\"tie-alignright\"><\/div>\n<\/div>\n<\/div>\n<\/header>\n<\/div>\n<\/div>\n<div id=\"content\" class=\"site-content container\">\n<div id=\"main-content-row\" class=\"tie-row main-content-row\">\n<div class=\"main-content tie-col-md-8 tie-col-xs-12\" role=\"main\">\n<article id=\"the-post\" class=\"container-wrapper post-content tie-standard\">\n<div class=\"featured-area\">\n<div class=\"featured-area-inner\"><\/div>\n<\/div>\n<div class=\"entry-content entry clearfix\">\n<p>&nbsp;<\/p>\n<h5><strong>Esta es la Efem\u00e9rides del Deporte en el Chaco de un 1 de enero del periodista Luis Dar\u00edo Molodezky<\/strong><\/h5>\n<p>&nbsp;<\/p>\n<p><img loading=\"lazy\" decoding=\"async\" class=\"alignnone size-medium wp-image-30704 aligncenter\" src=\"https:\/\/www.sportchaco.com.ar\/wp-content\/uploads\/2025\/12\/Luis-carita-3-287x300.jpg\" alt=\"\" width=\"287\" height=\"300\" srcset=\"https:\/\/www.sportchaco.com.ar\/wp-content\/uploads\/2025\/12\/Luis-carita-3-287x300.jpg 287w, https:\/\/www.sportchaco.com.ar\/wp-content\/uploads\/2025\/12\/Luis-carita-3.jpg 430w\" sizes=\"auto, (max-width: 287px) 100vw, 287px\" \/><\/p>\n<p><strong>1929 \/<\/strong>\u00a0Se inaugura en Resistencia la casa \u201cFoto Boschetti\u201d, en callo Pellegrini 75. Figuraban al frente Pablo Luis Boschetti, su esposa Mar\u00eda Lucinda Marpeg\u00e1n de Boschetti y los socios Manuel Armando Aairala y Carlos Veloso. Muchas de las fotos hist\u00f3ricas del deporte chaque\u00f1a fueron registrado por esa casa de fotograf\u00eda.<\/p>\n<p>&nbsp;<\/p>\n<p>&nbsp;<\/p>\n<p><strong>2001 \/<\/strong>\u00a0Llega para sumarse al dial de las FM Radio Morena que, aunque tuvo una corta vida, tuvo un impacto period\u00edstico y musical, conducida por el periodista Manolo Bord\u00f3n. Bord\u00f3n hab\u00eda ingresado en 1968 al diario El Territorio trabajando en deportes. \u00a0nacido en Selvas del R\u00edo de Oro en 1950. En 1971 ingres\u00f3 en la direcci\u00f3n de Prensa de gobierno provincial por concurso, luego de trabajar en publicidad como redactor.\u00a0 En 1974 ingreso a diario Norte y en 1976 con el proceso militar estuvo \u201cexiliado\u201d en el interior dedic\u00e1ndose a la fotograf\u00eda. En 1983 vuelve como director de prensa de la C\u00e1mara de Diputados convocado por Ra\u00fal Bittel.\u00a0 El 1 de mayo de 1989 inaugur\u00f3 Radio Libertad y la \u00faltima Radio Argentina, emisora que dirig\u00eda cuando falleci\u00f3 el\u00a08\u00a0de julio de 2014. Hab\u00eda nacido en Selvas del Rio de Orio el 24 de abril de 1950.<\/p>\n<p><img loading=\"lazy\" decoding=\"async\" class=\"alignnone size-medium wp-image-30768 aligncenter\" src=\"https:\/\/www.sportchaco.com.ar\/wp-content\/uploads\/2025\/12\/Manolo-Bordon-despeinado-300x199.jpg\" alt=\"\" width=\"300\" height=\"199\" srcset=\"https:\/\/www.sportchaco.com.ar\/wp-content\/uploads\/2025\/12\/Manolo-Bordon-despeinado-300x199.jpg 300w, https:\/\/www.sportchaco.com.ar\/wp-content\/uploads\/2025\/12\/Manolo-Bordon-despeinado.jpg 500w\" sizes=\"auto, (max-width: 300px) 100vw, 300px\" \/><\/p>\n<p><strong>\u00a0<\/strong><\/p>\n<p><strong>1956\u00a0<\/strong>\/ Nace el boxeador Sergio V\u00edctor Palma en la localidad La Tigra. Fue el noveno argentino que se consagr\u00f3 campe\u00f3n mundial y el primero en lograr la corona en Estados Unidos. Obtuvo el cetro supergallo de la Asociaci\u00f3n Mundial de Boxeo al vencer al norteamericano Leo Randolph en agosto de 1980. Realiz\u00f3 cinco defensas exitosas y perdi\u00f3 el t\u00edtulo ante el dominicano Leo Cruz, en junio de 1982.<\/p>\n<h6><\/h6>\n<h6><strong>Foto: Pablo Boschetti y sus colaboradores Manuel Rojas, Santiago Aguirre, y Bernardo Garcia.<\/strong><\/h6>\n<\/div>\n<\/article>\n<\/div>\n<\/div>\n<\/div>\n<\/div>\n<\/article>\n<\/div>\n<\/div>\n<\/div>\n","protected":false},"excerpt":{"rendered":"<p>Facebook\u00a0Twitter\u00a0Messenger &nbsp; Esta es la Efem\u00e9rides del Deporte en el Chaco de un 1 de enero del periodista Luis Dar\u00edo Molodezky &nbsp; 1929 \/\u00a0Se inaugura en Resistencia la casa \u201cFoto Boschetti\u201d, en callo Pellegrini 75. Figuraban al frente Pablo Luis Boschetti, su esposa Mar\u00eda Lucinda Marpeg\u00e1n de Boschetti y los socios Manuel Armando Aairala y &hellip;<\/p>\n","protected":false},"author":2,"featured_media":30777,"comment_status":"open","ping_status":"open","sticky":false,"template":"","format":"standard","meta":{"footnotes":""},"categories":[45,31],"tags":[],"class_list":["post-30776","post","type-post","status-publish","format-standard","has-post-thumbnail","hentry","category-efemerides-dia-por-dia","category-enero"],"_links":{"self":[{"href":"https:\/\/www.sportchaco.com.ar\/index.php?rest_route=\/wp\/v2\/posts\/30776","targetHints":{"allow":["GET"]}}],"collection":[{"href":"https:\/\/www.sportchaco.com.ar\/index.php?rest_route=\/wp\/v2\/posts"}],"about":[{"href":"https:\/\/www.sportchaco.com.ar\/index.php?rest_route=\/wp\/v2\/types\/post"}],"author":[{"embeddable":true,"href":"https:\/\/www.sportchaco.com.ar\/index.php?rest_route=\/wp\/v2\/users\/2"}],"replies":[{"embeddable":true,"href":"https:\/\/www.sportchaco.com.ar\/index.php?rest_route=%2Fwp%2Fv2%2Fcomments&post=30776"}],"version-history":[{"count":1,"href":"https:\/\/www.sportchaco.com.ar\/index.php?rest_route=\/wp\/v2\/posts\/30776\/revisions"}],"predecessor-version":[{"id":30778,"href":"https:\/\/www.sportchaco.com.ar\/index.php?rest_route=\/wp\/v2\/posts\/30776\/revisions\/30778"}],"wp:featuredmedia":[{"embeddable":true,"href":"https:\/\/www.sportchaco.com.ar\/index.php?rest_route=\/wp\/v2\/media\/30777"}],"wp:attachment":[{"href":"https:\/\/www.sportchaco.com.ar\/index.php?rest_route=%2Fwp%2Fv2%2Fmedia&parent=30776"}],"wp:term":[{"taxonomy":"category","embeddable":true,"href":"https:\/\/www.sportchaco.com.ar\/index.php?rest_route=%2Fwp%2Fv2%2Fcategories&post=30776"},{"taxonomy":"post_tag","embeddable":true,"href":"https:\/\/www.sportchaco.com.ar\/index.php?rest_route=%2Fwp%2Fv2%2Ftags&post=30776"}],"curies":[{"name":"wp","href":"https:\/\/api.w.org\/{rel}","templated":true}]}}