{"id":30784,"date":"2026-01-01T22:31:11","date_gmt":"2026-01-02T01:31:11","guid":{"rendered":"https:\/\/www.sportchaco.com.ar\/?p=30784"},"modified":"2026-01-01T22:32:28","modified_gmt":"2026-01-02T01:32:28","slug":"efemerides-del-2-de-enero-4","status":"publish","type":"post","link":"https:\/\/www.sportchaco.com.ar\/?p=30784","title":{"rendered":"Efem\u00e9rides del 2 de enero"},"content":{"rendered":"<div class=\"container fullwidth-entry-title-wrapper\">\n<div class=\"container-wrapper fullwidth-entry-title\">\n<header class=\"entry-header-outer\">\n<div class=\"entry-header\">\n<h1 class=\"post-title entry-title\"><\/h1>\n<\/div>\n<\/header>\n<\/div>\n<\/div>\n<div id=\"content\" class=\"site-content container\">\n<div id=\"main-content-row\" class=\"tie-row main-content-row\">\n<div class=\"main-content tie-col-md-8 tie-col-xs-12\" role=\"main\">\n<article id=\"the-post\" class=\"container-wrapper post-content tie-standard\">\n<div class=\"entry-content entry clearfix\">\n<div class=\"container fullwidth-entry-title-wrapper\">\n<div class=\"container-wrapper fullwidth-entry-title\">\n<header class=\"entry-header-outer\">\n<div class=\"entry-header\">\n<h1 class=\"post-title entry-title\"><\/h1>\n<div class=\"single-post-meta post-meta clearfix\"><\/div>\n<\/div>\n<\/header>\n<\/div>\n<\/div>\n<div id=\"content\" class=\"site-content container\">\n<div id=\"main-content-row\" class=\"tie-row main-content-row\">\n<div class=\"main-content tie-col-md-8 tie-col-xs-12\" role=\"main\">\n<article id=\"the-post\" class=\"container-wrapper post-content tie-standard\">\n<div class=\"featured-area\">\n<div class=\"featured-area-inner\"><\/div>\n<\/div>\n<div class=\"entry-content entry clearfix\">\n<p>&nbsp;<\/p>\n<p><strong>Esta es la Efem\u00e9rides del Deporte en el Chaco de un 2 de enero del periodista Luis Dar\u00edo Molodezky<\/strong><\/p>\n<p>&nbsp;<\/p>\n<p><img loading=\"lazy\" decoding=\"async\" class=\"alignnone size-medium wp-image-30704 aligncenter\" src=\"https:\/\/www.sportchaco.com.ar\/wp-content\/uploads\/2025\/12\/Luis-carita-3-287x300.jpg\" alt=\"\" width=\"287\" height=\"300\" srcset=\"https:\/\/www.sportchaco.com.ar\/wp-content\/uploads\/2025\/12\/Luis-carita-3-287x300.jpg 287w, https:\/\/www.sportchaco.com.ar\/wp-content\/uploads\/2025\/12\/Luis-carita-3.jpg 430w\" sizes=\"auto, (max-width: 287px) 100vw, 287px\" \/><\/p>\n<p>&nbsp;<\/p>\n<p>&nbsp;<\/p>\n<p><strong>1879 \/\u00a0<\/strong>Nace en Mil\u00e1n, Italia Gaspar De Nicola, arquitecto que dej\u00f3 entre obras Escuela N\u00ba1 \u00abBenjam\u00edn Zorrilla\u00bb, el Obispado y la estaci\u00f3n del Ferrocarril Central Norte. Despu\u00e9s de varias reuniones de vecinos, el 28 de agosto de 1909, form\u00f3 parte de la primera comisi\u00f3n directiva, al crearse la Biblioteca Rivadavia. Desde Resistencia a Colonia Baranda construy\u00f3 un carril con rieles de madera. En 1909 dirigi\u00f3 los terraplenes del Ferrocarril Econ\u00f3mico de Corrientes, desde la capital hasta San Luis del Palmar. En 1919, 1920, 1923 y 1930 fue presidente de la Asociaci\u00f3n Italiana de Socorros Mutuos, desarrollando una tarea descollante y constructiva. Falleci\u00f3 en Buenos Aires en el a\u00f1o 1938, a los 59 a\u00f1os.<\/p>\n<p>&nbsp;<\/p>\n<p>&nbsp;<\/p>\n<p><strong>1980\u00a0<\/strong>\/ Rodolfo Manuel Aguirre, Danilo Ismael Legal, \u00c1ngel Edgardo Aguirre y Rub\u00e9n Echezarreta, cuatro j\u00f3venes chaque\u00f1os inician una traves\u00eda de 400 kil\u00f3metros aproximadamente, a bordo de dos piraguas, en la que unen Antequera con la ciudad de Esquina (Corrientes).<\/p>\n<p>&nbsp;<\/p>\n<p><strong>2006\u00a0<\/strong>\/ La Federaci\u00f3n Chaque\u00f1a de Automovilismo Deportivo, declara campe\u00f3n de la Clase B del Zonal a Osvaldo Cerretti, en base al informe recibido por parte de la Comisi\u00f3n Deportiva Automovil\u00edstica del ACA que reclasific\u00f3 al piloto capitalino. El ranking final de la Clase B es el siguiente: 1\u00ba) Osvaldo Cerretti, 2\u00ba) Juan C. Iglesias, 3\u00ba) Yamil Apud, 4\u00ba) Pablo Zacar\u00edas, 5\u00ba) Nelson Frontalini, 6\u00ba) Rodolfo Corredera, 7\u00ba) Mario Forma\u00f1uk, 8\u00ba) Germ\u00e1n Villarreal, 9\u00ba) Germ\u00e1n Vietto, 10\u00ba) Edwin Kaenel.<\/p>\n<p>&nbsp;<\/p>\n<p><strong>2007\u00a0<\/strong>\/ Cuatro jugadoras de Nordeste fueron seleccionadas para integrar el plantel argentino de Rugby Femenino para el Sudamericano de la especialidad en Chile entre el 12 y 13 de enero. Ellas son Agostina Galantini y Viviana Garat (Sixty), Aurora Garc\u00eda (CUNE) y Leticia Alcaraz (San Patricio).<\/p>\n<p><img loading=\"lazy\" decoding=\"async\" class=\"attachment-jannah-image-post size-jannah-image-post wp-post-image\" src=\"https:\/\/www.sportchaco.com.ar\/wp-content\/uploads\/2025\/01\/Viviana-Garat.jpg\" sizes=\"auto, (max-width: 512px) 100vw, 512px\" srcset=\"https:\/\/www.sportchaco.com.ar\/wp-content\/uploads\/2025\/01\/Viviana-Garat.jpg 512w, https:\/\/www.sportchaco.com.ar\/wp-content\/uploads\/2025\/01\/Viviana-Garat-300x244.jpg 300w\" alt=\"\" width=\"512\" height=\"416\" data-main-img=\"1\" \/><\/p>\n<h3>Foto de Viviana Garat<\/h3>\n<p>&nbsp;<\/p>\n<\/div>\n<\/article>\n<\/div>\n<\/div>\n<\/div>\n<\/div>\n<\/article>\n<\/div>\n<\/div>\n<\/div>\n","protected":false},"excerpt":{"rendered":"<p>&nbsp; Esta es la Efem\u00e9rides del Deporte en el Chaco de un 2 de enero del periodista Luis Dar\u00edo Molodezky &nbsp; &nbsp; &nbsp; 1879 \/\u00a0Nace en Mil\u00e1n, Italia Gaspar De Nicola, arquitecto que dej\u00f3 entre obras Escuela N\u00ba1 \u00abBenjam\u00edn Zorrilla\u00bb, el Obispado y la estaci\u00f3n del Ferrocarril Central Norte. Despu\u00e9s de varias reuniones de vecinos, &hellip;<\/p>\n","protected":false},"author":2,"featured_media":30785,"comment_status":"open","ping_status":"open","sticky":false,"template":"","format":"standard","meta":{"footnotes":""},"categories":[45,31],"tags":[],"class_list":["post-30784","post","type-post","status-publish","format-standard","has-post-thumbnail","hentry","category-efemerides-dia-por-dia","category-enero"],"_links":{"self":[{"href":"https:\/\/www.sportchaco.com.ar\/index.php?rest_route=\/wp\/v2\/posts\/30784","targetHints":{"allow":["GET"]}}],"collection":[{"href":"https:\/\/www.sportchaco.com.ar\/index.php?rest_route=\/wp\/v2\/posts"}],"about":[{"href":"https:\/\/www.sportchaco.com.ar\/index.php?rest_route=\/wp\/v2\/types\/post"}],"author":[{"embeddable":true,"href":"https:\/\/www.sportchaco.com.ar\/index.php?rest_route=\/wp\/v2\/users\/2"}],"replies":[{"embeddable":true,"href":"https:\/\/www.sportchaco.com.ar\/index.php?rest_route=%2Fwp%2Fv2%2Fcomments&post=30784"}],"version-history":[{"count":3,"href":"https:\/\/www.sportchaco.com.ar\/index.php?rest_route=\/wp\/v2\/posts\/30784\/revisions"}],"predecessor-version":[{"id":30796,"href":"https:\/\/www.sportchaco.com.ar\/index.php?rest_route=\/wp\/v2\/posts\/30784\/revisions\/30796"}],"wp:featuredmedia":[{"embeddable":true,"href":"https:\/\/www.sportchaco.com.ar\/index.php?rest_route=\/wp\/v2\/media\/30785"}],"wp:attachment":[{"href":"https:\/\/www.sportchaco.com.ar\/index.php?rest_route=%2Fwp%2Fv2%2Fmedia&parent=30784"}],"wp:term":[{"taxonomy":"category","embeddable":true,"href":"https:\/\/www.sportchaco.com.ar\/index.php?rest_route=%2Fwp%2Fv2%2Fcategories&post=30784"},{"taxonomy":"post_tag","embeddable":true,"href":"https:\/\/www.sportchaco.com.ar\/index.php?rest_route=%2Fwp%2Fv2%2Ftags&post=30784"}],"curies":[{"name":"wp","href":"https:\/\/api.w.org\/{rel}","templated":true}]}}