{"id":30787,"date":"2026-01-01T22:23:05","date_gmt":"2026-01-02T01:23:05","guid":{"rendered":"https:\/\/www.sportchaco.com.ar\/?p=30787"},"modified":"2026-01-01T22:23:05","modified_gmt":"2026-01-02T01:23:05","slug":"luis-de-la-fuente-hablo-de-messi-y-de-la-argentina","status":"publish","type":"post","link":"https:\/\/www.sportchaco.com.ar\/?p=30787","title":{"rendered":"Luis de la Fuente habl\u00f3 de Messi y de la Argentina"},"content":{"rendered":"<article id=\"article-post\">\n<header class=\"article-info-wrapper\">\n<div class=\"row\">\n<div class=\"col-xs-12\"><\/div>\n<\/div>\n<div class=\"detail-social-icons clearfix\" data-social=\"tosticky\">\n<ul class=\"social-wrapper clearfix\">\n<li class=\"social-icon social-mail no-shares\"><\/li>\n<\/ul>\n<\/div>\n<\/header>\n<\/article>\n<article id=\"article-post\">\n<div class=\"row\">\n<div class=\"col-xs-12\">\n<div class=\"head-image thumb-wrap relative\">\n<div id=\"content-gallery\">\n<div class=\"col2 owl-carousel owl-loaded\">\n<div class=\"owl-stage-outer owl-height\">\n<div class=\"owl-stage\">\n<div class=\"owl-item active\">\n<div class=\"image itemGallery classid778319\"><\/div>\n<\/div>\n<\/div>\n<\/div>\n<\/div>\n<\/div>\n<\/div>\n<\/div>\n<\/div>\n<\/article>\n<article id=\"article-post\" class=\"first\">\n<h5 class=\"interiorCopete\"><strong>Luis de la Fuente cont\u00f3 que siente \u00abadmiraci\u00f3n total\u00bb por el capit\u00e1n de la Albiceleste y que quiere jugar ya mismo el duelo entre ambos campeones. Adem\u00e1s, dio sus candidatos a ganar el Mundial. Luis de la Fuente, entrenador de la Selecci\u00f3n de Espa\u00f1a, opin\u00f3 de Lionel Messi y palpit\u00f3 la Finalissima con la Selecci\u00f3n Argentina. <span style=\"font-size: 16px;\">El t\u00e9cnico de 64 a\u00f1os cont\u00f3 que siente \u00abadmiraci\u00f3n total\u00bb por el capit\u00e1n de la Albiceleste y que quiere ya mismo el duelo entre ambos campeones, de Copa Am\u00e9rica y Eurocopa.<\/span><\/strong><\/h5>\n<\/article>\n<article id=\"article-post\">\n<div class=\"cuerpo\" data-twitter-link=\"https:\/\/twitter.com\/intent\/tweet?url=https:\/\/www.diariopopular.com.ar\/c878890&amp;via=poopulardiario&amp;related=Popular&amp;text=\">\n<p>\u00abM\u00e1s all\u00e1 de testear el potencial del campe\u00f3n de Europa y el de Am\u00e9rica, lo que\u00a0<strong>me interesa es estar en otra final y tener la opci\u00f3n de ganar otro t\u00edtulo<\/strong>\u201d, inici\u00f3 el entrenador de la Selecci\u00f3n de Espa\u00f1a sobre la Finalissima, que se disputar\u00e1 el viernes 27 de marzo en el estadio Lusail de Qatar.<\/p>\n<p>Y cont\u00f3 su admiraci\u00f3n por Leo: \u201c<strong>Es de esos jugadores que no deber\u00edan acabarse nunca.<\/strong>\u00a0Igual que Cristiano Ronaldo. Son fant\u00e1sticos. Sea cual sea el estado de forma de Messi en la Finalissima o en el Mundial es de los jugadores que\u00a0<strong>puede marcar la diferencia con un solo detalle<\/strong>\u201d.<\/p>\n<figure id=\"778320-Libre-67247992_wrap\" class=\"embed_cont type_imagen\" contenteditable=\"false\">\n<div id=\"778320-Libre-67247992_content\" class=\"embed_content\"><img loading=\"lazy\" decoding=\"async\" id=\"778320-Libre-67247992_embed\" title=\"\" src=\"https:\/\/media.diariopopular.com.ar\/p\/1714d339d1bfd9f5a1a53820820bca03\/adjuntos\/143\/imagenes\/008\/223\/0008223428\/1140x0\/smart\/image.png\" alt=\"\" width=\"1140\" height=\"642\" longdesc=\"https:\/\/media.diariopopular.com.ar\/p\/1714d339d1bfd9f5a1a53820820bca03\/adjuntos\/143\/imagenes\/008\/223\/0008223428\/1140x0\/smart\/image.png\" \/><\/div><figcaption id=\"778320-Libre-67247992_epigrafe\" class=\"embed_epigrafe\"><\/figcaption><div id=\"778320-Libre-67247992_copyright\" class=\"embed_copyright\"><\/div>\n<\/figure>\n<p>Por otro lado, el ex entrenador del Alav\u00e9s y las divisiones menores de La Roja dio sus candidatos al Mundial de M\u00e9xico, Estados Unidos y Canad\u00e1:\u00a0<strong>\u201cPodemos ser campeones del mundo y vamos a pelear por serlo,\u00a0<\/strong>aunque tambi\u00e9n hay otras que lo van a intentar.\u00a0<strong>No se va a quedar fuera ninguna de las buenas, como Brasil, Argentina, Alemania, Francia, Portugal o Marruecos<\/strong>\u00ab.<\/p>\n<p>Adem\u00e1s,\u00a0<strong>De la Fuente afirm\u00f3 que \u201cno ha habido otro mundial con un abanico de candidatos tan buenos como habr\u00e1 en el siguiente\u201d\u00a0<\/strong>y advirti\u00f3: \u201cHay pa\u00edses ex\u00f3ticos que van a demostrar sus avances, como es el caso de Cabo Verde\u201d. S\u00ed, en Espa\u00f1a es tan tan ansiosos como en Argentina por disputar el encuentro entre campeones.<\/p>\n<\/div>\n<\/article>\n<div class=\"banner bk-white\">\n<h2 class=\"title-news \">Videos relacionados:<\/h2>\n<\/div>\n<div class=\"banners-list\">\n<div class=\"banner \">\n<div class=\"dugout-video dugout-embed-eyJrZXkiOiIiLCJwIjoicG9wdWxhci1hcmdlbnRpbmEiLCJwbCI6Ikd5c3lsRUpQIn0=\">\n<div class=\"of-widget-inner\">\n<div id=\"jwPlacementDiv_Ht8IRao6\" data-jw-placement-id=\"Ht8IRao6\">\n<div id=\"jwExperienceDiv_1uf74lut9tvp\" class=\"jwplayer jw-reset jw-state-playing jw-stretch-uniform jw-flag-aspect-mode jw-breakpoint-1 jw-floating-dismissible jw-keep-thumbnail jw-flag-floating jw-flag-small-player jw-flag-user-inactive\" tabindex=\"0\" role=\"application\" aria-label=\"Video Player - Los goles de Jordi Alba con Inter Miami en la MLS 2025\" aria-describedby=\"jw-jwExperienceDiv_1uf74lut9tvp-shortcuts-tooltip-explanation\">\n<div class=\"jw-wrapper jw-reset\">\n<div class=\"jw-media jw-reset\"><\/div>\n<div class=\"jw-captions jw-reset jw-captions-enabled\"><\/div>\n<div class=\"jw-overlays jw-reset\"><\/div>\n<div class=\"jw-float-bar jw-reset\">\n<div class=\"jw-float-bar-title\" aria-label=\" \"><\/div>\n<div class=\"jw-float-bar-icon jw-float-icon jw-icon jw-button-color jw-reset\" tabindex=\"0\" role=\"button\" aria-label=\"Close\"><\/div>\n<\/div>\n<div class=\"jw-controls jw-reset\">\n<div class=\"jw-display jw-reset\">\n<div class=\"jw-display-container jw-reset\">\n<div class=\"jw-display-controls jw-reset\">\n<div class=\"jw-display-icon-container jw-display-icon-display jw-reset\">\n<div class=\"jw-icon jw-icon-display jw-button-color jw-reset\" tabindex=\"0\" role=\"button\" aria-label=\"Pause\"><\/div>\n<\/div>\n<\/div>\n<\/div>\n<\/div>\n<div class=\"jw-nextup-container jw-reset\">\n<div class=\"jw-nextup jw-background-color jw-reset jw-nextup-thumbnail-visible\">\n<div class=\"jw-nextup-tooltip jw-reset\">\n<div class=\"jw-nextup-body jw-reset\"><\/div>\n<\/div>\n<\/div>\n<\/div>\n<div class=\"jw-controlbar jw-reset\">\n<div class=\"jw-slider-time jw-chapter-slider-time jw-background-color jw-reset jw-slider-horizontal jw-reset\" tabindex=\"0\" role=\"slider\" aria-valuetext=\"0 of 1 minute, 4 seconds\" aria-valuenow=\"0.869482\" aria-label=\"Seek\" aria-valuemin=\"0\" aria-valuemax=\"64.45\">\n<div class=\"jw-slider-container jw-reset\">\n<div class=\"jw-reset jw-old-rail\">\n<div class=\"jw-timesegment jw-reset\" aria-hidden=\"true\">\n<div class=\"jw-timesegment-resetter jw-reset\">\n<div class=\"jw-timesegment-container jw-reset\"><\/div>\n<\/div>\n<\/div>\n<\/div>\n<div class=\"jw-icon jw-icon-tooltip jw-tooltip-time jw-button-color jw-reset\">\n<div class=\"jw-overlay jw-reset\">\n<div class=\"jw-time-tip jw-reset\"><\/div>\n<\/div>\n<\/div>\n<\/div>\n<\/div>\n<div class=\"jw-reset jw-button-container\">\n<div class=\"jw-icon jw-icon-tooltip jw-icon-volume jw-button-color jw-reset jw-off\" tabindex=\"0\" role=\"group\" aria-label=\"Unmute button\"><\/div>\n<div class=\"jw-icon jw-icon-inline jw-button-color jw-reset jw-icon-fullscreen\" tabindex=\"0\" role=\"button\" aria-label=\"Fullscreen\"><\/div>\n<\/div>\n<\/div>\n<\/div>\n<\/div>\n<\/div>\n<\/div>\n<\/div>\n<\/div>\n<\/div>\n<\/div>\n<div class=\"object-important-people\"><\/div>\n","protected":false},"excerpt":{"rendered":"<p>Luis de la Fuente cont\u00f3 que siente \u00abadmiraci\u00f3n total\u00bb por el capit\u00e1n de la Albiceleste y que quiere jugar ya mismo el duelo entre ambos campeones. Adem\u00e1s, dio sus candidatos a ganar el Mundial. Luis de la Fuente, entrenador de la Selecci\u00f3n de Espa\u00f1a, opin\u00f3 de Lionel Messi y palpit\u00f3 la Finalissima con la Selecci\u00f3n &hellip;<\/p>\n","protected":false},"author":2,"featured_media":30788,"comment_status":"open","ping_status":"open","sticky":false,"template":"","format":"standard","meta":{"footnotes":""},"categories":[6],"tags":[],"class_list":["post-30787","post","type-post","status-publish","format-standard","has-post-thumbnail","hentry","category-internacionales"],"_links":{"self":[{"href":"https:\/\/www.sportchaco.com.ar\/index.php?rest_route=\/wp\/v2\/posts\/30787","targetHints":{"allow":["GET"]}}],"collection":[{"href":"https:\/\/www.sportchaco.com.ar\/index.php?rest_route=\/wp\/v2\/posts"}],"about":[{"href":"https:\/\/www.sportchaco.com.ar\/index.php?rest_route=\/wp\/v2\/types\/post"}],"author":[{"embeddable":true,"href":"https:\/\/www.sportchaco.com.ar\/index.php?rest_route=\/wp\/v2\/users\/2"}],"replies":[{"embeddable":true,"href":"https:\/\/www.sportchaco.com.ar\/index.php?rest_route=%2Fwp%2Fv2%2Fcomments&post=30787"}],"version-history":[{"count":1,"href":"https:\/\/www.sportchaco.com.ar\/index.php?rest_route=\/wp\/v2\/posts\/30787\/revisions"}],"predecessor-version":[{"id":30789,"href":"https:\/\/www.sportchaco.com.ar\/index.php?rest_route=\/wp\/v2\/posts\/30787\/revisions\/30789"}],"wp:featuredmedia":[{"embeddable":true,"href":"https:\/\/www.sportchaco.com.ar\/index.php?rest_route=\/wp\/v2\/media\/30788"}],"wp:attachment":[{"href":"https:\/\/www.sportchaco.com.ar\/index.php?rest_route=%2Fwp%2Fv2%2Fmedia&parent=30787"}],"wp:term":[{"taxonomy":"category","embeddable":true,"href":"https:\/\/www.sportchaco.com.ar\/index.php?rest_route=%2Fwp%2Fv2%2Fcategories&post=30787"},{"taxonomy":"post_tag","embeddable":true,"href":"https:\/\/www.sportchaco.com.ar\/index.php?rest_route=%2Fwp%2Fv2%2Ftags&post=30787"}],"curies":[{"name":"wp","href":"https:\/\/api.w.org\/{rel}","templated":true}]}}