{"id":30797,"date":"2026-01-02T10:28:25","date_gmt":"2026-01-02T13:28:25","guid":{"rendered":"https:\/\/www.sportchaco.com.ar\/?p=30797"},"modified":"2026-01-02T10:29:13","modified_gmt":"2026-01-02T13:29:13","slug":"recordando-a-gabriel-ponce-en-1985","status":"publish","type":"post","link":"https:\/\/www.sportchaco.com.ar\/?p=30797","title":{"rendered":"Recordando a Gabriel Ponce en 1985"},"content":{"rendered":"<h5>Con gran \u00e9xito se llev\u00f3 a cabo (Diciembre 1985)\u00a0la prueba atl\u00e9tica denominada Marat\u00f3n Clausura organizada por Asociados Maratonistas y que cont\u00f3 con el auspicio del Circulo de Periodistas Deportivos del Chaco.<\/h5>\n<p>La competencia que se desarroll\u00f3 por distintas arterias de los barrios Provincias Unidas y Espa\u00f1a, cont\u00f3 con la participaci\u00f3n de numerosos atletas de la zona y provincias vecinas. Result\u00f3 ganador en la categor\u00eda mayores Gabriel Ponce y en la juve-niles Ram\u00f3n Espinoza.<\/p>\n<p>La fiesta deportiva cont\u00f3 con la pre-sencia del intendente de la municipalidad de Resistencia contador Hern\u00e1n Piccilli. Finalizada la prueba que fue se-guida por gran cantidad de p\u00fablico se procedi\u00f3 a la entrega de los premios los cuales en su totalidad fueron donados por Gabriel Ponce. Los organizadores de la competencia por este medio quieren agradecer la colaboraci\u00f3n prestada por la Unidad Coronaria M\u00f3vil del Sanatorio Santa In\u00e9s.<\/p>\n<p>&nbsp;<\/p>\n<p><strong>Foto portada: Gabriel Ponce ganador de la competencia recibe la medalla obtenida, la cual es colocada por el tesorero del C\u00edrculo de Periodistas Deportivos Martin Pedro Vera..\u00a0<\/strong><\/p>\n<p>&nbsp;<\/p>\n","protected":false},"excerpt":{"rendered":"<p>Con gran \u00e9xito se llev\u00f3 a cabo (Diciembre 1985)\u00a0la prueba atl\u00e9tica denominada Marat\u00f3n Clausura organizada por Asociados Maratonistas y que cont\u00f3 con el auspicio del Circulo de Periodistas Deportivos del Chaco. La competencia que se desarroll\u00f3 por distintas arterias de los barrios Provincias Unidas y Espa\u00f1a, cont\u00f3 con la participaci\u00f3n de numerosos atletas de la &hellip;<\/p>\n","protected":false},"author":2,"featured_media":30799,"comment_status":"open","ping_status":"open","sticky":false,"template":"","format":"standard","meta":{"footnotes":""},"categories":[1,48],"tags":[],"class_list":["post-30797","post","type-post","status-publish","format-standard","has-post-thumbnail","hentry","category-fotos-del-recuerdo","category-marathon"],"_links":{"self":[{"href":"https:\/\/www.sportchaco.com.ar\/index.php?rest_route=\/wp\/v2\/posts\/30797","targetHints":{"allow":["GET"]}}],"collection":[{"href":"https:\/\/www.sportchaco.com.ar\/index.php?rest_route=\/wp\/v2\/posts"}],"about":[{"href":"https:\/\/www.sportchaco.com.ar\/index.php?rest_route=\/wp\/v2\/types\/post"}],"author":[{"embeddable":true,"href":"https:\/\/www.sportchaco.com.ar\/index.php?rest_route=\/wp\/v2\/users\/2"}],"replies":[{"embeddable":true,"href":"https:\/\/www.sportchaco.com.ar\/index.php?rest_route=%2Fwp%2Fv2%2Fcomments&post=30797"}],"version-history":[{"count":1,"href":"https:\/\/www.sportchaco.com.ar\/index.php?rest_route=\/wp\/v2\/posts\/30797\/revisions"}],"predecessor-version":[{"id":30798,"href":"https:\/\/www.sportchaco.com.ar\/index.php?rest_route=\/wp\/v2\/posts\/30797\/revisions\/30798"}],"wp:featuredmedia":[{"embeddable":true,"href":"https:\/\/www.sportchaco.com.ar\/index.php?rest_route=\/wp\/v2\/media\/30799"}],"wp:attachment":[{"href":"https:\/\/www.sportchaco.com.ar\/index.php?rest_route=%2Fwp%2Fv2%2Fmedia&parent=30797"}],"wp:term":[{"taxonomy":"category","embeddable":true,"href":"https:\/\/www.sportchaco.com.ar\/index.php?rest_route=%2Fwp%2Fv2%2Fcategories&post=30797"},{"taxonomy":"post_tag","embeddable":true,"href":"https:\/\/www.sportchaco.com.ar\/index.php?rest_route=%2Fwp%2Fv2%2Ftags&post=30797"}],"curies":[{"name":"wp","href":"https:\/\/api.w.org\/{rel}","templated":true}]}}