{"id":30801,"date":"2026-01-02T10:48:33","date_gmt":"2026-01-02T13:48:33","guid":{"rendered":"https:\/\/www.sportchaco.com.ar\/?p=30801"},"modified":"2026-01-02T11:03:17","modified_gmt":"2026-01-02T14:03:17","slug":"jorge-tirner-y-otto-sanchez-dos-defensores-eternos-del-futbol-chaqueno","status":"publish","type":"post","link":"https:\/\/www.sportchaco.com.ar\/?p=30801","title":{"rendered":"Jorge Tirner y Otto S\u00e1nchez , dos defensores eternos del f\u00fatbol chaque\u00f1o"},"content":{"rendered":"<h3 data-start=\"197\" data-end=\"229\">Un adi\u00f3s que todav\u00eda duele<\/h3>\n<p>&nbsp;<\/p>\n<p><img loading=\"lazy\" decoding=\"async\" class=\"alignnone wp-image-30704\" src=\"https:\/\/www.sportchaco.com.ar\/wp-content\/uploads\/2025\/12\/Luis-carita-3-287x300.jpg\" alt=\"\" width=\"89\" height=\"93\" srcset=\"https:\/\/www.sportchaco.com.ar\/wp-content\/uploads\/2025\/12\/Luis-carita-3-287x300.jpg 287w, https:\/\/www.sportchaco.com.ar\/wp-content\/uploads\/2025\/12\/Luis-carita-3.jpg 430w\" sizes=\"auto, (max-width: 89px) 100vw, 89px\" \/><strong>POR LUIS DARIO MOLODEZKY <\/strong><strong>de una publicacion del autor del 2008<\/strong><\/p>\n<p data-start=\"230\" data-end=\"305\"><strong data-start=\"230\" data-end=\"305\">Otto S\u00e1nchez y Jorge Tirner, dos defensores eternos del f\u00fatbol chaque\u00f1o<\/strong><\/p>\n<p data-start=\"307\" data-end=\"336\"><strong data-start=\"307\" data-end=\"336\">S\u00e1bado 5 de enero de 2008<\/strong><\/p>\n<p data-start=\"338\" data-end=\"625\">Hay despedidas que no se anuncian, pero que dejan un vac\u00edo imposible de llenar. El f\u00fatbol chaque\u00f1o vivi\u00f3 una de esas jornadas tristes cuando partieron \u00a0\u00a0<strong data-start=\"508\" data-end=\"524\">Jorge Tirner <\/strong>,<b> y Otto S\u00e1nchez, <\/b>\u00a0dos hombres que no solo defendieron una camiseta, sino una manera de entender el deporte y la vida.<\/p>\n<p data-start=\"627\" data-end=\"1179\">No tuve el privilegio de verlos en plenitud, en aquella \u00e9poca dorada del f\u00fatbol local que hoy vive en la memoria de quienes estuvieron en las tribunas. Pero los relatos alcanzan para dibujar su grandeza. <strong data-start=\"831\" data-end=\"847\">Otto S\u00e1nchez<\/strong>, con la n\u00famero <strong data-start=\"863\" data-end=\"868\">2<\/strong> de San Fernando, era un defensor temible: firme, seguro, ganador en el juego a\u00e9reo, un muro infranqueable para cualquiera que intentara pasar por su sector. <strong data-start=\"1026\" data-end=\"1042\">Jorge Tirner<\/strong>, con la <strong data-start=\"1051\" data-end=\"1056\">4<\/strong>, era el complemento perfecto: un verdadero \u201cperro de presa\u201d, f\u00e9rreo, incansable, de esos que no negocian jam\u00e1s una pelota.<\/p>\n<p data-start=\"1181\" data-end=\"1511\">A ambos s\u00ed los vi despu\u00e9s, ya lejos de la competencia, pero intactos en su amor por el f\u00fatbol. Segu\u00edan siendo los mismos, con esa pasi\u00f3n que no se jubila. Eran el alma y el motor de aquel grupo entra\u00f1able de exjugadores de <strong data-start=\"1404\" data-end=\"1420\">San Fernando<\/strong> que se reun\u00eda cada dos meses para volver, aunque sea por un rato, a un tiempo irrepetible.<\/p>\n<p data-start=\"1181\" data-end=\"1511\"><img loading=\"lazy\" decoding=\"async\" class=\"alignnone size-medium wp-image-30802\" src=\"https:\/\/www.sportchaco.com.ar\/wp-content\/uploads\/2026\/01\/Tirner-Jorge-3-300x241.jpeg\" alt=\"\" width=\"300\" height=\"241\" srcset=\"https:\/\/www.sportchaco.com.ar\/wp-content\/uploads\/2026\/01\/Tirner-Jorge-3-300x241.jpeg 300w, https:\/\/www.sportchaco.com.ar\/wp-content\/uploads\/2026\/01\/Tirner-Jorge-3.jpeg 571w\" sizes=\"auto, (max-width: 300px) 100vw, 300px\" \/> \u00a0<img loading=\"lazy\" decoding=\"async\" class=\"alignnone size-medium wp-image-30804\" src=\"https:\/\/www.sportchaco.com.ar\/wp-content\/uploads\/2026\/01\/Tirner-Jorge-3-1-300x241.jpeg\" alt=\"\" width=\"300\" height=\"241\" srcset=\"https:\/\/www.sportchaco.com.ar\/wp-content\/uploads\/2026\/01\/Tirner-Jorge-3-1-300x241.jpeg 300w, https:\/\/www.sportchaco.com.ar\/wp-content\/uploads\/2026\/01\/Tirner-Jorge-3-1.jpeg 571w\" sizes=\"auto, (max-width: 300px) 100vw, 300px\" \/><\/p>\n<h3 data-start=\"1513\" data-end=\"1538\">M\u00e1s all\u00e1 de la cancha<\/h3>\n<p>&nbsp;<\/p>\n<p data-start=\"1540\" data-end=\"1985\">Jorge Tirner fue mucho m\u00e1s que un exjugador. Nacido el <strong data-start=\"1595\" data-end=\"1634\">6 de agosto de 1937 en Barranqueras<\/strong>, estuvo ligado al Club San Fernando desde siempre. Como futbolista integr\u00f3 una l\u00ednea defensiva que qued\u00f3 grabada en la memoria del hincha, junto a <strong data-start=\"1782\" data-end=\"1806\">Schneider y Mart\u00ednez<\/strong>. Y cuando dej\u00f3 de jugar, su compromiso con la instituci\u00f3n lo llev\u00f3 naturalmente a la dirigencia: ocup\u00f3 todos los cargos posibles hasta llegar a la presidencia en varios per\u00edodos.<\/p>\n<p data-start=\"1987\" data-end=\"2377\">Fue, adem\u00e1s, el mentor de las <strong data-start=\"2017\" data-end=\"2037\">canchas de p\u00e1del<\/strong> que hoy pertenecen al club, y en sus \u00faltimos a\u00f1os impuls\u00f3 con enorme sensibilidad el grupo <strong data-start=\"2129\" data-end=\"2155\">\u201cAmigos por el F\u00fatbol\u201d<\/strong>, desde donde trabaj\u00f3 incansablemente para acompa\u00f1ar y proteger a exfutbolistas que atravesaban dificultades personales. El f\u00fatbol, para Tirner, nunca fue solo un juego: fue una red de afectos y una responsabilidad social.<\/p>\n<p data-start=\"2379\" data-end=\"2564\">Otto S\u00e1nchez compart\u00eda esa misma concepci\u00f3n. Ambos fueron <strong data-start=\"2437\" data-end=\"2463\">caballeros del deporte<\/strong>: honestos, fraternales, transparentes. Vivieron el f\u00fatbol como un estilo de vida, no como una etapa.<\/p>\n<h3 data-start=\"2566\" data-end=\"2594\">El valor de estar juntos<\/h3>\n<p data-start=\"2596\" data-end=\"2887\">En cada reuni\u00f3n de exjugadores, Otto y Jorge rejuvenec\u00edan. Volv\u00edan las an\u00e9cdotas, las risas, las discusiones t\u00e1cticas, las cargadas eternas. Eran el coraz\u00f3n de ese grupo que se sosten\u00eda en la amistad y en el recuerdo compartido, incluso cuando la vida empezaba a mostrar su costado m\u00e1s duro.<\/p>\n<p data-start=\"2889\" data-end=\"3150\">Hoy resuena una frase que ellos mismos repet\u00edan con naturalidad y sabidur\u00eda:<br data-start=\"2965\" data-end=\"2968\" \/><em data-start=\"2968\" data-end=\"3150\">\u201cLo bueno de esto es que, si alguno se va antes de la pr\u00f3xima reuni\u00f3n, vamos a poder decir que lo vimos hace poco. Vamos a poder decir que estuvimos juntos, compartiendo una mesa.\u201d<\/em><\/p>\n<h3 data-start=\"3152\" data-end=\"3163\">Eternos<\/h3>\n<p data-start=\"3165\" data-end=\"3382\">Otto S\u00e1nchez y Jorge Tirner ya no est\u00e1n f\u00edsicamente, pero siguen presentes en cada historia contada, en cada camiseta de San Fernando, en cada charla de caf\u00e9 donde se nombra al f\u00fatbol de antes con respeto y nostalgia.<\/p>\n<p data-start=\"3384\" data-end=\"3597\" data-is-last-node=\"\" data-is-only-node=\"\">Salieron de la cancha, s\u00ed.<br data-start=\"3410\" data-end=\"3413\" \/>Pero <strong data-start=\"3418\" data-end=\"3446\">nunca se fueron del todo<\/strong>.<br data-start=\"3447\" data-end=\"3450\" \/>Porque hay jugadores que no se miden por los t\u00edtulos, sino por la huella que dejan. Y la de ellos es imborrable en la historia del f\u00fatbol chaque\u00f1o.<\/p>\n<p data-start=\"3384\" data-end=\"3597\" data-is-last-node=\"\" data-is-only-node=\"\"><img loading=\"lazy\" decoding=\"async\" class=\"alignnone wp-image-30704\" src=\"https:\/\/www.sportchaco.com.ar\/wp-content\/uploads\/2025\/12\/Luis-carita-3-287x300.jpg\" alt=\"\" width=\"89\" height=\"93\" srcset=\"https:\/\/www.sportchaco.com.ar\/wp-content\/uploads\/2025\/12\/Luis-carita-3-287x300.jpg 287w, https:\/\/www.sportchaco.com.ar\/wp-content\/uploads\/2025\/12\/Luis-carita-3.jpg 430w\" sizes=\"auto, (max-width: 89px) 100vw, 89px\" \/><strong>POR LUIS DARIO MOLODEZKY <\/strong><strong>de una publicacion del autor del 2008<\/strong><\/p>\n","protected":false},"excerpt":{"rendered":"<p>Un adi\u00f3s que todav\u00eda duele &nbsp; POR LUIS DARIO MOLODEZKY de una publicacion del autor del 2008 Otto S\u00e1nchez y Jorge Tirner, dos defensores eternos del f\u00fatbol chaque\u00f1o S\u00e1bado 5 de enero de 2008 Hay despedidas que no se anuncian, pero que dejan un vac\u00edo imposible de llenar. El f\u00fatbol chaque\u00f1o vivi\u00f3 una de esas &hellip;<\/p>\n","protected":false},"author":2,"featured_media":30803,"comment_status":"open","ping_status":"open","sticky":false,"template":"","format":"standard","meta":{"footnotes":""},"categories":[1,78],"tags":[],"class_list":["post-30801","post","type-post","status-publish","format-standard","has-post-thumbnail","hentry","category-fotos-del-recuerdo","category-historias"],"_links":{"self":[{"href":"https:\/\/www.sportchaco.com.ar\/index.php?rest_route=\/wp\/v2\/posts\/30801","targetHints":{"allow":["GET"]}}],"collection":[{"href":"https:\/\/www.sportchaco.com.ar\/index.php?rest_route=\/wp\/v2\/posts"}],"about":[{"href":"https:\/\/www.sportchaco.com.ar\/index.php?rest_route=\/wp\/v2\/types\/post"}],"author":[{"embeddable":true,"href":"https:\/\/www.sportchaco.com.ar\/index.php?rest_route=\/wp\/v2\/users\/2"}],"replies":[{"embeddable":true,"href":"https:\/\/www.sportchaco.com.ar\/index.php?rest_route=%2Fwp%2Fv2%2Fcomments&post=30801"}],"version-history":[{"count":1,"href":"https:\/\/www.sportchaco.com.ar\/index.php?rest_route=\/wp\/v2\/posts\/30801\/revisions"}],"predecessor-version":[{"id":30805,"href":"https:\/\/www.sportchaco.com.ar\/index.php?rest_route=\/wp\/v2\/posts\/30801\/revisions\/30805"}],"wp:featuredmedia":[{"embeddable":true,"href":"https:\/\/www.sportchaco.com.ar\/index.php?rest_route=\/wp\/v2\/media\/30803"}],"wp:attachment":[{"href":"https:\/\/www.sportchaco.com.ar\/index.php?rest_route=%2Fwp%2Fv2%2Fmedia&parent=30801"}],"wp:term":[{"taxonomy":"category","embeddable":true,"href":"https:\/\/www.sportchaco.com.ar\/index.php?rest_route=%2Fwp%2Fv2%2Fcategories&post=30801"},{"taxonomy":"post_tag","embeddable":true,"href":"https:\/\/www.sportchaco.com.ar\/index.php?rest_route=%2Fwp%2Fv2%2Ftags&post=30801"}],"curies":[{"name":"wp","href":"https:\/\/api.w.org\/{rel}","templated":true}]}}