{"id":30806,"date":"2026-01-02T11:14:55","date_gmt":"2026-01-02T14:14:55","guid":{"rendered":"https:\/\/www.sportchaco.com.ar\/?p=30806"},"modified":"2026-01-02T20:27:55","modified_gmt":"2026-01-02T23:27:55","slug":"gonzalo-melgarejo-refuerzo-para-for-ever","status":"publish","type":"post","link":"https:\/\/www.sportchaco.com.ar\/?p=30806","title":{"rendered":"Gonzalo Melgarejo refuerzo para For Ever"},"content":{"rendered":"<p><strong>02-01-2026<\/strong><\/p>\n<div class=\"Y3BBE\" data-sfc-cp=\"\" data-hveid=\"CAIQAA\" data-complete=\"true\" data-processed=\"true\"><img loading=\"lazy\" decoding=\"async\" class=\"aligncenter size-large wp-image-20101\" src=\"https:\/\/www.sportchaco.com.ar\/wp-content\/uploads\/2025\/06\/320x50-1-1024x160.gif\" alt=\"\" width=\"1024\" height=\"160\" srcset=\"https:\/\/www.sportchaco.com.ar\/wp-content\/uploads\/2025\/06\/320x50-1-1024x160.gif 1024w, https:\/\/www.sportchaco.com.ar\/wp-content\/uploads\/2025\/06\/320x50-1-300x47.gif 300w, https:\/\/www.sportchaco.com.ar\/wp-content\/uploads\/2025\/06\/320x50-1-768x120.gif 768w\" sizes=\"auto, (max-width: 1024px) 100vw, 1024px\" \/><\/div>\n<div data-sfc-cp=\"\" data-hveid=\"CAIQAA\" data-complete=\"true\" data-processed=\"true\"><\/div>\n<div class=\"Y3BBE\" data-sfc-cp=\"\" data-hveid=\"CAMQAA\" data-complete=\"true\" data-processed=\"true\">Melgarejo, de\u00a0<strong class=\"Yjhzub\" data-complete=\"true\" data-processed=\"true\">24 a\u00f1os<\/strong>\u00a0(nacido el\u00a0<strong class=\"Yjhzub\" data-complete=\"true\" data-processed=\"true\">25 de abril de 2001<\/strong>), se ha consolidado como una figura importante en su equipo debido a su dinamismo y versatilidad en el mediocampo. Comenz\u00f3 su carrera como defensor y marcador de punta, pero se siente m\u00e1s c\u00f3modo en su actual posici\u00f3n de volante.<span class=\"uJ19be notranslate\" data-wiz-uids=\"xAE2jd_n,xAE2jd_o,xAE2jd_p\" data-complete=\"true\" data-processed=\"true\"><span class=\"vKEkVd\" data-animation-atomic=\"\" data-wiz-attrbind=\"class=xAE2jd_n\/TKHnVd;\" data-sae=\"\">\u00a0<\/span><\/span><\/div>\n<div class=\"Fsg96\" data-sfc-cp=\"\" data-complete=\"true\" data-processed=\"true\"><\/div>\n<div class=\"otQkpb\" role=\"heading\" aria-level=\"3\" data-animation-nesting=\"\" data-sfc-cp=\"\" data-processed=\"true\" data-sae=\"\" data-complete=\"true\">Trayectoria y Actualidad<\/div>\n<ul class=\"KsbFXc U6u95\" data-complete=\"true\" data-processed=\"true\">\n<li data-hveid=\"CAUQAA\" data-complete=\"true\" data-sae=\"\"><span class=\"T286Pc\" data-sfc-cp=\"\" data-complete=\"true\"><strong class=\"Yjhzub\" data-complete=\"true\">Club actual<\/strong>:\u00a0<strong class=\"Yjhzub\" data-complete=\"true\">Bartolom\u00e9 Mitre de Posadas<\/strong>, en el Torneo Federal A de Argentina, donde se uni\u00f3 a principios de\u00a0<strong class=\"Yjhzub\" data-complete=\"true\">2025<\/strong>.<\/span><\/li>\n<li data-hveid=\"CAUQAQ\" data-complete=\"true\" data-sae=\"\"><span class=\"T286Pc\" data-sfc-cp=\"\" data-complete=\"true\"><strong class=\"Yjhzub\" data-complete=\"true\">Logros recientes<\/strong>: En la temporada\u00a0<strong class=\"Yjhzub\" data-complete=\"true\">2025<\/strong>, su equipo logr\u00f3 una buena campa\u00f1a en el Federal A y se encuentra entre los cuatro clasificados, superando las expectativas iniciales de evitar el descenso.<\/span><\/li>\n<li data-hveid=\"CAUQAg\" data-complete=\"true\" data-sae=\"\"><span class=\"T286Pc\" data-sfc-cp=\"\" data-complete=\"true\"><strong class=\"Yjhzub\" data-complete=\"true\">Clubes anteriores<\/strong>: Jug\u00f3 para\u00a0<strong class=\"Yjhzub\" data-complete=\"true\">Independiente de Chivilcoy<\/strong>\u00a0en\u00a0<strong class=\"Yjhzub\" data-complete=\"true\">2024<\/strong>, donde debut\u00f3 en la Copa Argentina enfrentando a San Lorenzo, y anteriormente form\u00f3 parte de\u00a0<strong class=\"Yjhzub\" data-complete=\"true\">Crucero del Norte<\/strong>.<\/span><\/li>\n<li data-hveid=\"CAUQAw\" data-complete=\"true\" data-sae=\"\"><\/li>\n<li data-hveid=\"CAUQAw\" data-complete=\"true\" data-sae=\"\"><img decoding=\"async\" src=\"https:\/\/www.fm893.com.ar\/wp-content\/uploads\/2025\/06\/gonzalo-melgarejo-mitre-.jpg\" \/><\/li>\n<\/ul>\n<p>A fuerza de grandes actuaciones en todos sus partidos,<strong>\u00a0Gonzalo Melgarejo<\/strong>\u00a0se transform\u00f3 en una figura inamovible en el 11 titular de\u00a0<strong>Bartolom\u00e9 Mitre<\/strong>\u00a0 en el torneo Federal A.<\/p>\n<p>Una muestra de lo completo que es Melgarejo en <span style=\"color: #000000;\"><strong><a style=\"color: #000000;\" href=\"https:\/\/www.primeraedicion.com.ar\/nota\/101011575\/mitre-consiguio-un-triunfazo-en-corrientes\/\">la victoria de Mitre sobre Boca Unidos en Corrientes,\u00a0<\/a><\/strong>donde el \u20187\u2019 marc\u00f3 un golazo de tiro libre.<\/span><\/p>\n<p><span style=\"color: #000000;\">En comunicaci\u00f3n con\u00a0<a style=\"color: #000000;\" href=\"https:\/\/www.fm893.com.ar\/\"><strong>\u201cLa Hora Deportiva\u201d por la FM 89.3<\/strong><\/a>, el \u201ctodoterreno\u201d iguazuense expres\u00f3 que<strong>\u00a0\u201choy creo que me encuentro en un gran momento\u201d,<\/strong>\u00a0a diferencia de lo que fue su paso por Crucero del Norte (donde debut\u00f3 en primera) e Independiente de Chivilcoy.<\/span><\/p>\n<p><span style=\"color: #000000;\">Coment\u00f3 que si bien arranc\u00f3 su carrera jugando \u2018de 3\u2019,\u00a0<strong>\u201cmi posici\u00f3n natural es de volante por izquierda\u201d<\/strong>, dijo. El puesto \u201cimplica mucho desgaste f\u00edsico, pero (con Esquivel) estamos preparados para eso, para aportar lo que nos pide el cuerpo t\u00e9cnico\u201d, sum\u00f3.<\/span><\/p>\n<p><span style=\"color: #000000;\"><strong>Sobre el presente de Mitre en el Federal A, confi\u00f3 que \u201cestamos haciendo una buena campa\u00f1a<\/strong>, cost\u00f3 mucho llegar hasta el Federal, fue un torneo dur\u00edsimo el Regional,<strong>\u00a0hay que disfrutar y obviamente aprovechar las oportunidades\u201d,<\/strong>\u00a0apunt\u00f3 el salido del club Tacuar\u00ed de Iguaz\u00fa.<\/span><\/p>\n<p><span style=\"color: #000000;\">Destac\u00f3 adem\u00e1s\u00a0<strong>la sinergia del grupo de jugadores, entre experimentados y j\u00f3venes del club, la base que logr\u00f3 el ascenso y los que se sumaron\u00a0 para el Federal A<\/strong>. \u201cHay que aprovechar eso\u201d, expres\u00f3.<\/span><\/p>\n<p><span style=\"color: #000000;\">Asimismo, a pesar de la falta de \u201cpiezas fundamentales\u201d como Leo Morales y Richard Rodr\u00edguez, en estos \u00faltimos partidos, Melgarejo afirm\u00f3 que\u00a0<strong>\u201c<\/strong><strong>todos los jugadores que est\u00e1n en el plantel creo que est\u00e1n preparados y aptos para poder cumplir esa funci\u00f3n cuando le toque<\/strong>\u00a0y creo que, al que le toc\u00f3, le est\u00e1 haciendo de la mejor manera\u201d.\u00a0<\/span><\/p>\n<h4><span style=\"color: #000000;\"><strong>Ofertas no faltan\u00a0<\/strong><\/span><\/h4>\n<p><span style=\"color: #000000;\"><strong>Las buenas actuaciones del volante misionero despertaron sondeos de otros clubes importantes,<\/strong>\u00a0hasta trascendi\u00f3 que ya fue contactado por un club de primera divisi\u00f3n de AFA.<\/span><\/p>\n<p><span style=\"color: #000000;\">En ese sentido, e<strong>l joven mediocampista fue cauto y dijo que analizar\u00e1 las ofertas a fin de a\u00f1o,<\/strong>\u00a0hoy se debe a Mitre. \u201cPor ahora estoy c\u00f3modo y contento ac\u00e1, lo que vendr\u00e1, se ver\u00e1 a fin de a\u00f1o<strong>. Mi cabeza hoy est\u00e1 en Mitre y quiero tratar de aprovechar la oportunidad y la confianza que me dan mis compa\u00f1eros, el club, el cuerpo t\u00e9cnico\u201d<\/strong>, cerr\u00f3.<\/span><\/p>\n<p><span style=\"color: #000000;\">La entrada\u00a0<a style=\"color: #000000;\" href=\"https:\/\/www.primeraedicion.com.ar\/nota\/101011947\/gonza-melgarejo-el-todoterreno-de-mitre-con-un-presente-de-ensueno\/\">Gonza Melgarejo, el \u201ctodoterreno\u201d de Mitre, con un presente de ensue\u00f1o<\/a>\u00a0se public\u00f3 primero en\u00a0<a style=\"color: #000000;\" href=\"https:\/\/www.primeraedicion.com.ar\/\">Primera Edici\u00f3n<\/a>.<\/span><\/p>\n<p><img loading=\"lazy\" decoding=\"async\" class=\"aligncenter size-large wp-image-20149\" src=\"https:\/\/www.sportchaco.com.ar\/wp-content\/uploads\/2025\/06\/Chaco-sin-fuego-1080x1350-3-819x1024.gif\" alt=\"\" width=\"819\" height=\"1024\" srcset=\"https:\/\/www.sportchaco.com.ar\/wp-content\/uploads\/2025\/06\/Chaco-sin-fuego-1080x1350-3-819x1024.gif 819w, https:\/\/www.sportchaco.com.ar\/wp-content\/uploads\/2025\/06\/Chaco-sin-fuego-1080x1350-3-240x300.gif 240w, https:\/\/www.sportchaco.com.ar\/wp-content\/uploads\/2025\/06\/Chaco-sin-fuego-1080x1350-3-768x960.gif 768w, https:\/\/www.sportchaco.com.ar\/wp-content\/uploads\/2025\/06\/Chaco-sin-fuego-1080x1350-3-1229x1536.gif 1229w, https:\/\/www.sportchaco.com.ar\/wp-content\/uploads\/2025\/06\/Chaco-sin-fuego-1080x1350-3-1638x2048.gif 1638w\" sizes=\"auto, (max-width: 819px) 100vw, 819px\" \/><\/p>\n","protected":false},"excerpt":{"rendered":"<p>02-01-2026 Melgarejo, de\u00a024 a\u00f1os\u00a0(nacido el\u00a025 de abril de 2001), se ha consolidado como una figura importante en su equipo debido a su dinamismo y versatilidad en el mediocampo. Comenz\u00f3 su carrera como defensor y marcador de punta, pero se siente m\u00e1s c\u00f3modo en su actual posici\u00f3n de volante.\u00a0 Trayectoria y Actualidad Club actual:\u00a0Bartolom\u00e9 Mitre de &hellip;<\/p>\n","protected":false},"author":2,"featured_media":30807,"comment_status":"open","ping_status":"open","sticky":false,"template":"","format":"standard","meta":{"footnotes":""},"categories":[5],"tags":[],"class_list":["post-30806","post","type-post","status-publish","format-standard","has-post-thumbnail","hentry","category-futbol"],"_links":{"self":[{"href":"https:\/\/www.sportchaco.com.ar\/index.php?rest_route=\/wp\/v2\/posts\/30806","targetHints":{"allow":["GET"]}}],"collection":[{"href":"https:\/\/www.sportchaco.com.ar\/index.php?rest_route=\/wp\/v2\/posts"}],"about":[{"href":"https:\/\/www.sportchaco.com.ar\/index.php?rest_route=\/wp\/v2\/types\/post"}],"author":[{"embeddable":true,"href":"https:\/\/www.sportchaco.com.ar\/index.php?rest_route=\/wp\/v2\/users\/2"}],"replies":[{"embeddable":true,"href":"https:\/\/www.sportchaco.com.ar\/index.php?rest_route=%2Fwp%2Fv2%2Fcomments&post=30806"}],"version-history":[{"count":3,"href":"https:\/\/www.sportchaco.com.ar\/index.php?rest_route=\/wp\/v2\/posts\/30806\/revisions"}],"predecessor-version":[{"id":30825,"href":"https:\/\/www.sportchaco.com.ar\/index.php?rest_route=\/wp\/v2\/posts\/30806\/revisions\/30825"}],"wp:featuredmedia":[{"embeddable":true,"href":"https:\/\/www.sportchaco.com.ar\/index.php?rest_route=\/wp\/v2\/media\/30807"}],"wp:attachment":[{"href":"https:\/\/www.sportchaco.com.ar\/index.php?rest_route=%2Fwp%2Fv2%2Fmedia&parent=30806"}],"wp:term":[{"taxonomy":"category","embeddable":true,"href":"https:\/\/www.sportchaco.com.ar\/index.php?rest_route=%2Fwp%2Fv2%2Fcategories&post=30806"},{"taxonomy":"post_tag","embeddable":true,"href":"https:\/\/www.sportchaco.com.ar\/index.php?rest_route=%2Fwp%2Fv2%2Ftags&post=30806"}],"curies":[{"name":"wp","href":"https:\/\/api.w.org\/{rel}","templated":true}]}}