{"id":30809,"date":"2026-01-02T19:35:10","date_gmt":"2026-01-02T22:35:10","guid":{"rendered":"https:\/\/www.sportchaco.com.ar\/?p=30809"},"modified":"2026-01-02T20:10:57","modified_gmt":"2026-01-02T23:10:57","slug":"sabado-y-domingo-de-futbol-para-los-chaquenos","status":"publish","type":"post","link":"https:\/\/www.sportchaco.com.ar\/?p=30809","title":{"rendered":"S\u00e1bado y domingo de f\u00fatbol para los chaque\u00f1os"},"content":{"rendered":"<p style=\"padding-left: 40px;\"><strong>02-01-2026<\/strong><\/p>\n<p><img loading=\"lazy\" decoding=\"async\" class=\"aligncenter size-full wp-image-20491\" src=\"https:\/\/www.sportchaco.com.ar\/wp-content\/uploads\/2025\/06\/PARQUE-SOLAR_720x90-01.gif\" alt=\"\" width=\"720\" height=\"90\" \/><\/p>\n<p>Este s\u00e1bado y domingo habr\u00e1 actividad por la tercera ronda de la Regi\u00f3n Litoral Norte del Regional Amateur. Los tres equipos chaque\u00f1os afrontar\u00e1n los partidos de Ida.<\/p>\n<p>El primer encuentro ir\u00e1 este 3 de enero en Castelli donde se cruzar\u00e1n Cultural y Fontana. Estos equipos vienen de eliminar a Policiales de Resistencia y Uni\u00f3n de Machagai, respectivamente. El mismo ir\u00e1 desde las 17:15 horas y contar\u00e1 con el arbitraje del bre\u00f1ense D\u00edaz Doro\u00f1uk.<\/p>\n<p>El turno de Defensores ser\u00e1 el 4 de enero desde las 17 horas cuando visite a 8 de Diciembre en Formosa con el posade\u00f1o Franco Rioja de juez principal. El equipo chaque\u00f1o, en la ronda anterior, elimin\u00f3 a Comercio de Santa Sylvina y los formose\u00f1os\u00a0 a Defensores del Rosario.<\/p>\n<p>Adem\u00e1s, ese domingo por la misma zona jugar\u00e1n Estudio Galeano y Guaran\u00ed Antonio Franco, en el duelo de equipos de Posadas, y San Lorenzo de Monte Caseros con Mandiy\u00fa de Corrientes.<\/p>\n<p><strong>REGI\u00d3N LITORAL NORTE<\/strong><br \/>\n<strong>TERCERA RONDA<br \/>\nS\u00e1bado 03-01-25<\/strong><br \/>\n<em>B.<\/em> A las 17:15, Cultural de Castelli &#8211; Fontana<br \/>\n<strong>\u00c1rbitro:<\/strong> Leandro D\u00edaz Doro\u00f1uk. <strong>Asistentes:<\/strong> Diego De Jes\u00fas y Juan Gonz\u00e1lez Gamarra. <strong>Cuarto \u00e1rbitro:<\/strong> Gonzalo Amaya (todos de Las Bre\u00f1as)<\/p>\n<p><strong>Domingo 04-01-25<\/strong><br \/>\n<em>A.<\/em> A las 17, 8 de Diciembre de Formosa &#8211; Defensores de Vilelas<br \/>\n<strong>\u00c1rbitro:<\/strong> Franco Rioja. <strong>Asistentes:<\/strong> Lucas Su\u00e1rez y Jos\u00e9 Cappelli. <strong>Cuarto \u00e1rbitro:<\/strong> Harold Lemos Mu\u00f1oz (todos de Posadas)<br \/>\n<em>D.<\/em> A las 17, Estudio Galeano de Posadas &#8211; Guaran\u00ed Antonio Franco de Posadas<em><br \/>\nC.<\/em> A las 20, San Lorenzo de Monte Caseros &#8211; Mandiy\u00fa de Corrientes<em><br \/>\n<\/em><\/p>\n<p><strong>CUARTA RONDA<br \/>\n<u>Ida:<\/u>\u00a018 de enero de 2026<\/strong><br \/>\n<strong><u>Vuelta:<\/u>\u00a025 de enero de 2026<\/strong><br \/>\n1. Ganador de A \u2013 Ganador de B\u00a0<em>(L)<\/em><br \/>\n2. Ganador de D \u2013 Ganador de C\u00a0<em>(L)<br \/>\n<\/em><em>(L) Hacen de local en el primer partido<\/em><\/p>\n<p><strong>QUINTA RONDA<br \/>\n<u>Ida:<\/u>\u00a01 de febrero de 2026<\/strong><br \/>\n<strong><u>Vuelta:<\/u>\u00a08 de febrero de 2026<\/strong><br \/>\n<strong>FINAL DE REGI\u00d3N<br \/>\n<\/strong>Ganador de 1 \u2013 Ganador de 2\u00a0<em>(L)<br \/>\n<\/em><em>(L) Hace de local en el primer partido<\/em><\/p>\n<p><img loading=\"lazy\" decoding=\"async\" class=\"aligncenter size-large wp-image-21792\" src=\"https:\/\/www.sportchaco.com.ar\/wp-content\/uploads\/2025\/07\/Banners-creditos-otorgados-al-campo_300x600-1-512x1024.gif\" sizes=\"auto, (max-width: 512px) 100vw, 512px\" srcset=\"https:\/\/www.sportchaco.com.ar\/wp-content\/uploads\/2025\/07\/Banners-creditos-otorgados-al-campo_300x600-1-512x1024.gif 512w, https:\/\/www.sportchaco.com.ar\/wp-content\/uploads\/2025\/07\/Banners-creditos-otorgados-al-campo_300x600-1-150x300.gif 150w\" alt=\"\" width=\"512\" height=\"1024\" \/><\/p>\n","protected":false},"excerpt":{"rendered":"<p>02-01-2026 Este s\u00e1bado y domingo habr\u00e1 actividad por la tercera ronda de la Regi\u00f3n Litoral Norte del Regional Amateur. Los tres equipos chaque\u00f1os afrontar\u00e1n los partidos de Ida. El primer encuentro ir\u00e1 este 3 de enero en Castelli donde se cruzar\u00e1n Cultural y Fontana. Estos equipos vienen de eliminar a Policiales de Resistencia y Uni\u00f3n &hellip;<\/p>\n","protected":false},"author":3,"featured_media":29037,"comment_status":"open","ping_status":"open","sticky":false,"template":"","format":"standard","meta":{"footnotes":""},"categories":[5],"tags":[],"class_list":["post-30809","post","type-post","status-publish","format-standard","has-post-thumbnail","hentry","category-futbol"],"_links":{"self":[{"href":"https:\/\/www.sportchaco.com.ar\/index.php?rest_route=\/wp\/v2\/posts\/30809","targetHints":{"allow":["GET"]}}],"collection":[{"href":"https:\/\/www.sportchaco.com.ar\/index.php?rest_route=\/wp\/v2\/posts"}],"about":[{"href":"https:\/\/www.sportchaco.com.ar\/index.php?rest_route=\/wp\/v2\/types\/post"}],"author":[{"embeddable":true,"href":"https:\/\/www.sportchaco.com.ar\/index.php?rest_route=\/wp\/v2\/users\/3"}],"replies":[{"embeddable":true,"href":"https:\/\/www.sportchaco.com.ar\/index.php?rest_route=%2Fwp%2Fv2%2Fcomments&post=30809"}],"version-history":[{"count":4,"href":"https:\/\/www.sportchaco.com.ar\/index.php?rest_route=\/wp\/v2\/posts\/30809\/revisions"}],"predecessor-version":[{"id":30819,"href":"https:\/\/www.sportchaco.com.ar\/index.php?rest_route=\/wp\/v2\/posts\/30809\/revisions\/30819"}],"wp:featuredmedia":[{"embeddable":true,"href":"https:\/\/www.sportchaco.com.ar\/index.php?rest_route=\/wp\/v2\/media\/29037"}],"wp:attachment":[{"href":"https:\/\/www.sportchaco.com.ar\/index.php?rest_route=%2Fwp%2Fv2%2Fmedia&parent=30809"}],"wp:term":[{"taxonomy":"category","embeddable":true,"href":"https:\/\/www.sportchaco.com.ar\/index.php?rest_route=%2Fwp%2Fv2%2Fcategories&post=30809"},{"taxonomy":"post_tag","embeddable":true,"href":"https:\/\/www.sportchaco.com.ar\/index.php?rest_route=%2Fwp%2Fv2%2Ftags&post=30809"}],"curies":[{"name":"wp","href":"https:\/\/api.w.org\/{rel}","templated":true}]}}