{"id":30879,"date":"2026-01-04T23:15:02","date_gmt":"2026-01-05T02:15:02","guid":{"rendered":"https:\/\/www.sportchaco.com.ar\/?p=30879"},"modified":"2026-01-05T11:04:03","modified_gmt":"2026-01-05T14:04:03","slug":"efemerides-del-5-de-enero-3","status":"publish","type":"post","link":"https:\/\/www.sportchaco.com.ar\/?p=30879","title":{"rendered":"Efem\u00e9rides del 5 de enero"},"content":{"rendered":"<div class=\"container fullwidth-entry-title-wrapper\">\n<div class=\"container-wrapper fullwidth-entry-title\">\n<header class=\"entry-header-outer\">\n<div class=\"entry-header\"><\/div>\n<\/header>\n<\/div>\n<\/div>\n<div id=\"content\" class=\"site-content container\">\n<div id=\"main-content-row\" class=\"tie-row main-content-row\">\n<div class=\"main-content tie-col-md-8 tie-col-xs-12\" role=\"main\">\n<article id=\"the-post\" class=\"container-wrapper post-content tie-standard\">\n<div class=\"entry-content entry clearfix\">\n<div id=\"wpadminbar\" class=\"nojq mobile\">\n<div id=\"wp-toolbar\" class=\"quicklinks\" role=\"navigation\" aria-label=\"Barra de herramientas\">\n<ul id=\"wp-admin-bar-root-default\" class=\"ab-top-menu\" role=\"menu\">\n<li id=\"wp-admin-bar-site-name\" class=\"menupop\" role=\"group\"><\/li>\n<\/ul>\n<\/div>\n<\/div>\n<div class=\"background-overlay\">\n<div id=\"tie-container\" class=\"site tie-container\">\n<div id=\"tie-wrapper\">\n<header id=\"theme-header\" class=\"theme-header header-layout-3 main-nav-dark main-nav-default-dark main-nav-below main-nav-boxed no-stream-item top-nav-active top-nav-dark top-nav-default-dark top-nav-boxed top-nav-below top-nav-below-main-nav has-shadow has-normal-width-logo mobile-header-default\">\n<div class=\"container header-container\">\n<div class=\"tie-row logo-row\">\n<div class=\"logo-wrapper\">\n<div class=\"tie-col-md-4 logo-container clearfix\">\n<div id=\"logo\" class=\"image-logo\"><\/div>\n<\/div>\n<\/div>\n<\/div>\n<\/div>\n<nav id=\"top-nav\" class=\"has-breaking-components top-nav header-nav has-breaking-news\" aria-label=\"Men\u00fa de Navegaci\u00f3n secundario\">\n<div class=\"container\">\n<div class=\"topbar-wrapper\">\n<div class=\"tie-alignleft\">\n<div class=\"breaking controls-is-active\">\n<div id=\"ticker-wrapper-1736048250950\" class=\"ticker-wrapper has-js ticker-dir-left\">\n<div id=\"ticker-1736048250950\" class=\"ticker\">\n<div id=\"ticker-swipe-1736048250950\" class=\"ticker-swipe\"><\/div>\n<\/div>\n<\/div>\n<\/div>\n<\/div>\n<div class=\"tie-alignright\"><\/div>\n<\/div>\n<\/div>\n<\/nav>\n<\/header>\n<div class=\"container fullwidth-entry-title-wrapper\">\n<div class=\"container-wrapper fullwidth-entry-title\">\n<header class=\"entry-header-outer\">\n<nav id=\"breadcrumb\"><a href=\"https:\/\/www.sportchaco.com.ar\/\">\u00a0<\/a><\/nav>\n<\/header>\n<\/div>\n<\/div>\n<div id=\"content\" class=\"site-content container\">\n<div id=\"main-content-row\" class=\"tie-row main-content-row\">\n<div class=\"main-content tie-col-md-8 tie-col-xs-12\" role=\"main\">\n<article id=\"the-post\" class=\"container-wrapper post-content tie-standard\">\n<div class=\"featured-area\">\n<div class=\"featured-area-inner\"><\/div>\n<\/div>\n<div class=\"entry-content entry clearfix\">\n<h5><strong>Esta es la Efem\u00e9rides del Deporte en el Chaco de un 5 de enero del periodista Luis Dar\u00edo Molodezky<\/strong><\/h5>\n<p>&nbsp;<\/p>\n<p><img loading=\"lazy\" decoding=\"async\" class=\"alignnone size-medium wp-image-30665 aligncenter\" src=\"https:\/\/www.sportchaco.com.ar\/wp-content\/uploads\/2025\/12\/Luis-ago-25-1-300x208.jpg\" alt=\"\" width=\"300\" height=\"208\" srcset=\"https:\/\/www.sportchaco.com.ar\/wp-content\/uploads\/2025\/12\/Luis-ago-25-1-300x208.jpg 300w, https:\/\/www.sportchaco.com.ar\/wp-content\/uploads\/2025\/12\/Luis-ago-25-1-1024x710.jpg 1024w, https:\/\/www.sportchaco.com.ar\/wp-content\/uploads\/2025\/12\/Luis-ago-25-1-768x532.jpg 768w, https:\/\/www.sportchaco.com.ar\/wp-content\/uploads\/2025\/12\/Luis-ago-25-1-1536x1065.jpg 1536w, https:\/\/www.sportchaco.com.ar\/wp-content\/uploads\/2025\/12\/Luis-ago-25-1.jpg 1600w\" sizes=\"auto, (max-width: 300px) 100vw, 300px\" \/><\/p>\n<p>&nbsp;<\/p>\n<p><strong>1922 \/ <\/strong>Se conforma la Asociaci\u00f3n Amateur de Foot Ball integrada por C. A. Sportivo Tirol F. C., 13 Unidos, C. A. Tiro y Gimnasia; ingresando posteriormente Empleados de Bancos, Coronel Avalos Foot-Ball Club, Hurac\u00e1n, Independiente y Regional. En abril pasar\u00e1 a llamarse Liga Amateur de Foo Ball, y el f\u00fatbol capitalino tendr\u00e1 dos ligas: la Chaque\u00f1a y la Amateur. A partir de ese momento, como consecuencia de las circunstancias, Sarmiento jugar\u00e1 en la Liga Chaque\u00f1a afiliada a la Liga Argentina; en tanto su tradicional adversario, Chaco For Ever, lo har\u00eda en la Liga Amateur, afiliada a nivel nacional al ente del mismo nombre.<\/p>\n<p>&nbsp;<\/p>\n<p><strong>1928 \/\u00a0<\/strong>Nace en Resistencia Elger Poelo Alarc\u00f3n, goleador implacable que se inci\u00f3 en Sarmiento, paseando su f\u00fatbol Por Newell\u2019s y Tiro Federal de Rosario, en Colombia, Brasil (jug\u00f3 en botafogo con Garrincha, Didi y Valentim). Con solo 30 a\u00f1os colg\u00f3 los botines en el club de sus amores.<\/p>\n<p><strong>1955\u00a0<\/strong>\/ Am\u00e9rica Irama\u00edn, se constituye en la primera mujer en ejercer el referato en el b\u00e1squetbol chaque\u00f1o, al dirigir en Puerto Tirol un importante cotejo entre equipos del ascenso.<\/p>\n<p><strong>1980\u00a0<\/strong>\/ Los jugadores de CACU de Campo Largo Andr\u00e9s Minor y Roque G\u00f3mez son transferidos a Tigre de Victoria, equipo recientemente ascendido a la Primera A de la AFA. G\u00f3mez fue cotizado en 7 millones, mientras que Minor fue canjeado por un colectivo en buenas condiciones pintado con los colores de CACU.<\/p>\n<p><strong>1986\u00a0<\/strong>\/ En el Complejo Deportivo de Hind\u00fa en la Ruta Nicol\u00e1s Avellaneda, se pone en marcha el programa nacional \u201cDeporte Con Todos\u201d. Presidi\u00f3 el acto el intendente de Resistencia Hern\u00e1n Piccilli.<\/p>\n<p><strong>1987\u00a0<\/strong>\/ Presenta For Ever una nueva edici\u00f3n de su tradicional revista, dirigida por el periodista Pablo Alberto Mensi.&#8217;<\/p>\n<p><img loading=\"lazy\" decoding=\"async\" class=\" wp-image-30884 alignleft\" src=\"https:\/\/www.sportchaco.com.ar\/wp-content\/uploads\/2026\/01\/WhatsApp-Image-2026-01-04-at-12.12.57-239x300.jpeg\" alt=\"\" width=\"296\" height=\"372\" srcset=\"https:\/\/www.sportchaco.com.ar\/wp-content\/uploads\/2026\/01\/WhatsApp-Image-2026-01-04-at-12.12.57-239x300.jpeg 239w, https:\/\/www.sportchaco.com.ar\/wp-content\/uploads\/2026\/01\/WhatsApp-Image-2026-01-04-at-12.12.57-815x1024.jpeg 815w, https:\/\/www.sportchaco.com.ar\/wp-content\/uploads\/2026\/01\/WhatsApp-Image-2026-01-04-at-12.12.57-768x965.jpeg 768w, https:\/\/www.sportchaco.com.ar\/wp-content\/uploads\/2026\/01\/WhatsApp-Image-2026-01-04-at-12.12.57.jpeg 1092w\" sizes=\"auto, (max-width: 296px) 100vw, 296px\" \/><\/p>\n<p>&nbsp;<\/p>\n<p style=\"text-align: center;\"><img loading=\"lazy\" decoding=\"async\" class=\"alignnone wp-image-30883\" src=\"https:\/\/www.sportchaco.com.ar\/wp-content\/uploads\/2026\/01\/Revista-FE-87-tapa-1-224x300.jpeg\" alt=\"\" width=\"264\" height=\"354\" \/><\/p>\n<p>&nbsp;<\/p>\n<p>&nbsp;<\/p>\n<p><strong>1997\u00a0<\/strong>\/ Fecha de fundaci\u00f3n de lo que luego ser\u00eda la Asociaci\u00f3n Ciclista Leo Parzianello, cuando se disputaba el \u201ccampeonato de verano\u201d. Las pr\u00e1cticas y competencias se hac\u00edan en \u201cLa media luna loca\u201d del Aeropuerto Internacional. Dentro del mismo predio se inaugura un circuito denominado Leo Parzianello. El 29 de setiembre obtiene la personer\u00eda jur\u00eddica bajo el nombre definitivo del legendario dirigente venido desde Italia a Resistencia.<\/p>\n<p><strong>2022 \/<\/strong> Fallece H\u00e9ctor \u201cTronquito\u201d Gamarra. \u00a0Hab\u00eda nacido en Barranqueras el 12 de marzo de 1930. Se inicio en la cuna futbolera de Villa Concepci\u00f3n, semilla de Don Orione. All\u00ed jug\u00f3 hasta que lo adquiera el Club Santa Mar\u00eda de Oro. Es convocado por la Liga Chaque\u00f1a y su categor\u00eda llega a o\u00eddos de dirigentes de River. Tras un paso por Newell\u2019s, jug\u00f3 en Chile y Colombia, regresando al Chaco para jugar en Sarmiento. Como t\u00e9cnico se luci\u00f3 en el \u201866, dirige a Chaco For Ever en aqu\u00e9l recordado regional que le permitir\u00e1 jugar al \u201calbinegro\u201d el primer Torneo Nacional de la AFA. A partir del 70 para dirigi\u00f3, los planteles de Chaco For Ever, Don Orione, Sarmiento, Central Norte, Mandiy\u00fa, V\u00e9lez Sarsfield, etc. Con ellos, obtendr\u00e1 varios campeonatos.<\/p>\n<p>&nbsp;<\/p>\n<p><img decoding=\"async\" class=\"aligncenter\" src=\"https:\/\/www.sportchaco.com.ar\/wp-content\/uploads\/2026\/01\/Tronquito-Gamarra-90.jpg\" \/><\/p>\n<h3><strong>\u00a0Foto de H\u00e9ctor \u00abTronquito\u00bb\u00a0<\/strong><\/h3>\n<\/div>\n<\/article>\n<\/div>\n<\/div>\n<\/div>\n<\/div>\n<\/div>\n<\/div>\n<\/div>\n<\/article>\n<\/div>\n<\/div>\n<\/div>\n","protected":false},"excerpt":{"rendered":"<p>\u00a0 Esta es la Efem\u00e9rides del Deporte en el Chaco de un 5 de enero del periodista Luis Dar\u00edo Molodezky &nbsp; &nbsp; 1922 \/ Se conforma la Asociaci\u00f3n Amateur de Foot Ball integrada por C. A. Sportivo Tirol F. C., 13 Unidos, C. A. Tiro y Gimnasia; ingresando posteriormente Empleados de Bancos, Coronel Avalos Foot-Ball &hellip;<\/p>\n","protected":false},"author":2,"featured_media":30921,"comment_status":"open","ping_status":"open","sticky":false,"template":"","format":"standard","meta":{"footnotes":""},"categories":[45,31],"tags":[],"class_list":["post-30879","post","type-post","status-publish","format-standard","has-post-thumbnail","hentry","category-efemerides-dia-por-dia","category-enero"],"_links":{"self":[{"href":"https:\/\/www.sportchaco.com.ar\/index.php?rest_route=\/wp\/v2\/posts\/30879","targetHints":{"allow":["GET"]}}],"collection":[{"href":"https:\/\/www.sportchaco.com.ar\/index.php?rest_route=\/wp\/v2\/posts"}],"about":[{"href":"https:\/\/www.sportchaco.com.ar\/index.php?rest_route=\/wp\/v2\/types\/post"}],"author":[{"embeddable":true,"href":"https:\/\/www.sportchaco.com.ar\/index.php?rest_route=\/wp\/v2\/users\/2"}],"replies":[{"embeddable":true,"href":"https:\/\/www.sportchaco.com.ar\/index.php?rest_route=%2Fwp%2Fv2%2Fcomments&post=30879"}],"version-history":[{"count":4,"href":"https:\/\/www.sportchaco.com.ar\/index.php?rest_route=\/wp\/v2\/posts\/30879\/revisions"}],"predecessor-version":[{"id":30887,"href":"https:\/\/www.sportchaco.com.ar\/index.php?rest_route=\/wp\/v2\/posts\/30879\/revisions\/30887"}],"wp:featuredmedia":[{"embeddable":true,"href":"https:\/\/www.sportchaco.com.ar\/index.php?rest_route=\/wp\/v2\/media\/30921"}],"wp:attachment":[{"href":"https:\/\/www.sportchaco.com.ar\/index.php?rest_route=%2Fwp%2Fv2%2Fmedia&parent=30879"}],"wp:term":[{"taxonomy":"category","embeddable":true,"href":"https:\/\/www.sportchaco.com.ar\/index.php?rest_route=%2Fwp%2Fv2%2Fcategories&post=30879"},{"taxonomy":"post_tag","embeddable":true,"href":"https:\/\/www.sportchaco.com.ar\/index.php?rest_route=%2Fwp%2Fv2%2Ftags&post=30879"}],"curies":[{"name":"wp","href":"https:\/\/api.w.org\/{rel}","templated":true}]}}