{"id":30889,"date":"2026-01-04T12:26:28","date_gmt":"2026-01-04T15:26:28","guid":{"rendered":"https:\/\/www.sportchaco.com.ar\/?p=30889"},"modified":"2026-01-04T15:47:50","modified_gmt":"2026-01-04T18:47:50","slug":"siri-cuando-la-liga-federal-de-basquet-nacio-para-que-juegue-el-que-quiere-no-el-que-puede","status":"publish","type":"post","link":"https:\/\/www.sportchaco.com.ar\/?p=30889","title":{"rendered":"Siri: La Liga Federal de B\u00e1squet naci\u00f3 para que juegue el que quiere, no el que puede"},"content":{"rendered":"<header class=\"with-person\">\n<h1><\/h1>\n<div>\n<p>4 de Enero, 2026<\/p>\n<p>&nbsp;<\/p>\n<h5>El actual presidente de Villa San Mart\u00edn Ricardo Manuel Siri -uno de los dirigentes que impuls\u00f3 la creaci\u00f3n del torneo- reconstruye el proceso que dio origen a la competencia y la filosof\u00eda amateur y federal que la sostuvo en sus primeros a\u00f1os: regionalizaci\u00f3n, m\u00e9rito deportivo y formaci\u00f3n como ejes centrales.<\/h5>\n<\/div>\n<\/header>\n<section class=\"body\">\n<section class=\"content\">\n<div class=\"main-text\">\n<div class=\"social\">\n<div class=\"share\"><\/div>\n<\/div>\n<figure>\n<figure><picture><img loading=\"lazy\" decoding=\"async\" src=\"https:\/\/www.diarionorte.com\/content\/bucket\/1\/422521w80h80c.jpg.webp\" alt=\"\" width=\"80\" height=\"80\" \/> Por Guillermo Koster <\/picture>\u00a0(GENTILEZA)<\/figure>\n<\/figure>\n<p><strong>Ricardo Siri no habla desde la tribuna. Habla desde la cocina del b\u00e1squet argentino.<\/strong>\u00a0Durante casi diez a\u00f1os fue dirigente de la\u00a0<strong>Confederaci\u00f3n Argentina de B\u00e1squetbol (CABB)<\/strong>, lleg\u00f3 como delegado cuando presid\u00eda la Federaci\u00f3n Chaque\u00f1a, fue vicepresidente desde 2006 y durante 60 d\u00edas ocup\u00f3 la presidencia de la entidad. Desde ese recorrido, fue uno de los responsables directos del nacimiento de la<strong>\u00a0Liga Federal de B\u00e1squet.<\/strong><\/p>\n<p>\u00ab<em>El contexto era claro: la Liga B se estaba muriendo<\/em>\u00ab, recuerda. \u00abY agrega:\u00a0<em>\u00abCada vez hab\u00eda menos equipos porque los costos la hab\u00edan vuelto inviable. No le serv\u00eda a nadie, ni a los clubes ni a la Asociaci\u00f3n de Clubes\u00bb<\/em>. En aquel momento, la Asociaci\u00f3n de Clubes (AdC) manejaba la Liga A, el TNA y la Liga B, todas dentro del esquema profesional. La Confederaci\u00f3n, en cambio, concentraba el b\u00e1squet federativo y amateur. All\u00ed apareci\u00f3 la idea que cambiar\u00eda el mapa. \u00ab<em>Nos dijeron que intentemos traer ese campeonato a la Confederaci\u00f3n, sacarlo del \u00e1mbito profesional y organizarlo desde otro lugar<\/em>\u00ab, explica Siri en extenso di\u00e1logo con\u00a0NORTE.<\/p>\n<div class=\" original m_image\">\n<figure><picture><source srcset=\"https:\/\/www.diarionorte.com\/content\/bucket\/2\/442052w480h320c.jpg.webp\" type=\"image\/webp\" media=\"(min-width: 640px)\" \/><source srcset=\"https:\/\/www.diarionorte.com\/content\/bucket\/2\/442052w440h293c.jpg.webp\" type=\"image\/webp\" media=\"(min-width: 300px)\" \/><source srcset=\"https:\/\/www.diarionorte.com\/content\/bucket\/2\/442052w480h320c.jpg\" media=\"(min-width: 300px)\" \/><img loading=\"lazy\" decoding=\"async\" class=\"pic\" src=\"https:\/\/www.diarionorte.com\/content\/bucket\/2\/442052w480h320c.jpg.webp\" alt=\"\" width=\"480\" height=\"320\" \/><\/picture><figcaption>Enrique Tolcachier, Ricardo Siri y Alejandro Cassettai. Lograron con organizaci\u00f3n hacer realidad una competencia compleja. As\u00ed naci\u00f3 en 2011, el Torneo Federal de B\u00e1squet.<\/figcaption><\/figure>\n<\/div>\n<p>El proceso no fue sencillo: demand\u00f3 dos a\u00f1os de negociaciones, debates y construcci\u00f3n de consensos. \u00ab<strong><em>Empezamos a trabajar en el reglamento con Enrique Tolcachier, Alejandro Cassettai y Alejandro Tonelli. Fueron dos a\u00f1os de mucho laburo\u00bb<\/em><\/strong>, remarca. La base conceptual no surgi\u00f3 de la nada: se apoy\u00f3 en una experiencia regional previa, el\u00a0PRONEA (Promocional del Nordeste Argentino), un torneo que Siri hab\u00eda impulsado en el NEA. \u00ab<strong><em>La idea era que el Torneo Federal sea lo m\u00e1s regionalizado posible para evitarles costos a los clubes<\/em><\/strong>\u00ab, se\u00f1ala. As\u00ed se dise\u00f1\u00f3 un formato dividido en diez regiones, con ascensos y descensos propios y una condici\u00f3n central: llegar por m\u00e9rito deportivo. \u00ab<strong><em>El club ten\u00eda que jugar s\u00ed o s\u00ed el torneo local, clasificar al provincial y despu\u00e9s al regional. No hab\u00eda atajos<\/em><\/strong>\u00ab, enfatiza. Ese camino garantizaba que el acceso fuera deportivo y no econ\u00f3mico.<\/p>\n<p>El resultado fue inmediato. \u00ab<em>Arrancamos con 56 equipos de todo el pa\u00eds<\/em>\u00ab, recuerda. Clubes de Misiones, Formosa, el norte y el sur argentino pudieron competir por primera vez en una tercera categor\u00eda nacional con jugadores propios, muchos de ellos juveniles. \u00ab<em>Me acuerdo del caso de Regatas Resistencia, que jug\u00f3 con juveniles. Les dije: si juegan con chicos no tienen gasto de contratos y les sirve para levantar el nivel. Y funcion\u00f3<\/em>\u00ab, cuenta. Para Siri, ese era el esp\u00edritu: formar jugadores y fortalecer clubes.<\/p>\n<div class=\"left medium m_image\">\n<figure><picture><source srcset=\"https:\/\/www.diarionorte.com\/content\/bucket\/1\/442051w380h523c.jpg.webp\" type=\"image\/webp\" media=\"(min-width: 640px)\" \/><source srcset=\"https:\/\/www.diarionorte.com\/content\/bucket\/1\/442051w440h605c.jpg.webp\" type=\"image\/webp\" media=\"(min-width: 300px)\" \/><source srcset=\"https:\/\/www.diarionorte.com\/content\/bucket\/1\/442051w380h523c.jpg\" media=\"(min-width: 300px)\" \/><img loading=\"lazy\" decoding=\"async\" class=\"pic aligncenter\" src=\"https:\/\/www.diarionorte.com\/content\/bucket\/1\/442051w380h523c.jpg.webp\" alt=\"\" width=\"380\" height=\"523\" \/><\/picture><figcaption>Foto hist\u00f3rica publicada por El Gr\u00e1fico, en los inicios de la competencia federal de b\u00e1squet.<\/figcaption><\/figure>\n<\/div>\n<p><strong>Incluso el nombre del torneo fue motivo de debate.<\/strong>\u00a0\u00ab<em>Quer\u00edamos llamarlo Liga Argentina, pero los periodistas de Buenos Aires nos dijeron que se iba a confundir con la Liga Nacional. Ah\u00ed surgi\u00f3 Torneo Federal<\/em>\u00ab, recuerda. \u00ab<strong><em>El Federal fue amateur, formativo y federal. Esa era la filosof\u00eda<\/em><\/strong>\u00ab, resume Siri. Una idea que, seg\u00fan afirma, se cumpli\u00f3 plenamente en sus primeros a\u00f1os.<\/p>\n<p><strong>\u00abEl Torneo Federal perdi\u00f3 su esp\u00edritu\u00bb<\/strong><br \/>\nEl expresidente de la CABB advierte que el Torneo Federal se alej\u00f3 de la filosof\u00eda con la que fue creado. Costos elevados, cambios de formato y p\u00e9rdida del m\u00e9rito deportivo transformaron una competencia amateur en un torneo donde, seg\u00fan sostiene, hoy \u00ab<strong><em>juega el que puede<\/em><\/strong>\u00ab. Ricardo Siri no esquiva definiciones. Y es contundente: \u00ab<strong><em>El Torneo Federal dej\u00f3 de tener el esp\u00edritu por el cual fue creado\u00bb<\/em><\/strong>. Para el actual presidente de Villa San Mart\u00edn (\u00fanico representante chaque\u00f1o que disputa la Liga Argentina de B\u00e1squet), el cambio de filosof\u00eda es evidente y tiene una fecha aproximada.<\/p>\n<p>El Torneo Federal de B\u00e1squetbol fue creado en 2011 cuando la Asociaci\u00f3n de Clubes de B\u00e1squetbol decidi\u00f3 cederle la organizaci\u00f3n de la tercera divisi\u00f3n nacional de este deporte a la Confederaci\u00f3n Argentina de B\u00e1squetbol,\u200b la cual organiz\u00f3 un torneo con 55 equipos. \u00ab<strong><em>Desde 2014 en adelante empezaron a cambiar los formatos y las condiciones<\/em><\/strong>\u00ab, se\u00f1ala. \u00ab<strong><em>Y hoy pasa lo que dec\u00eda Najnudel de la Liga Nacional: juegan los que pueden, no los que quieren. Pero esa frase no era para el Torneo Federal\u00bb.<\/em><\/strong><\/p>\n<p>La comparaci\u00f3n no es casual. Siri recuerda que el b\u00e1squet argentino siempre tuvo dos carriles: el profesional y el amateur. \u00ab<strong><em>El profesional es l\u00f3gico que sea caro, que funcione como franquicia. Pero el Torneo Federal era otra cosa<\/em><\/strong>\u00ab, explica. Hoy, en su visi\u00f3n, el problema central no es la cantidad de equipos sino el modo de acceso. \u00ab<strong><em>El gran error es c\u00f3mo se llega al Torneo Federal. Ya no es por m\u00e9rito deportivo<\/em><\/strong>\u00ab, remarca.<\/p>\n<p>Las exigencias econ\u00f3micas, el armado de planteles con cupos de mayores y la desaparici\u00f3n de los campeonatos regionales rompieron el camino natural. \u00ab<em>No se hacen m\u00e1s regionales como el PRONEA, que eran fant\u00e1sticos, con canchas llenas<\/em>\u00ab, recuerda. A eso se suma la concentraci\u00f3n geogr\u00e1fica. \u00ab<em>El 70 por ciento de los clubes son del Gran Buenos Aires. Eso encarece los viajes y siempre termina beneficiando al que est\u00e1 m\u00e1s cerca<\/em>\u00ab, advierte. El impacto tambi\u00e9n es deportivo. \u00ab<em>Con este formato se est\u00e1n jubilando jugadores de 22 a\u00f1os\u00bb, dice Siri. \u00abLas cinco fichas mayores y la estructura actual no acompa\u00f1an procesos formativos largos\u00bb.\u00a0<\/em><\/p>\n<p>Pese a las cr\u00edticas, no cree que el torneo vaya a desaparecer. \u00ab<em>Va a seguir porque los dirigentes trabajamos por pasi\u00f3n. Los clubes se van a anotar igual, muchas veces sin pensar en las consecuencias econ\u00f3micas<\/em>\u00ab, se\u00f1ala. Sin embargo, plantea una advertencia: \u00ab<em>Despu\u00e9s vienen los problemas, las deudas y las frustraciones<\/em>\u00ab. Por eso insiste en la necesidad de revisar el modelo.<\/p>\n<div class=\" original m_image\">\n<figure><picture><source srcset=\"https:\/\/www.diarionorte.com\/content\/bucket\/8\/442048w571h338c.jpg.webp\" type=\"image\/webp\" media=\"(min-width: 640px)\" \/><source srcset=\"https:\/\/www.diarionorte.com\/content\/bucket\/8\/442048w440h260c.jpg.webp\" type=\"image\/webp\" media=\"(min-width: 300px)\" \/><source srcset=\"https:\/\/www.diarionorte.com\/content\/bucket\/8\/442048w571h338c.jpg\" media=\"(min-width: 300px)\" \/><img loading=\"lazy\" decoding=\"async\" class=\"pic\" src=\"https:\/\/www.diarionorte.com\/content\/bucket\/8\/442048w571h338c.jpg.webp\" alt=\"\" width=\"571\" height=\"338\" \/><\/picture><figcaption>C\u00f3rdoba de Corrientes, primer campe\u00f3n del Pronea en 1995, torneo que se jug\u00f3 en la d\u00e9caba del \u00b490 y dio origen a la Liga Federal de B\u00e1squet. De izquierda a derecha Jorge Toro Corbal\u00e1n, Carlos G\u00f3mez Jovanovich, Diego \u00abEl Demonio\u00bb S\u00e1nchez, Gonzalo Molina y Roberto Brataszuck (cuatro chaque\u00f1os en el quinteto titular del ganador de la competencia).<\/figcaption><\/figure>\n<\/div>\n<p>\u00ab<strong><em>Antes nos junt\u00e1bamos con la CABB antes de empezar, les dec\u00edamos cu\u00e1ntos kil\u00f3metros iban a viajar, cu\u00e1nto les iba a costar el transporte. Eso hoy no pasa<\/em><\/strong>\u00ab, compara.<strong>\u00a0Su propuesta es clara: volver a escuchar a los clubes y recuperar el m\u00e9rito deportivo.<\/strong>\u00a0\u00ab<em>Un equipo que gana lo local, lo provincial y lo regional tiene diez veces m\u00e1s m\u00e9rito que el que pone la plata y juega<\/em>\u00ab, sostiene. \u00ab<strong><em>El Torneo Federal fue creado para federalizar el b\u00e1squet argentino y formar jugadores. Ese objetivo se cumpli\u00f3. El desaf\u00edo ahora es volver a ese camino<\/em><\/strong>\u00ab, concluye.<\/p>\n<\/div>\n<p>&nbsp;<\/p>\n<div class=\"main-text\">\n<div class=\"person-desc floatFix\">\n<h5><strong>Esta nota surge a raiz de una anterior del periodista Guillermo Koster<\/strong><\/h5>\n<header class=\"with-person\">\n<div>\n<p><span class=\"header\">Una mirada al Federal de B\u00e1squet 2026<\/span><\/p>\n<h1>Clubes chaque\u00f1os atrapados entre n\u00fameros rojos, reglamentos r\u00edgidos y un formato que no convence<\/h1>\n<div>\n<p>La competencia de este a\u00f1o para los cuatro equipos clasificados en el Pre Federal provincial 2025 aparece en el horizonte con m\u00e1s dudas que certezas. Costos elevados, planteles cortos, la eliminaci\u00f3n del jugador oriundo y exigencias estructurales ponen en riesgo la participaci\u00f3n de los equipos chaque\u00f1os, aun cuando el m\u00e9rito competitivo ya est\u00e1 conseguido. Recorrido de NORTE por dirigentes y jugadores de los equipos locales que deportivamente se ganaron el derecho a jugar el tercer torneo m\u00e1s importante a nivel nacional.<\/p>\n<\/div>\n<div class=\"meta\"><time>2 de Enero, 2026<\/time><\/div>\n<\/div>\n<\/header>\n<section class=\"body\">\n<section class=\"content\">\n<div class=\"main-text\">\n<div class=\"social\">\n<div class=\"share\"><\/div>\n<\/div>\n<p><strong>El b\u00e1squet chaque\u00f1o atraviesa horas de definiciones clave, pero lejos del parqu\u00e9. La ilusi\u00f3n de competir en la Liga Federal 2026 choca de frente con una realidad compleja: presupuestos que no cierran, un reglamento que condiciona el armado de los planteles y exigencias que, lejos de fortalecer el torneo, parecen empujar a los clubes a replantearse su presencia en la tercera categor\u00eda del b\u00e1squet nacional.<\/strong><\/p>\n<div class=\" large m_image\">\n<figure><picture><source srcset=\"https:\/\/www.diarionorte.com\/content\/bucket\/1\/441751w790h474c.jpg.webp\" type=\"image\/webp\" media=\"(min-width: 640px)\" \/><source srcset=\"https:\/\/www.diarionorte.com\/content\/bucket\/1\/441751w440h264c.jpg.webp\" type=\"image\/webp\" media=\"(min-width: 300px)\" \/><source srcset=\"https:\/\/www.diarionorte.com\/content\/bucket\/1\/441751w790h474c.jpg\" media=\"(min-width: 300px)\" \/><img loading=\"lazy\" decoding=\"async\" class=\"pic\" src=\"https:\/\/www.diarionorte.com\/content\/bucket\/1\/441751w790h474c.jpg.webp\" alt=\"\" width=\"790\" height=\"474\" \/><\/picture><figcaption>El campe\u00f3n 2025 del Prefederal provincial tiene la intenci\u00f3n de de participar en el Federal 2026, pero no son pocos los condicionantes que a\u00fan debe resolver.,<\/figcaption><\/figure>\n<\/div>\n<p>En principio, los cuatro equipos chaque\u00f1os clasificados deportivamente manifiestan la intenci\u00f3n de jugar. Sin embargo, puertas adentro, las dudas crecen. El formato vigente \u2014<strong>que limita a cinco fichas mayores, cinco U21 y dos juveniles menores de 19 a\u00f1os\u2014,<\/strong>\u00a0sumado a la eliminaci\u00f3n de la ficha del jugador oriundo y del U23, reduce considerablemente las alternativas deportivas y expone a los planteles a un alto riesgo f\u00edsico, en un torneo que se disputa cada dos o tres d\u00edas y exige una rotaci\u00f3n permanente. Unos 120 equipos de todo el pa\u00eds participan a\u00f1o tras a\u00f1o en lo que se considera el torneo \u00ab<em>m\u00e1s federal<\/em>\u00bb de la Argentina. Sin embargo, cerca del 75% de los clubes que lo hacen se circunscriben a la Federaci\u00f3n de B\u00e1squet del \u00c1rea Metropolitana de Buenos Aires (FeBAMBA).<\/p>\n<p>A esto se suma el impacto econ\u00f3mico. Aranceles de la Confederaci\u00f3n Argentina de B\u00e1squetbol (CAB), viajes extensos, contrataci\u00f3n de jugadores y cuerpos t\u00e9cnicos colocan a los clubes frente a una ecuaci\u00f3n dif\u00edcil de sostener sin apoyo estatal. As\u00ed lo explic\u00f3\u00a0<strong>Mauro La Regina<\/strong>, tesorero de la subcomisi\u00f3n de b\u00e1squet de\u00a0Regatas Resistencia, campe\u00f3n del Pre Federal: \u00ab<em>La intenci\u00f3n de competir est\u00e1, pero con recursos exc<\/em>lusivamente privados el proyecto es inviable. Destinar fondos de las formativas al Federal ser\u00eda hipotecar el futuro del club\u00bb.<\/p>\n<p>El dirigente remero remarc\u00f3 adem\u00e1s que el actual reglamento deja afuera a jugadores experimentados que fueron parte del logro deportivo, afectando la continuidad y el sentido de pertenencia. \u00ab<em><strong>Somos un club con b\u00e1squet, no un club de b\u00e1squet<\/strong>\u00a0<\/em>\u00ab, resumi\u00f3, citando la frase de Marcelo Golob (dirigente de Asociaci\u00f3n Italiana de Charata) que grafica el l\u00edmite estructural de muchas instituciones. En s\u00edntesis, La Regina concluye: \u00ab<em>Nuestra participaci\u00f3n en el pr\u00f3ximo Torneo Federal de B\u00e1squet 2026 se encuentra en un momento de definici\u00f3n. Si bien el club llega con el m\u00e9rito deportivo de haberse consagrado campe\u00f3n del torneo Prefederal, la realidad econ\u00f3mica y reglamentaria nos plantea serias dudas sobre la posibilidad de competir<\/em>\u00ab. \u00ab<em>Por un lado, los costos arancelarios establecidos por la CAB, sumados a los gastos de viajes, jugadores y cuerpo t\u00e9cnico, representan un desaf\u00edo financiero considerable. A esto se agrega la reglamentaci\u00f3n vigente que nos obliga a reducir cupos de jugadores mayores, priorizando a los m\u00e1s j\u00f3venes y dejando a varios experimentados sin lugar. Esta medida, lejos de fortalecer al equipo, condiciona la planificaci\u00f3n deportiva y limita la continuidad de quienes fueron parte del logro provincial<\/em>\u00ab, agrega ante la consulta de\u00a0NORTE.<\/p>\n<p>\u00ab<em>La decisi\u00f3n final de participar depender\u00e1, en gran medida, del apoyo que pueda brindar el Estado (municipal como provincial), ya que con el respaldo exclusivo de empresas privadas el proyecto resulta inviable hoy en d\u00eda. Tenemos la intenci\u00f3n de competir, pero la realidad obliga a ser prudentes. Ser\u00eda una verdadera l\u00e1stima que, tras alcanzar el t\u00edtulo provincial, el equipo no pueda dar el salto al federal por cuestiones econ\u00f3micas y reglamentarias<\/em>\u00ab, cerr\u00f3.<\/p>\n<p><strong>Dudas al por mayor<\/strong><\/p>\n<p>En la misma l\u00ednea,\u00a0<strong>Javier Ayala<\/strong>, presidente de\u00a0Cultural de Santa Sylvina\u00a0(subcampe\u00f3n del Pre Federal provincial 2025), se\u00f1al\u00f3 a\u00a0NORTE\u00a0que el club arm\u00f3 su plantel en funci\u00f3n del reglamento vigente, lo que ya gener\u00f3 complicaciones durante el torneo local. \u00ab<strong><em>Jugamos con los mayores justos. Una lesi\u00f3n y no ten\u00e9s recambio. Sin el oriundo, el problema se profundiza<\/em>\u00a0<\/strong>\u00ab, advirti\u00f3, y dej\u00f3 abierta la expectativa de que la CAB introduzca modificaciones antes del inicio del torneo.<\/p>\n<div class=\" large m_image\">\n<figure><picture><source srcset=\"https:\/\/www.diarionorte.com\/content\/bucket\/7\/441747w790h443c.jpg.webp\" type=\"image\/webp\" media=\"(min-width: 640px)\" \/><source srcset=\"https:\/\/www.diarionorte.com\/content\/bucket\/7\/441747w440h247c.jpg.webp\" type=\"image\/webp\" media=\"(min-width: 300px)\" \/><source srcset=\"https:\/\/www.diarionorte.com\/content\/bucket\/7\/441747w790h443c.jpg\" media=\"(min-width: 300px)\" \/><img loading=\"lazy\" decoding=\"async\" class=\"pic\" src=\"https:\/\/www.diarionorte.com\/content\/bucket\/7\/441747w790h443c.jpg.webp\" alt=\"\" width=\"790\" height=\"443\" \/><\/picture><figcaption>Cultural de Santa Sylvina, subcampe\u00f3n del Prefederal provincial 2025.<\/figcaption><\/figure>\n<\/div>\n<p>\u00ab<em>Con respecto al tema econ\u00f3mico est\u00e1 muy complicada la situaci\u00f3n. Nos hemos reunido con el gobernador y eh hasta ahora no tuvimos una respuesta<\/em>\u00ab, record\u00f3. Y concluy\u00f3: \u00ab<em>Considero que no tiene nada que ver el b\u00e1squet masculino con el b\u00e1squet femenino, no estoy muy de acuerdo con eso. Tampoco estoy muy de acuerdo con armar planteles tan cortos, con cinco mayores solamente; esto tambi\u00e9n suma una problem\u00e1tica<\/em>\u00ab.<\/p>\n<div class=\" large m_image\">\n<figure><picture><source srcset=\"https:\/\/www.diarionorte.com\/content\/bucket\/8\/441748w790h633c.jpg.webp\" type=\"image\/webp\" media=\"(min-width: 640px)\" \/><source srcset=\"https:\/\/www.diarionorte.com\/content\/bucket\/8\/441748w440h353c.jpg.webp\" type=\"image\/webp\" media=\"(min-width: 300px)\" \/><source srcset=\"https:\/\/www.diarionorte.com\/content\/bucket\/8\/441748w790h633c.jpg\" media=\"(min-width: 300px)\" \/><img loading=\"lazy\" decoding=\"async\" class=\"pic\" src=\"https:\/\/www.diarionorte.com\/content\/bucket\/8\/441748w790h633c.jpg.webp\" alt=\"\" width=\"790\" height=\"633\" \/><\/picture><figcaption>El Centro Deportivo Don Bosco fue semifinalista del Prefederal 2025 y \u00faltimo subcampe\u00f3n de la ABR.<\/figcaption><\/figure>\n<\/div>\n<p>Desde el\u00a0Centro Deportivo Don Bosco, su vicepresidente\u00a0<strong>Hern\u00e1n Foschiatti<\/strong>\u00a0fue claro: la infraestructura y lo econ\u00f3mico est\u00e1n relativamente cubiertos, pero el principal escollo es el b\u00e1squet femenino, uno de los requisitos obligatorios para competir. \u00ab<strong><em>Dependeremos de si la CAB\u00a0<\/em>\u00a0<\/strong>(Confederaci\u00f3n Argentina de B\u00e1squet)\u00a0<strong><em>flexibiliza como en ediciones anteriores<\/em>\u00a0<\/strong>\u00ab, afirm\u00f3.<\/p>\n<p>\u00ab<em>Por el lado de infraestructura, nosotros estamos OK. Respecto a lo econ\u00f3mico, si tenemos el apoyo de Loter\u00eda Chaque\u00f1a con el m\u00ednimo que nos viene dando, no tendr\u00edamos ning\u00fan inconveniente. Pero el principal escollo que hay es el femenino, que no s\u00e9 si la Cab va a ceder como se dio en ediciones anteriores<\/em>\u00ab, finaliz\u00f3 Foschiatti.<\/p>\n<p><strong>Calidad, cargas f\u00edsicas y ausencia gremial<\/strong><\/p>\n<p>La voz de los protagonistas dentro de la cancha tambi\u00e9n aporta una mirada cr\u00edtica.\u00a0<strong>Gabriel Frencia<\/strong>, referente de\u00a0H\u00e9rcules de Charata, apunt\u00f3 directamente al coraz\u00f3n del problema: \u00ab<strong><em>La calidad del torneo la dan las fichas mayores. Con cinco mayores, cargas f\u00edsicas extremas y partidos seguidos, las lesiones son inevitables y el nivel baja<\/em>\u00a0<\/strong>\u00ab. Adem\u00e1s, cuestion\u00f3 la falta de criterios uniformes en las exigencias de infraestructura y pidi\u00f3 una mayor intervenci\u00f3n del gremio de jugadores (<em>Asociaci\u00f3n de Jugadores de B\u00e1squet &#8211; AdJ<\/em>).<\/p>\n<div class=\" large m_image\">\n<figure><picture><source srcset=\"https:\/\/www.diarionorte.com\/content\/bucket\/9\/441749w790h474c.jpg.webp\" type=\"image\/webp\" media=\"(min-width: 640px)\" \/><source srcset=\"https:\/\/www.diarionorte.com\/content\/bucket\/9\/441749w440h264c.jpg.webp\" type=\"image\/webp\" media=\"(min-width: 300px)\" \/><source srcset=\"https:\/\/www.diarionorte.com\/content\/bucket\/9\/441749w790h474c.jpg\" media=\"(min-width: 300px)\" \/><img loading=\"lazy\" decoding=\"async\" class=\"pic\" src=\"https:\/\/www.diarionorte.com\/content\/bucket\/9\/441749w790h474c.jpg.webp\" alt=\"\" width=\"790\" height=\"474\" \/><\/picture><figcaption>H\u00e9rcules de Charata, con sobrada experiencia el la competencia Federal, aspira a participar nuevamente en este 2026.<\/figcaption><\/figure>\n<\/div>\n<p><em><strong>\u00bfLa idea de H\u00e9rcules es jugar el torneo de todos modos?,<\/strong>\u00a0<\/em>\u00a0pregunt\u00f3\u00a0NORTE: \u00ab<em>S\u00ed, la confirmaci\u00f3n del club te dir\u00eda que est\u00e1 en un 80% de probabilidades de jugarlo. Restan definir algunas fichas de jugadores y el tema econ\u00f3mico, sobre todo. Pero s\u00ed, la intenci\u00f3n de participar est\u00e1<\/em>\u00ab, sentenci\u00f3 el experimentado jugador oriundo de Corzuela.<\/p>\n<p><strong>As\u00ed, el Federal 2026 se presenta como un desaf\u00edo que excede lo deportivo. Mientras los clubes esperan definiciones reglamentarias y respuestas econ\u00f3micas, la sensaci\u00f3n general es que el sistema, tal como est\u00e1 planteado, pone en riesgo la participaci\u00f3n y el crecimiento del b\u00e1squet del interior.<\/strong><\/p>\n<div class=\" large m_image\">\n<figure><picture><source srcset=\"https:\/\/www.diarionorte.com\/content\/bucket\/4\/441754w790h474c.jpg.webp\" type=\"image\/webp\" media=\"(min-width: 640px)\" \/><source srcset=\"https:\/\/www.diarionorte.com\/content\/bucket\/4\/441754w440h264c.jpg.webp\" type=\"image\/webp\" media=\"(min-width: 300px)\" \/><source srcset=\"https:\/\/www.diarionorte.com\/content\/bucket\/4\/441754w790h474c.jpg\" media=\"(min-width: 300px)\" \/><img loading=\"lazy\" decoding=\"async\" class=\"pic\" src=\"https:\/\/www.diarionorte.com\/content\/bucket\/4\/441754w790h474c.jpg.webp\" alt=\"\" width=\"790\" height=\"474\" \/><\/picture><figcaption>Pasaje de la final 2025 entre Cultural y Regatas.<\/figcaption><\/figure>\n<\/div>\n<h2><strong>El Oriundo, una ficha que equilibraba y hoy falta<\/strong><\/h2>\n<p><strong>La eliminaci\u00f3n de la ficha del jugador oriundo aparece como uno de los puntos m\u00e1s cuestionados del reglamento<\/strong>. Hasta la temporada pasada, permit\u00eda que un jugador formado en el club, con al menos dos a\u00f1os de antig\u00fcedad, pudiera reemplazar a fichas mayores lesionadas sin alterar el cupo permitido.<\/p>\n<p>En un torneo Federal de alta exigencia f\u00edsica y calendario apretado, esa figura funcionaba como un amortiguador deportivo y econ\u00f3mico: garantizaba rotaci\u00f3n, reduc\u00edan riesgos de lesi\u00f3n y fortalec\u00eda el sentido de pertenencia. \u00ab<strong><em>Con el oriundo pod\u00edas armar un plantel de siete mayores y rotar. Hoy eso desapareci\u00f3<\/em>\u00a0<\/strong>\u00ab, explic\u00f3 Javier Ayala, presidente de Cultural.<\/p>\n<p>Para varios dirigentes y jugadores, su eliminaci\u00f3n empuja a los clubes a planteles demasiado cortos y a una competencia desigual, donde una lesi\u00f3n puede dejar a un equipo fuera de carrera.\u00a0<strong>No son pocos los que creen que la CAB terminar\u00e1 revisando este punto. De lo contrario, advierten, el torneo se volver\u00e1 inviable para muchas instituciones del interior<\/strong>.<\/p>\n<p>&nbsp;<\/p>\n<div class=\" original m_image\">\n<figure><picture><source srcset=\"https:\/\/www.diarionorte.com\/content\/bucket\/3\/441753w584h441c.jpg.webp\" type=\"image\/webp\" media=\"(min-width: 640px)\" \/><source srcset=\"https:\/\/www.diarionorte.com\/content\/bucket\/3\/441753w440h332c.jpg.webp\" type=\"image\/webp\" media=\"(min-width: 300px)\" \/><source srcset=\"https:\/\/www.diarionorte.com\/content\/bucket\/3\/441753w584h441c.jpg\" media=\"(min-width: 300px)\" \/><img loading=\"lazy\" decoding=\"async\" class=\"pic\" src=\"https:\/\/www.diarionorte.com\/content\/bucket\/3\/441753w584h441c.jpg.webp\" alt=\"\" width=\"584\" height=\"441\" \/><\/picture><figcaption>Urquiza de La Leonesa, \u00faltimo campe\u00f3n del b\u00e1squet femenino. El torneo de la ABR a\u00fan no es oficial.<\/figcaption><\/figure>\n<\/div>\n<h2><strong>B\u00e1squet femenino: requisito obligatorio, realidad desigual<\/strong><\/h2>\n<p>Otro condicionante clave para jugar el Federal es contar con\u00a0<strong>b\u00e1squet femenino federado y registrado en el sistema Gesdeportiva<\/strong>, que permite el registro total de la actividad y cada uno de sus componentes (jugadores, equipos, \u00e1rbitros, entrenadores) de manera digital y accesible desde cualquier dispositivo.\u00a0<strong>En el Gran Resistencia, el campeonato femenino de la Asociaci\u00f3n de B\u00e1squet a\u00fan no es oficial<\/strong>, lo que impide la inscripci\u00f3n formal de las jugadoras y deja a los clubes capitalinos en desventaja frente a otras regiones de la provincia.<\/p>\n<p>\u00ab<strong>Es una exigencia que no contempla realidades distintas. No tiene relaci\u00f3n directa el masculino con el femenino<\/strong>\u00ab, sostuvo Javier Ayala, aunque aclar\u00f3 que Cultural trabaja con categor\u00edas formativas. Don Bosco, en tanto, reconoce que hoy no cumple con ese requisito y depende de una eventual flexibilizaci\u00f3n de la CAB, como ocurri\u00f3 en temporadas anteriores. Sin embargo, no tendr\u00eda problemas en colocar aires acondicionados en los vestuarios, otra exigencia para esta temporada<\/p>\n<p>Parad\u00f3jicamente, clubes como H\u00e9rcules de Charata sostienen una estructura femenina desde hace a\u00f1os, independientemente de las exigencias del Federal, lo que vuelve a poner sobre la mesa la falta de criterios homog\u00e9neos.<\/p>\n<p><strong>Mientras tanto, el b\u00e1squet femenino sigue creciendo, pero con tiempos y recursos propios, al menos en la Asociaci\u00f3n de B\u00e1squet de Resistencia (ABR). Convertirlo en un requisito inmediato, sin acompa\u00f1amiento estructural, suma otro obst\u00e1culo a un Federal que, por estas horas, parece m\u00e1s cerca del escritorio que de la cancha.<\/strong><\/p>\n<div class=\" large m_image\">\n<figure><picture><source srcset=\"https:\/\/www.diarionorte.com\/content\/bucket\/0\/441750w790h444c.jpg.webp\" type=\"image\/webp\" media=\"(min-width: 640px)\" \/><source srcset=\"https:\/\/www.diarionorte.com\/content\/bucket\/0\/441750w440h248c.jpg.webp\" type=\"image\/webp\" media=\"(min-width: 300px)\" \/><source srcset=\"https:\/\/www.diarionorte.com\/content\/bucket\/0\/441750w790h444c.jpg\" media=\"(min-width: 300px)\" \/><img loading=\"lazy\" decoding=\"async\" class=\"pic\" src=\"https:\/\/www.diarionorte.com\/content\/bucket\/0\/441750w790h444c.jpg.webp\" alt=\"\" width=\"790\" height=\"444\" \/><\/picture><figcaption>La tercera competencia del b\u00e1squet nacional se promociona como las Federal del pa\u00eds.<\/figcaption><\/figure>\n<\/div>\n<h2><strong>Lo que hay que saber\u00a0<\/strong><\/h2>\n<p>Se conocieron los lineamientos generales de la pr\u00f3xima Liga Federal 2026, la tercera competencia de b\u00e1squet a nivel nacional, casi sin cambios en lo deportivo. \u00bfLo dem\u00e1s? Todo m\u00e1s caro y con mayores exigencias a los clubes.<\/p>\n<p><strong>Plantillas<\/strong><br \/>\n&#x2705; 5 fichas mayores<\/p>\n<p>&#x2705; 5 fichas U21 (2005-2006)<\/p>\n<p>&#x2705; 2 juveniles (2007 en adelante)<\/p>\n<p>&#x2705; Sin jugador oriundo<\/p>\n<p>La Confederaci\u00f3n Argentina de B\u00e1squet, a trav\u00e9s de su Departamento de Competencias, inform\u00f3 los primeros detalles de lo que ser\u00e1 la edici\u00f3n 2026 de La Liga Federal, el certamen m\u00e1s grande y federal del b\u00e1squetbol nacional.<\/p>\n<p>De acuerdo a lo establecido, La Liga Federal 2026 tendr\u00e1 su fecha de inicio entre la \u00faltima semana de febrero y la primera semana de marzo de 2026. El plazo para que las Federaciones y\/o Regiones de Juego presentaran formalmente la informaci\u00f3n de los equipos clasificados venci\u00f3 el pasado 19 de diciembre.<\/p>\n<p>En l\u00ednea con las Resoluciones CAB, las Federaciones y Regiones deportivas deber\u00e1n contar con un torneo de Primera Divisi\u00f3n femenina. De lo contrario, tendr\u00e1n un 50% menos de plazas. Asimismo, los equipos inscriptos deben contar con las categor\u00edas U11, U13 y U15 en la rama femenina, y tambi\u00e9n tener todas sus categor\u00edas de minib\u00e1squet y formativas oficialmente registradas en sus torneos de origen. Los requisitos de Infraestructura y Comunicaci\u00f3n para las instituciones participantes tambi\u00e9n ser\u00e1n de cumplimiento obligatorio.<\/p>\n<p><strong>Fechas importantes:<\/strong><\/p>\n<p>\u2022 23 de enero de 2026: Inscripci\u00f3n de equipos<\/p>\n<p>\u2022 23 de enero de 2026: Presentaci\u00f3n de avales<\/p>\n<p>\u2022 6 de febrero de 2026: Cierre de componentes<\/p>\n<p>Los planteles de La Liga Federal 2026 podr\u00e1n estar compuestos por 5 jugadores mayores, 5 jugadores U21 (2005 \u2013 2006) y 2 juveniles (2007 en adelante).<\/p>\n<p>En cuanto a lo estrictamente deportivo, el formato de competencia contemplar\u00e1 la divisi\u00f3n de la totalidad de equipos inscriptos en regiones, permitiendo as\u00ed una correcta distribuci\u00f3n con el objetivo de optimizar la log\u00edstica de los participantes. Cada regi\u00f3n jugar\u00e1 su Etapa Regular y Play Off interno, antes de avanzar a los cruces interregionales.<\/p>\n<p><strong>Formato<\/strong><\/p>\n<p>&#x2705;zonas regionales<\/p>\n<p>&#x2705;Play off regionales<\/p>\n<p>&#x2705;Play off Interconferencias<\/p>\n<p><strong>B\u00e1squet femenino<\/strong><\/p>\n<p>Sin cambios con respecto al torneo pasado. Todos los inscriptos deben participar en el local Femenino de Primera Divisi\u00f3n, si esto no ocurre, se reducen al 50% los cupos al Federal de dicha Federaci\u00f3n. Los clubes participantes deben registrar jugadoras en U11\/U13\/U15. En la provincia, el b\u00e1squet femenino no es oficial en la ABR; pero s\u00ed lo es en la Asociaci\u00f3n del Sudoeste.<\/p>\n<\/div>\n<\/section>\n<\/section>\n<\/div>\n<\/div>\n<\/section>\n<\/section>\n","protected":false},"excerpt":{"rendered":"<p>4 de Enero, 2026 &nbsp; El actual presidente de Villa San Mart\u00edn Ricardo Manuel Siri -uno de los dirigentes que impuls\u00f3 la creaci\u00f3n del torneo- reconstruye el proceso que dio origen a la competencia y la filosof\u00eda amateur y federal que la sostuvo en sus primeros a\u00f1os: regionalizaci\u00f3n, m\u00e9rito deportivo y formaci\u00f3n como ejes centrales. &hellip;<\/p>\n","protected":false},"author":2,"featured_media":30890,"comment_status":"open","ping_status":"open","sticky":false,"template":"","format":"standard","meta":{"footnotes":""},"categories":[3],"tags":[],"class_list":["post-30889","post","type-post","status-publish","format-standard","has-post-thumbnail","hentry","category-basquetbol"],"_links":{"self":[{"href":"https:\/\/www.sportchaco.com.ar\/index.php?rest_route=\/wp\/v2\/posts\/30889","targetHints":{"allow":["GET"]}}],"collection":[{"href":"https:\/\/www.sportchaco.com.ar\/index.php?rest_route=\/wp\/v2\/posts"}],"about":[{"href":"https:\/\/www.sportchaco.com.ar\/index.php?rest_route=\/wp\/v2\/types\/post"}],"author":[{"embeddable":true,"href":"https:\/\/www.sportchaco.com.ar\/index.php?rest_route=\/wp\/v2\/users\/2"}],"replies":[{"embeddable":true,"href":"https:\/\/www.sportchaco.com.ar\/index.php?rest_route=%2Fwp%2Fv2%2Fcomments&post=30889"}],"version-history":[{"count":5,"href":"https:\/\/www.sportchaco.com.ar\/index.php?rest_route=\/wp\/v2\/posts\/30889\/revisions"}],"predecessor-version":[{"id":30895,"href":"https:\/\/www.sportchaco.com.ar\/index.php?rest_route=\/wp\/v2\/posts\/30889\/revisions\/30895"}],"wp:featuredmedia":[{"embeddable":true,"href":"https:\/\/www.sportchaco.com.ar\/index.php?rest_route=\/wp\/v2\/media\/30890"}],"wp:attachment":[{"href":"https:\/\/www.sportchaco.com.ar\/index.php?rest_route=%2Fwp%2Fv2%2Fmedia&parent=30889"}],"wp:term":[{"taxonomy":"category","embeddable":true,"href":"https:\/\/www.sportchaco.com.ar\/index.php?rest_route=%2Fwp%2Fv2%2Fcategories&post=30889"},{"taxonomy":"post_tag","embeddable":true,"href":"https:\/\/www.sportchaco.com.ar\/index.php?rest_route=%2Fwp%2Fv2%2Ftags&post=30889"}],"curies":[{"name":"wp","href":"https:\/\/api.w.org\/{rel}","templated":true}]}}