{"id":30906,"date":"2026-01-04T23:16:52","date_gmt":"2026-01-05T02:16:52","guid":{"rendered":"https:\/\/www.sportchaco.com.ar\/?p=30906"},"modified":"2026-01-05T22:21:08","modified_gmt":"2026-01-06T01:21:08","slug":"hector-tronquito-gamarra-una-vida-para-el-futbol","status":"publish","type":"post","link":"https:\/\/www.sportchaco.com.ar\/?p=30906","title":{"rendered":"H\u00e9ctor \u201cTronquito\u201d Gamarra, una vida para el f\u00fatbol"},"content":{"rendered":"<h5 data-start=\"249\" data-end=\"718\">16A tres a\u00f1os de su partida, el recuerdo de <strong data-start=\"291\" data-end=\"321\">H\u00e9ctor \u201cTronquito\u201d Gamarra<\/strong> sigue caminando las canchas del Chaco y de medio continente. Falleci\u00f3 el <strong data-start=\"395\" data-end=\"417\">5 de enero de 2022<\/strong>, a los 9<strong data-start=\"425\" data-end=\"436\">2 a\u00f1os<\/strong>, casi ciego, pero con una lucidez y una alegr\u00eda que lo convirtieron hasta el final en un verdadero canto a la vida. Jugador primero, maestro despu\u00e9s, fue uno de esos hombres que no solo jugaron al f\u00fatbol: lo ense\u00f1aron, lo pensaron y lo vivieron como una forma de estar en el mundo.<\/h5>\n<p>&nbsp;<\/p>\n<p><img loading=\"lazy\" decoding=\"async\" class=\"alignnone wp-image-30704\" src=\"https:\/\/www.sportchaco.com.ar\/wp-content\/uploads\/2025\/12\/Luis-carita-3-287x300.jpg\" alt=\"\" width=\"81\" height=\"84\" srcset=\"https:\/\/www.sportchaco.com.ar\/wp-content\/uploads\/2025\/12\/Luis-carita-3-287x300.jpg 287w, https:\/\/www.sportchaco.com.ar\/wp-content\/uploads\/2025\/12\/Luis-carita-3.jpg 430w\" sizes=\"auto, (max-width: 81px) 100vw, 81px\" \/> \u00a0<strong>POR LUIS DARIO MOLODEZKY\u00a0<\/strong><\/p>\n<p data-start=\"720\" data-end=\"1119\">Nacido el <strong data-start=\"730\" data-end=\"753\">12 de marzo de 1930<\/strong> en la <strong data-start=\"760\" data-end=\"796\">Villa Concepci\u00f3n de Barranqueras<\/strong>, se form\u00f3 en una cuna futbolera donde la pelota era extensi\u00f3n natural del cuerpo. \u201cDespu\u00e9s de jugar, todos los chicos del barrio nos reun\u00edamos en mi casa con mis hermanos\u201d, recordaba, mientras desparramaba fotos y recortes en el living de su hogar del barrio San Cayetano, como quien abre un \u00e1lbum de la memoria colectiva. Fue el t\u00e9cnico que clasific\u00f3 a For Ever al primer Nacional en 1967.<\/p>\n<p data-start=\"720\" data-end=\"1119\"><img decoding=\"async\" src=\"https:\/\/www.sportchaco.com.ar\/wp-content\/uploads\/2025\/04\/For-Ever-67-entrenamiento-780x470.jpg\" \/><\/p>\n<p data-start=\"720\" data-end=\"1119\"><em><strong>Entrenamiento de Chaco For Ever en 1967, durante su participaci\u00f3n en Primera Divisi\u00f3n. Aparecen: el t\u00e9cnico H\u00e9ctor \u00abTronquito\u00bb Gamarra junto a los futbolistas; Antonio \u00abNonin\u00bb L\u00f3pez, Leonardo \u00abMingo\u00bb Rotger, Ausberto \u00abPapi\u00bb Gonz\u00e1lez, Roberto \u00abCula\u00bb Cassiet, Santiago \u00abChanta\u00bb Fern\u00e1ndez e Ignacio \u00abNacho\u00bb Obreg\u00f3n.\u00a0Gentileza Carlos Ortiz.<\/strong><\/em><\/p>\n<p data-start=\"720\" data-end=\"1119\"><img loading=\"lazy\" decoding=\"async\" class=\"alignnone size-medium wp-image-30536\" src=\"https:\/\/www.sportchaco.com.ar\/wp-content\/uploads\/2025\/12\/trabajando-240x300.jpg\" alt=\"\" width=\"240\" height=\"300\" srcset=\"https:\/\/www.sportchaco.com.ar\/wp-content\/uploads\/2025\/12\/trabajando-240x300.jpg 240w, https:\/\/www.sportchaco.com.ar\/wp-content\/uploads\/2025\/12\/trabajando-819x1024.jpg 819w, https:\/\/www.sportchaco.com.ar\/wp-content\/uploads\/2025\/12\/trabajando-768x960.jpg 768w, https:\/\/www.sportchaco.com.ar\/wp-content\/uploads\/2025\/12\/trabajando-1229x1536.jpg 1229w, https:\/\/www.sportchaco.com.ar\/wp-content\/uploads\/2025\/12\/trabajando.jpg 1280w\" sizes=\"auto, (max-width: 240px) 100vw, 240px\" \/><img loading=\"lazy\" decoding=\"async\" class=\"alignnone size-medium wp-image-30538 aligncenter\" src=\"https:\/\/www.sportchaco.com.ar\/wp-content\/uploads\/2025\/12\/Sameep-240x300.jpg\" alt=\"\" width=\"240\" height=\"300\" srcset=\"https:\/\/www.sportchaco.com.ar\/wp-content\/uploads\/2025\/12\/Sameep-240x300.jpg 240w, https:\/\/www.sportchaco.com.ar\/wp-content\/uploads\/2025\/12\/Sameep-819x1024.jpg 819w, https:\/\/www.sportchaco.com.ar\/wp-content\/uploads\/2025\/12\/Sameep-768x960.jpg 768w, https:\/\/www.sportchaco.com.ar\/wp-content\/uploads\/2025\/12\/Sameep-1229x1536.jpg 1229w, https:\/\/www.sportchaco.com.ar\/wp-content\/uploads\/2025\/12\/Sameep.jpg 1440w\" sizes=\"auto, (max-width: 240px) 100vw, 240px\" \/><\/p>\n<p data-start=\"1121\" data-end=\"1520\">Con la humildad que lo acompa\u00f1\u00f3 siempre \u2014\u201cpara no herir el sentir de otras personas\u201d, sol\u00eda decir\u2014 se\u00f1alaba que desde aquella esquina de <strong data-start=\"1258\" data-end=\"1275\">Guido y Spano<\/strong> nacieron los primeros gajos del <strong data-start=\"1308\" data-end=\"1327\">Club Don Orione<\/strong>. La convocatoria de los sacerdotes de la parroquia y la llegada de muchachones como <strong data-start=\"1412\" data-end=\"1462\">Pepe Lestani, Eleuterio Gonz\u00e1lez, Julio Arbu\u00e9s<\/strong> y otros fue dando forma al equipo que marcar\u00eda una \u00e9poca.<\/p>\n<p data-start=\"1522\" data-end=\"2096\">En <strong data-start=\"1525\" data-end=\"1533\">1947<\/strong> emigr\u00f3 a Buenos Aires en busca de trabajo y estuvo a un paso de incorporarse a <strong data-start=\"1613\" data-end=\"1629\">Boca Juniors<\/strong>, posibilidad que no se concret\u00f3 por no obtener permiso laboral. De regreso al Chaco, dos a\u00f1os despu\u00e9s, <strong data-start=\"1733\" data-end=\"1755\">Santa Mar\u00eda de Oro<\/strong> lo adquiere desde Don Orione por <strong data-start=\"1789\" data-end=\"1802\">500 pesos<\/strong>, y desde all\u00ed su nombre comienza a resonar fuerte en el f\u00fatbol local. Integra el seleccionado liguista y, jugando ante <strong data-start=\"1922\" data-end=\"1943\">Chacarita Juniors<\/strong> en Resistencia, es observado por dirigentes que primero lo \u201capalabran\u201d para el Funebrero, pero que finalmente resultan ser emisarios de <strong data-start=\"2080\" data-end=\"2095\">River Plate<\/strong>.<\/p>\n<p data-start=\"1522\" data-end=\"2096\"><img decoding=\"async\" src=\"https:\/\/scontent.fcnq2-2.fna.fbcdn.net\/v\/t39.30808-6\/608810205_122121296241022572_1951331483317500861_n.jpg?_nc_cat=104&amp;ccb=1-7&amp;_nc_sid=127cfc&amp;_nc_ohc=ulwfNOfjnF8Q7kNvwFDMm-9&amp;_nc_oc=AdnHJEQj_fDIwH-5VXWiiwcAK07sBq3VQkYuU4FCMZKlERl9TTsDUzFNoQIy5CUtPZw&amp;_nc_zt=23&amp;_nc_ht=scontent.fcnq2-2.fna&amp;_nc_gid=1PlgBRiwK2g4hDGAXtZAGg&amp;oh=00_AfothMI-vE8KVWPIyUzVzZ3-1hHMVHeuIRlrfOEM4-vx6A&amp;oe=6960BCA7\" alt=\"Puede ser una imagen de una o varias personas y texto que dice &quot;RAF Segu 5C0 Pdte SCIEN2&quot;\" \/><\/p>\n<p data-start=\"1522\" data-end=\"2096\"><em><strong>H\u00e9ctor Gamarra en 5 fotos una historia por Chaco TV (youtube)<\/strong><\/em><\/p>\n<p data-start=\"2098\" data-end=\"2378\">En N\u00fa\u00f1ez permanece un a\u00f1o y medio, hasta fines de <strong data-start=\"2148\" data-end=\"2156\">1952<\/strong>, alternando en reserva y tercera. \u201cEra imposible llegar a primera, estaban Vernazza, Prado, Walter G\u00f3mez, Labruna, S\u00edvori, Losteau\u2026\u201d, dec\u00eda entre risas. Aun as\u00ed, fue campe\u00f3n con la reserva millonaria, con \u00e9l como titular.<\/p>\n<p data-start=\"2380\" data-end=\"2888\">Luego vendr\u00edan <strong data-start=\"2395\" data-end=\"2416\">Newell\u2019s Old Boys<\/strong> de Rosario, la <strong data-start=\"2432\" data-end=\"2462\">Sociedad Espa\u00f1ola de Chile<\/strong>, donde vivi\u00f3 su mejor momento futbol\u00edstico jugando como volante derecho, y m\u00e1s tarde el f\u00fatbol colombiano, integrando el <strong data-start=\"2584\" data-end=\"2600\">Boca de Cali<\/strong> y <strong data-start=\"2603\" data-end=\"2618\">Millonarios<\/strong>, con giras por Venezuela, Panam\u00e1 y Ecuador. En Colombia fue goleador, sufri\u00f3 una seria lesi\u00f3n de rodilla y comenz\u00f3 a gestarse una decisi\u00f3n que marcar\u00eda su vida: no volver a viajar en avi\u00f3n. \u201cUn d\u00eda nos perdimos en el aire. Fue terrible. No vuelo m\u00e1s\u201d, cont\u00f3 alguna vez.<\/p>\n<p data-start=\"2890\" data-end=\"3341\">Rechaz\u00f3 incluso una oferta del <strong data-start=\"2921\" data-end=\"2942\">Am\u00e9rica de M\u00e9xico<\/strong> y regres\u00f3 definitivamente al Chaco. En <strong data-start=\"2982\" data-end=\"2990\">1958<\/strong> debut\u00f3 en <strong data-start=\"3001\" data-end=\"3014\">Sarmiento<\/strong>, el 27 de abril, en un empate 2 a 2 ante Estudiantes. Sin saberlo, se convirti\u00f3 en parte de la <strong data-start=\"3110\" data-end=\"3137\">\u00e9poca de oro del Decano<\/strong>, que ese a\u00f1o lograr\u00eda su s\u00e9ptimo t\u00edtulo consecutivo. Comparti\u00f3 equipo con figuras como <strong data-start=\"3225\" data-end=\"3300\">Pentenero, Sejas, Ben\u00edtez, Lestani, Rosciani y Waldemar Santos Oliveira<\/strong>, dejando su sello de talento y car\u00e1cter.<\/p>\n<p data-start=\"3343\" data-end=\"3729\">En <strong data-start=\"3346\" data-end=\"3354\">1959<\/strong> volvi\u00f3 a Buenos Aires, esta vez para estudiar. Ingres\u00f3 a la <strong data-start=\"3415\" data-end=\"3449\">Escuela de Directores T\u00e9cnicos<\/strong>, dirigida por <strong data-start=\"3464\" data-end=\"3485\">Guillermo St\u00e1bile<\/strong>, y se recibi\u00f3 en <strong data-start=\"3503\" data-end=\"3511\">1962<\/strong>. Fue ayudante de campo de <strong data-start=\"3538\" data-end=\"3560\">Vicente de la Mata<\/strong> en Independiente y, en <strong data-start=\"3584\" data-end=\"3592\">1966<\/strong>, regres\u00f3 a Resistencia para dirigir a <strong data-start=\"3631\" data-end=\"3649\">Chaco For Ever<\/strong> en aquel regional hist\u00f3rico que llev\u00f3 al club al primer Torneo Nacional de AFA.<\/p>\n<p data-start=\"3343\" data-end=\"3729\"><img decoding=\"async\" src=\"https:\/\/scontent.fcnq2-1.fna.fbcdn.net\/v\/t39.30808-6\/608293753_122121296283022572_3138330882161345751_n.jpg?_nc_cat=100&amp;ccb=1-7&amp;_nc_sid=127cfc&amp;_nc_ohc=Bn_tzYSBH2gQ7kNvwGrKuv5&amp;_nc_oc=AdmnxQqOBPJSXVMTkHQ1XCCYo1Fed0ScURl8TvoOTnHT4arS-Uduwx978VzxSkp-gjo&amp;_nc_zt=23&amp;_nc_ht=scontent.fcnq2-1.fna&amp;_nc_gid=ldVso8owEbFyt145GfTmqg&amp;oh=00_Afpj7o2f4KRlV_3lwmbW5d2ilxDXUPAT3BQHWD2EipoTwQ&amp;oe=6960B95D\" alt=\"Puede ser una imagen de texto\" \/><\/p>\n<p data-start=\"3343\" data-end=\"3729\"><em><strong>Junto a uno de los m\u00e1s grandes, N\u00e9lson Mart\u00ednez<\/strong><\/em><\/p>\n<p data-start=\"3731\" data-end=\"4149\">Desde los a\u00f1os \u201970 en adelante, su figura se multiplic\u00f3 en los bancos de suplentes: <strong data-start=\"3815\" data-end=\"3891\">For Ever, Don Orione, Sarmiento, Central Norte, Mandiy\u00fa, V\u00e9lez Sarsfield<\/strong> y tantos otros equipos que recibieron su sabidur\u00eda. Gan\u00f3 campeonatos, form\u00f3 jugadores y dej\u00f3 una huella indeleble como formador. En <strong data-start=\"4024\" data-end=\"4032\">1987<\/strong> fund\u00f3 la <strong data-start=\"4042\" data-end=\"4083\">Escuela de F\u00fatbol de Alto Rendimiento<\/strong>, un sue\u00f1o que, aun en sus \u00faltimos a\u00f1os, cre\u00eda posible reimpulsar.<\/p>\n<p data-start=\"4151\" data-end=\"4447\">Ya grande, casi sin visi\u00f3n, segu\u00eda dando c\u00e1tedra en charlas de caf\u00e9, con una sonrisa permanente y una amabilidad que lo defin\u00edan. Posaba para la \u00faltima foto junto a su esposa y su \u201chincha n\u00famero uno\u201d, su nieto <strong data-start=\"4361\" data-end=\"4385\">Juan Francisco Ojeda<\/strong>: \u201cEste va a ser jugador, sacale una foto\u201d, dec\u00eda entre risas.<\/p>\n<p data-start=\"4449\" data-end=\"4800\">Hoy, a tres a\u00f1os de su adi\u00f3s, <strong data-start=\"4479\" data-end=\"4509\">H\u00e9ctor \u201cTronquito\u201d Gamarra<\/strong> sigue viviendo en cada an\u00e9cdota, en cada pibe que aprendi\u00f3 a mirar la cancha gracias a \u00e9l, en cada charla de f\u00fatbol donde su nombre aparece como sin\u00f3nimo de respeto y conocimiento.<br data-start=\"4690\" data-end=\"4693\" \/>Se fue un hombre casi ciego, pero con la mirada llena de f\u00fatbol. Y eso, en definitiva, es ver para siempre.<\/p>\n<p data-start=\"4449\" data-end=\"4800\"><img loading=\"lazy\" decoding=\"async\" class=\"alignnone wp-image-30704\" src=\"https:\/\/www.sportchaco.com.ar\/wp-content\/uploads\/2025\/12\/Luis-carita-3-287x300.jpg\" alt=\"\" width=\"81\" height=\"84\" srcset=\"https:\/\/www.sportchaco.com.ar\/wp-content\/uploads\/2025\/12\/Luis-carita-3-287x300.jpg 287w, https:\/\/www.sportchaco.com.ar\/wp-content\/uploads\/2025\/12\/Luis-carita-3.jpg 430w\" sizes=\"auto, (max-width: 81px) 100vw, 81px\" \/> \u00a0<strong>POR LUIS DARIO MOLODEZKY\u00a0<\/strong><\/p>\n<p data-start=\"4449\" data-end=\"4800\"><img decoding=\"async\" src=\"https:\/\/scontent.fcnq2-2.fna.fbcdn.net\/v\/t39.30808-6\/609145196_122121296133022572_1619469210772672924_n.jpg?_nc_cat=103&amp;ccb=1-7&amp;_nc_sid=127cfc&amp;_nc_ohc=BTelUwUGddgQ7kNvwFEl7TN&amp;_nc_oc=Adk2odVMk-pPk8mIs-p03d8Wrbvd0zq3RaJDCzzPHMQW_2bhdFgQtxabSViPlTn_Tok&amp;_nc_zt=23&amp;_nc_ht=scontent.fcnq2-2.fna&amp;_nc_gid=pBxUbhu0ERx0MQUNhh-REw&amp;oh=00_Afo9uagMlUG-VCOFPx1x3IZRD6neohbW8URSmpZNA-Bdyg&amp;oe=6960E549\" alt=\"Puede ser una imagen de f\u00fatbol, f\u00fatbol y texto que dice &quot;adidas 3700&quot;\" \/><\/p>\n","protected":false},"excerpt":{"rendered":"<p>16A tres a\u00f1os de su partida, el recuerdo de H\u00e9ctor \u201cTronquito\u201d Gamarra sigue caminando las canchas del Chaco y de medio continente. Falleci\u00f3 el 5 de enero de 2022, a los 92 a\u00f1os, casi ciego, pero con una lucidez y una alegr\u00eda que lo convirtieron hasta el final en un verdadero canto a la vida. &hellip;<\/p>\n","protected":false},"author":2,"featured_media":30907,"comment_status":"open","ping_status":"open","sticky":false,"template":"","format":"standard","meta":{"footnotes":""},"categories":[5,78],"tags":[],"class_list":["post-30906","post","type-post","status-publish","format-standard","has-post-thumbnail","hentry","category-futbol","category-historias"],"_links":{"self":[{"href":"https:\/\/www.sportchaco.com.ar\/index.php?rest_route=\/wp\/v2\/posts\/30906","targetHints":{"allow":["GET"]}}],"collection":[{"href":"https:\/\/www.sportchaco.com.ar\/index.php?rest_route=\/wp\/v2\/posts"}],"about":[{"href":"https:\/\/www.sportchaco.com.ar\/index.php?rest_route=\/wp\/v2\/types\/post"}],"author":[{"embeddable":true,"href":"https:\/\/www.sportchaco.com.ar\/index.php?rest_route=\/wp\/v2\/users\/2"}],"replies":[{"embeddable":true,"href":"https:\/\/www.sportchaco.com.ar\/index.php?rest_route=%2Fwp%2Fv2%2Fcomments&post=30906"}],"version-history":[{"count":6,"href":"https:\/\/www.sportchaco.com.ar\/index.php?rest_route=\/wp\/v2\/posts\/30906\/revisions"}],"predecessor-version":[{"id":30934,"href":"https:\/\/www.sportchaco.com.ar\/index.php?rest_route=\/wp\/v2\/posts\/30906\/revisions\/30934"}],"wp:featuredmedia":[{"embeddable":true,"href":"https:\/\/www.sportchaco.com.ar\/index.php?rest_route=\/wp\/v2\/media\/30907"}],"wp:attachment":[{"href":"https:\/\/www.sportchaco.com.ar\/index.php?rest_route=%2Fwp%2Fv2%2Fmedia&parent=30906"}],"wp:term":[{"taxonomy":"category","embeddable":true,"href":"https:\/\/www.sportchaco.com.ar\/index.php?rest_route=%2Fwp%2Fv2%2Fcategories&post=30906"},{"taxonomy":"post_tag","embeddable":true,"href":"https:\/\/www.sportchaco.com.ar\/index.php?rest_route=%2Fwp%2Fv2%2Ftags&post=30906"}],"curies":[{"name":"wp","href":"https:\/\/api.w.org\/{rel}","templated":true}]}}