{"id":30923,"date":"2026-01-05T22:22:25","date_gmt":"2026-01-06T01:22:25","guid":{"rendered":"https:\/\/www.sportchaco.com.ar\/?p=30923"},"modified":"2026-01-05T22:23:32","modified_gmt":"2026-01-06T01:23:32","slug":"efemerides-dia-por-diaenero-efemerides-del-6-de-enero","status":"publish","type":"post","link":"https:\/\/www.sportchaco.com.ar\/?p=30923","title":{"rendered":"Efem\u00e9rides del 6 de enero"},"content":{"rendered":"<div class=\"container fullwidth-entry-title-wrapper\">\n<div class=\"container-wrapper fullwidth-entry-title\">\n<header class=\"entry-header-outer\">\n<div class=\"entry-header\">\n<div class=\"single-post-meta post-meta clearfix\"><\/div>\n<\/div>\n<\/header>\n<\/div>\n<\/div>\n<div id=\"content\" class=\"site-content container\">\n<div id=\"main-content-row\" class=\"tie-row main-content-row\">\n<div class=\"main-content tie-col-md-8 tie-col-xs-12\" role=\"main\">\n<article id=\"the-post\" class=\"container-wrapper post-content tie-standard\">\n<div class=\"featured-area\">\n<div class=\"featured-area-inner\"><\/div>\n<\/div>\n<div id=\"share-buttons-top\" class=\"share-buttons share-buttons-top\">\n<div class=\"share-links icons-text share-pill\"><a class=\"facebook-share-btn large-share-button\" title=\"Facebook\" href=\"https:\/\/www.facebook.com\/sharer.php?u=https:\/\/www.sportchaco.com.ar\/?p=15616\" target=\"_blank\" rel=\"external noopener nofollow\" data-raw=\"https:\/\/www.facebook.com\/sharer.php?u={post_link}\"><span class=\"social-text\">Facebook<\/span><\/a>\u00a0<a class=\"twitter-share-btn large-share-button\" title=\"Twitter\" href=\"https:\/\/twitter.com\/intent\/tweet?text=Efem%C3%A9rides%20del%206%20de%20enero&amp;url=https:\/\/www.sportchaco.com.ar\/?p=15616\" target=\"_blank\" rel=\"external noopener nofollow\" data-raw=\"https:\/\/twitter.com\/intent\/tweet?text={post_title}&amp;url={post_link}\"><span class=\"social-text\">Twitter<\/span><\/a>\u00a0<a class=\"messenger-desktop-share-btn messenger-share-btn large-share-button\" title=\"Messenger\" href=\"https:\/\/www.facebook.com\/dialog\/send?app_id=5303202981&amp;display=popup&amp;link=https:\/\/www.sportchaco.com.ar\/?p=15616&amp;redirect_uri=https:\/\/www.sportchaco.com.ar\/?p=15616\" target=\"_blank\" rel=\"external noopener nofollow\" data-raw=\"https:\/\/www.facebook.com\/dialog\/send?app_id=5303202981&amp;display=popup&amp;link={post_link}&amp;redirect_uri={post_link}\"><span class=\"social-text\">Messenger<\/span><\/a><\/div>\n<\/div>\n<div class=\"entry-content entry clearfix\">\n<h5><strong>Esta es la Efem\u00e9rides del Deporte en el Chaco de un 6 de enero del periodista Luis Dar\u00edo Molodezky.<\/strong><\/h5>\n<p style=\"text-align: center;\"><img loading=\"lazy\" decoding=\"async\" class=\"alignnone size-medium wp-image-30924\" src=\"https:\/\/www.sportchaco.com.ar\/wp-content\/uploads\/2026\/01\/Luis-2025-marzo-carita-sonriente-300x287.jpg\" alt=\"\" width=\"300\" height=\"287\" srcset=\"https:\/\/www.sportchaco.com.ar\/wp-content\/uploads\/2026\/01\/Luis-2025-marzo-carita-sonriente-300x287.jpg 300w, https:\/\/www.sportchaco.com.ar\/wp-content\/uploads\/2026\/01\/Luis-2025-marzo-carita-sonriente.jpg 383w\" sizes=\"auto, (max-width: 300px) 100vw, 300px\" \/><\/p>\n<p>&nbsp;<\/p>\n<p><strong>1942\u00a0<\/strong>\/ Nace en Resistencia Ram\u00f3n Duarte, aunque en su documento figura 1946. Pupilo de\u00a0<em>Coco\u00a0<\/em>Torres, enfrent\u00f3 a los mejores boxeadores de los livianos juniors entre el 66 y el 82, como Manuel \u00c1lvarez, Hugo Corradi, Cach\u00edn M\u00e9ndez y V\u00edctor Echegaray. Como profesional realiz\u00f3 119 combates, con 102 victorias, 11 derrotas y 6 empates. Falleci\u00f3 el 5 de mayo de 2016.<\/p>\n<p><strong>1977\u00a0<\/strong>\/ Se funda el Club Atl\u00e9tico Colonia Brandsen, del Lote 29 de la Colonia Brandsen, jurisdicci\u00f3n de Presidencia de la Plaza. Se nombra presidente a Luis Eduardo Deluca. En el acto de fundaci\u00f3n expresa que \u201cser\u00e1 su principal objeto la pr\u00e1ctica en primer lugar de f\u00fatbol y toda actividad deportiva que con el correr del tiempo pueda ejercerse, como as\u00ed tambi\u00e9n las sociales, culturales y todo lo que a juicio de la Comisi\u00f3n Directiva propenda en beneficio del Club\u201d.<\/p>\n<p><strong>1980\u00a0<\/strong>\/ Frustrado intento de un grupo de quitilipenses que pretend\u00edan unir Salta con Barranqueras, a trav\u00e9s del r\u00edo Bermejo en un largo raid. Juan Domingo Figueredo, Hermes Rodr\u00edguez y Juan Teruel navegaron 120 kil\u00f3metros por las turbias aguas, pero fueron sorprendidos por una corredera, que los arroj\u00f3 sobre un grueso cha\u00f1ar donde se hundi\u00f3 la embarcaci\u00f3n \u201cEstelita\u201d.<\/p>\n<p><strong>1987\u00a0<\/strong>\/ Mercedes Beatriz Casco Videla de Puerto Tirol, en la categor\u00eda damas juveniles, se impone en la Marat\u00f3n de Reyes, que se disput\u00f3 en Asunci\u00f3n del Paraguay, con la participaci\u00f3n de 280 atletas de toda Am\u00e9rica.<\/p>\n<p><strong>2022 \/<\/strong>\u00a0Fallece el periodista de automovilismo Alfredo Flores a los 85 a\u00f1os, quien tuvo una larga trayectoria en el deporte motor como relator zonal, nacional e internacional. Lleg\u00f3 al automovilismo de la mano del programa \u00abAcelerando\u00bb con Eduardo Rub\u00e9n Ferreira y Omar Sotelo, conformando con otros destacados amantes de los fierros un hist\u00f3rico programa. Fue creador del equipo en Carrera en la vieja LT5 Radio Chaco, junto al periodista Luis Dar\u00edo Molodezky. Su hijo Fabi\u00e1n, le sigui\u00f3 sus pasos en radio, art\u00edculos en diarios locales y digitales. Durante la pandemia de Covid Alfredo perdi\u00f3 primero a Fabi\u00e1n y tambi\u00e9n a su hija Marcela, lo que fue un golpe tremendo del que no se pudo reponer.<\/p>\n<p>&nbsp;<\/p>\n<p>&nbsp;<\/p>\n<p>&nbsp;<\/p>\n<div class=\"post-bottom-meta post-bottom-edit\">\n<div class=\"post-bottom-meta-title\"><\/div>\n<\/div>\n<\/div>\n<\/article>\n<\/div>\n<\/div>\n<\/div>\n","protected":false},"excerpt":{"rendered":"<p>Facebook\u00a0Twitter\u00a0Messenger Esta es la Efem\u00e9rides del Deporte en el Chaco de un 6 de enero del periodista Luis Dar\u00edo Molodezky. &nbsp; 1942\u00a0\/ Nace en Resistencia Ram\u00f3n Duarte, aunque en su documento figura 1946. Pupilo de\u00a0Coco\u00a0Torres, enfrent\u00f3 a los mejores boxeadores de los livianos juniors entre el 66 y el 82, como Manuel \u00c1lvarez, Hugo Corradi, &hellip;<\/p>\n","protected":false},"author":2,"featured_media":30925,"comment_status":"open","ping_status":"open","sticky":false,"template":"","format":"standard","meta":{"footnotes":""},"categories":[45,31],"tags":[],"class_list":["post-30923","post","type-post","status-publish","format-standard","has-post-thumbnail","hentry","category-efemerides-dia-por-dia","category-enero"],"_links":{"self":[{"href":"https:\/\/www.sportchaco.com.ar\/index.php?rest_route=\/wp\/v2\/posts\/30923","targetHints":{"allow":["GET"]}}],"collection":[{"href":"https:\/\/www.sportchaco.com.ar\/index.php?rest_route=\/wp\/v2\/posts"}],"about":[{"href":"https:\/\/www.sportchaco.com.ar\/index.php?rest_route=\/wp\/v2\/types\/post"}],"author":[{"embeddable":true,"href":"https:\/\/www.sportchaco.com.ar\/index.php?rest_route=\/wp\/v2\/users\/2"}],"replies":[{"embeddable":true,"href":"https:\/\/www.sportchaco.com.ar\/index.php?rest_route=%2Fwp%2Fv2%2Fcomments&post=30923"}],"version-history":[{"count":3,"href":"https:\/\/www.sportchaco.com.ar\/index.php?rest_route=\/wp\/v2\/posts\/30923\/revisions"}],"predecessor-version":[{"id":30937,"href":"https:\/\/www.sportchaco.com.ar\/index.php?rest_route=\/wp\/v2\/posts\/30923\/revisions\/30937"}],"wp:featuredmedia":[{"embeddable":true,"href":"https:\/\/www.sportchaco.com.ar\/index.php?rest_route=\/wp\/v2\/media\/30925"}],"wp:attachment":[{"href":"https:\/\/www.sportchaco.com.ar\/index.php?rest_route=%2Fwp%2Fv2%2Fmedia&parent=30923"}],"wp:term":[{"taxonomy":"category","embeddable":true,"href":"https:\/\/www.sportchaco.com.ar\/index.php?rest_route=%2Fwp%2Fv2%2Fcategories&post=30923"},{"taxonomy":"post_tag","embeddable":true,"href":"https:\/\/www.sportchaco.com.ar\/index.php?rest_route=%2Fwp%2Fv2%2Ftags&post=30923"}],"curies":[{"name":"wp","href":"https:\/\/api.w.org\/{rel}","templated":true}]}}