{"id":30940,"date":"2026-01-06T23:33:10","date_gmt":"2026-01-07T02:33:10","guid":{"rendered":"https:\/\/www.sportchaco.com.ar\/?p=30940"},"modified":"2026-01-06T23:38:01","modified_gmt":"2026-01-07T02:38:01","slug":"efemerides-del-7-de-enero-2","status":"publish","type":"post","link":"https:\/\/www.sportchaco.com.ar\/?p=30940","title":{"rendered":"Efem\u00e9rides del 7 de enero"},"content":{"rendered":"<div class=\"container fullwidth-entry-title-wrapper\">\n<div class=\"container-wrapper fullwidth-entry-title\">\n<header class=\"entry-header-outer\">\n<div class=\"entry-header\">\n<h1 class=\"post-title entry-title\"><\/h1>\n<div class=\"single-post-meta post-meta clearfix\"><\/div>\n<\/div>\n<\/header>\n<\/div>\n<\/div>\n<div id=\"content\" class=\"site-content container\">\n<div id=\"main-content-row\" class=\"tie-row main-content-row\">\n<div class=\"main-content tie-col-md-8 tie-col-xs-12\" role=\"main\">\n<article id=\"the-post\" class=\"container-wrapper post-content tie-standard\">\n<div class=\"featured-area\">\n<div class=\"featured-area-inner\"><\/div>\n<\/div>\n<div id=\"share-buttons-top\" class=\"share-buttons share-buttons-top\"><\/div>\n<div class=\"entry-content entry clearfix\">\n<div class=\"container fullwidth-entry-title-wrapper\">\n<div class=\"container-wrapper fullwidth-entry-title\">\n<header class=\"entry-header-outer\">\n<div class=\"entry-header\">\n<div class=\"single-post-meta post-meta clearfix\">\n<div class=\"tie-alignright\"><\/div>\n<\/div>\n<\/div>\n<\/header>\n<\/div>\n<\/div>\n<div id=\"content\" class=\"site-content container\">\n<div id=\"main-content-row\" class=\"tie-row main-content-row\">\n<div class=\"main-content tie-col-md-8 tie-col-xs-12\" role=\"main\">\n<article id=\"the-post\" class=\"container-wrapper post-content tie-standard\">\n<div class=\"featured-area\">\n<div class=\"featured-area-inner\">\n<figure class=\"single-featured-image\"><\/figure>\n<figure class=\"single-featured-image\"><strong>Foto de Javier P\u00e9rez Kouth en un festejo.\u00a0<\/strong><\/figure>\n<\/div>\n<h5><\/h5>\n<\/div>\n<div class=\"entry-content entry clearfix\">\n<h5><strong>Esta es la Efem\u00e9rides del Deporte en el Chaco de un 7 de enero del periodista Luis Dar\u00edo Molodezky. Foto portada Felipe Cheri<\/strong><\/h5>\n<p style=\"text-align: center;\"><img loading=\"lazy\" decoding=\"async\" class=\"alignnone size-medium wp-image-30924\" src=\"https:\/\/www.sportchaco.com.ar\/wp-content\/uploads\/2026\/01\/Luis-2025-marzo-carita-sonriente-300x287.jpg\" alt=\"\" width=\"300\" height=\"287\" srcset=\"https:\/\/www.sportchaco.com.ar\/wp-content\/uploads\/2026\/01\/Luis-2025-marzo-carita-sonriente-300x287.jpg 300w, https:\/\/www.sportchaco.com.ar\/wp-content\/uploads\/2026\/01\/Luis-2025-marzo-carita-sonriente.jpg 383w\" sizes=\"auto, (max-width: 300px) 100vw, 300px\" \/><\/p>\n<p>&nbsp;<\/p>\n<p><strong>1960\u00a0<\/strong>\/ La Direcci\u00f3n de Arquitectura de la Provincia, entrega la posesi\u00f3n del edificio e instalaciones del Tiro Federal \u201cManuel Obligado\u201d a las autoridades del mismo encabezadas por su presidente, el doctor Jos\u00e9 Diez.<\/p>\n<p><strong>2006\u00a0<\/strong>\/ Fallece a los 78 a\u00f1os Felipe Cheri una de las grandes figuras del f\u00fatbol chaque\u00f1o, que deslumbr\u00f3 por su t\u00e9cnica, capacidad de creaci\u00f3n, en las d\u00e9cadas del 40 y 60. Se destac\u00f3 en Chaco For Ever, donde desarroll\u00f3 gran parte de su carrera y se podr\u00eda decir la mejor, porque fue campe\u00f3n en 1948-1949, 1950-1951, integrando una de las formaciones memorables compuesta por Monz\u00f3n; Piccilli y Kaufman; Bosicovich, Cheri, Contreras, Viera, Maidana, Canto, Onorio Romero y Gerardo Olivera. Lleg\u00f3 a mostrar su jerarqu\u00eda en San Lorenzo, Mandiy\u00fa de Corrientes y Talleres de C\u00f3rdoba, entre otros clubes. Ciego, Felipe Cheri pas\u00f3 sus \u00faltimos a\u00f1os internado en el asilo de Colonia Baranda.<\/p>\n<p><strong>2007\u00a0<\/strong>\/ El equipo femenino de f\u00fatbol de Chaco For Ever, en una gran demostraci\u00f3n, se consagr\u00f3 campe\u00f3n del Torneo Nacional disputado en Laboulaye, C\u00f3rdoba. El equipo gan\u00f3 cuatro partidos y perdi\u00f3 uno en la ronda inicial. For Ever se impuso a Milenium de La Pampa 3 a 1, Las Pumas de Mendoza 2 a 0 y perdieron con Belgrano de C\u00f3rdoba 2 a 0, clasificando por diferencia de goles. En la semifinal se impusieron sobre La Pampa 3 a 0 y en la final, con gran demostraci\u00f3n futbol\u00edstica, se impusieron por 4 a 1 sobre Belgrano.<\/p>\n<p><strong>2022 \/<\/strong> Fallece a los 52 a\u00f1os Javier P\u00e9rez Kohut, referente y s\u00edmbolo del handball en Chaco.\u00a0Fue jugador y entrenador, liderando \u00a0a la selecci\u00f3n de Chaco hasta la m\u00e1xima categor\u00eda (Torneo Argentino \u00abA\u00bb) y obtuvo m\u00faltiples t\u00edtulos locales. Fue de la partida en la hist\u00f3rica actuaci\u00f3n en el Mundial de Italia con Mirbeo. Todo lo atesorado como deportista lo volc\u00f3 a las nuevas generaciones puesto que fue un formador como director t\u00e9cnico, registrando el ascenso con For Ever al Nacional y la Asociaci\u00f3n Chaque\u00f1a a nivel de seleccionados.<\/p>\n<\/div>\n<\/article>\n<\/div>\n<\/div>\n<\/div>\n<\/div>\n<\/article>\n<\/div>\n<\/div>\n<\/div>\n","protected":false},"excerpt":{"rendered":"<p>Foto de Javier P\u00e9rez Kouth en un festejo.\u00a0 Esta es la Efem\u00e9rides del Deporte en el Chaco de un 7 de enero del periodista Luis Dar\u00edo Molodezky. Foto portada Felipe Cheri &nbsp; 1960\u00a0\/ La Direcci\u00f3n de Arquitectura de la Provincia, entrega la posesi\u00f3n del edificio e instalaciones del Tiro Federal \u201cManuel Obligado\u201d a las autoridades &hellip;<\/p>\n","protected":false},"author":2,"featured_media":30958,"comment_status":"open","ping_status":"open","sticky":false,"template":"","format":"standard","meta":{"footnotes":""},"categories":[45,31],"tags":[],"class_list":["post-30940","post","type-post","status-publish","format-standard","has-post-thumbnail","hentry","category-efemerides-dia-por-dia","category-enero"],"_links":{"self":[{"href":"https:\/\/www.sportchaco.com.ar\/index.php?rest_route=\/wp\/v2\/posts\/30940","targetHints":{"allow":["GET"]}}],"collection":[{"href":"https:\/\/www.sportchaco.com.ar\/index.php?rest_route=\/wp\/v2\/posts"}],"about":[{"href":"https:\/\/www.sportchaco.com.ar\/index.php?rest_route=\/wp\/v2\/types\/post"}],"author":[{"embeddable":true,"href":"https:\/\/www.sportchaco.com.ar\/index.php?rest_route=\/wp\/v2\/users\/2"}],"replies":[{"embeddable":true,"href":"https:\/\/www.sportchaco.com.ar\/index.php?rest_route=%2Fwp%2Fv2%2Fcomments&post=30940"}],"version-history":[{"count":2,"href":"https:\/\/www.sportchaco.com.ar\/index.php?rest_route=\/wp\/v2\/posts\/30940\/revisions"}],"predecessor-version":[{"id":30957,"href":"https:\/\/www.sportchaco.com.ar\/index.php?rest_route=\/wp\/v2\/posts\/30940\/revisions\/30957"}],"wp:featuredmedia":[{"embeddable":true,"href":"https:\/\/www.sportchaco.com.ar\/index.php?rest_route=\/wp\/v2\/media\/30958"}],"wp:attachment":[{"href":"https:\/\/www.sportchaco.com.ar\/index.php?rest_route=%2Fwp%2Fv2%2Fmedia&parent=30940"}],"wp:term":[{"taxonomy":"category","embeddable":true,"href":"https:\/\/www.sportchaco.com.ar\/index.php?rest_route=%2Fwp%2Fv2%2Fcategories&post=30940"},{"taxonomy":"post_tag","embeddable":true,"href":"https:\/\/www.sportchaco.com.ar\/index.php?rest_route=%2Fwp%2Fv2%2Ftags&post=30940"}],"curies":[{"name":"wp","href":"https:\/\/api.w.org\/{rel}","templated":true}]}}