{"id":30943,"date":"2026-01-06T23:36:48","date_gmt":"2026-01-07T02:36:48","guid":{"rendered":"https:\/\/www.sportchaco.com.ar\/?p=30943"},"modified":"2026-01-06T23:40:06","modified_gmt":"2026-01-07T02:40:06","slug":"30943","status":"publish","type":"post","link":"https:\/\/www.sportchaco.com.ar\/?p=30943","title":{"rendered":"Javier P\u00e9rez Kohut: El conductor del handball chaque\u00f1o que sembr\u00f3 generaciones"},"content":{"rendered":"<article class=\"text-token-text-primary w-full focus:outline-none [--shadow-height:45px] has-data-writing-block:pointer-events-none has-data-writing-block:-mt-(--shadow-height) has-data-writing-block:pt-(--shadow-height) [&amp;:has([data-writing-block])&gt;*]:pointer-events-auto scroll-mt-(--header-height)\" dir=\"auto\" tabindex=\"-1\" data-turn-id=\"d00c3d23-95af-4e87-890b-6e1877136fbb\" data-testid=\"conversation-turn-23\" data-scroll-anchor=\"false\" data-turn=\"user\">\n<div class=\"text-base my-auto mx-auto pt-12 [--thread-content-margin:--spacing(4)] @w-sm\/main:[--thread-content-margin:--spacing(6)] @w-lg\/main:[--thread-content-margin:--spacing(16)] px-(--thread-content-margin)\">\n<div class=\"[--thread-content-max-width:40rem] @w-lg\/main:[--thread-content-max-width:48rem] mx-auto max-w-(--thread-content-max-width) flex-1 group\/turn-messages focus-visible:outline-hidden relative flex w-full min-w-0 flex-col\" tabindex=\"-1\">\n<div class=\"flex max-w-full flex-col grow\">\n<div class=\"min-h-8 text-message relative flex w-full flex-col items-end gap-2 text-start break-words whitespace-normal [.text-message+&amp;]:mt-1\" dir=\"auto\" data-message-author-role=\"user\" data-message-id=\"d00c3d23-95af-4e87-890b-6e1877136fbb\">\n<div class=\"flex w-full flex-col gap-1 empty:hidden items-end rtl:items-start\">\n<div class=\"user-message-bubble-color corner-superellipse\/1.1 relative rounded-[18px] px-4 py-1.5 data-[multiline]:py-3 max-w-[var(--user-chat-width,70%)]\" data-multiline=\"\"><\/div>\n<\/div>\n<\/div>\n<\/div>\n<div class=\"z-0 flex justify-end\"><\/div>\n<\/div>\n<\/div>\n<\/article>\n<article class=\"text-token-text-primary w-full focus:outline-none [--shadow-height:45px] has-data-writing-block:pointer-events-none has-data-writing-block:-mt-(--shadow-height) has-data-writing-block:pt-(--shadow-height) [&amp;:has([data-writing-block])&gt;*]:pointer-events-auto scroll-mt-[calc(var(--header-height)+min(200px,max(70px,20svh)))]\" dir=\"auto\" tabindex=\"-1\" data-turn-id=\"737f5999-3d2f-420d-ab2c-a4e7b71f2222\" data-testid=\"conversation-turn-24\" data-scroll-anchor=\"true\" data-turn=\"assistant\">\n<div class=\"text-base my-auto mx-auto pb-10 [--thread-content-margin:--spacing(4)] @w-sm\/main:[--thread-content-margin:--spacing(6)] @w-lg\/main:[--thread-content-margin:--spacing(16)] px-(--thread-content-margin)\">\n<div class=\"[--thread-content-max-width:40rem] @w-lg\/main:[--thread-content-max-width:48rem] mx-auto max-w-(--thread-content-max-width) flex-1 group\/turn-messages focus-visible:outline-hidden relative flex w-full min-w-0 flex-col agent-turn\" tabindex=\"-1\">\n<div class=\"flex max-w-full flex-col grow\">\n<div class=\"min-h-8 text-message relative flex w-full flex-col items-end gap-2 text-start break-words whitespace-normal [.text-message+&amp;]:mt-1\" dir=\"auto\" data-message-author-role=\"assistant\" data-message-id=\"18e7759c-4183-486c-961a-4314ec47e99a\" data-message-model-slug=\"gpt-5-2\">\n<div class=\"flex w-full flex-col gap-1 empty:hidden first:pt-[1px]\">\n<div class=\"markdown prose dark:prose-invert w-full break-words light markdown-new-styling\">\n<hr data-start=\"183\" data-end=\"186\" \/>\n<h3 data-start=\"188\" data-end=\"212\"><\/h3>\n<h5 data-start=\"277\" data-end=\"607\">Se fue demasiado joven, pero dej\u00f3 una obra inmensa. <strong data-start=\"329\" data-end=\"351\">Javier P\u00e9rez Kohut<\/strong> no fue solamente un campe\u00f3n del handball argentino: fue, ante todo, un <strong data-start=\"423\" data-end=\"447\">formador de personas<\/strong>. A\u00f1os despu\u00e9s de su partida, su nombre sigue pronunci\u00e1ndose en canchas, bancos de suplentes y charlas de vestuario, all\u00ed donde el deporte se cruza con la vida.<\/h5>\n<\/div>\n<p><img loading=\"lazy\" decoding=\"async\" class=\"alignnone wp-image-30924\" src=\"https:\/\/www.sportchaco.com.ar\/wp-content\/uploads\/2026\/01\/Luis-2025-marzo-carita-sonriente-300x287.jpg\" alt=\"\" width=\"59\" height=\"57\" srcset=\"https:\/\/www.sportchaco.com.ar\/wp-content\/uploads\/2026\/01\/Luis-2025-marzo-carita-sonriente-300x287.jpg 300w, https:\/\/www.sportchaco.com.ar\/wp-content\/uploads\/2026\/01\/Luis-2025-marzo-carita-sonriente.jpg 383w\" sizes=\"auto, (max-width: 59px) 100vw, 59px\" \/>\u00a0<em><strong> POR LUIS DARIO MOLODEZKY<\/strong><\/em><\/p>\n<p>&nbsp;<\/p>\n<p>Javier fue el entrenador que entendi\u00f3 que ganar era importante, pero que <strong data-start=\"682\" data-end=\"726\">construir grupos humanos val\u00eda mucho m\u00e1s<\/strong>. Supo transformar equipos en comunidades, rivales en compa\u00f1eros y adolescentes en adultos responsables. Ense\u00f1\u00f3 fundamentos t\u00e9cnicos, s\u00ed, pero tambi\u00e9n valores simples y profundos: respeto, compromiso, solidaridad y la obligaci\u00f3n de ser buena persona.<\/p>\n<div class=\"markdown prose dark:prose-invert w-full break-words light markdown-new-styling\">\n<p data-start=\"978\" data-end=\"1479\">Su carrera como entrenador comenz\u00f3 de manera precoz, casi como una se\u00f1al de destino. <strong data-start=\"1063\" data-end=\"1080\">A los 14 a\u00f1os<\/strong>, en 1984, asumi\u00f3 la conducci\u00f3n de las categor\u00edas femeninas de <strong data-start=\"1143\" data-end=\"1153\">Mirbeo<\/strong>, instituci\u00f3n que durante m\u00e1s de quince a\u00f1os ser\u00eda la bandera del handball chaque\u00f1o en el plano regional y nacional. Hasta el a\u00f1o 2000, Javier molde\u00f3 all\u00ed generaciones de jugadoras, llevando al club al <strong data-start=\"1355\" data-end=\"1393\">Nacional de Clubes Adultos de 1997<\/strong>, en una \u00e9poca en la que el Chaco peleaba su lugar en el mapa del balonmano argentino.<\/p>\n<h3 data-start=\"1481\" data-end=\"1523\">La semilla que germin\u00f3 en Barranqueras<\/h3>\n<p data-start=\"1525\" data-end=\"1904\">Con el inicio del nuevo siglo, lejos de conformarse con lo logrado, <strong data-start=\"1593\" data-end=\"1615\">redobl\u00f3 la apuesta<\/strong>. Junto al profesor <strong data-start=\"1635\" data-end=\"1652\">Alfredo L\u00f3pez<\/strong>, encar\u00f3 el desarrollo integral de ni\u00f1os y adolescentes en el <strong data-start=\"1714\" data-end=\"1735\">CEF \u201cMagno L\u00f3pez\u201d<\/strong> de las 500 Viviendas, en Barranqueras. De ese semillero surgir\u00edan muchos de los jugadores y jugadoras que marcaron al handball chaque\u00f1o durante los \u00faltimos veinte a\u00f1os.<\/p>\n<p data-start=\"1906\" data-end=\"2237\">Los resultados deportivos acompa\u00f1aron ese proceso: participaciones en Nacionales Cadetes A en Mendoza y San Juan, campeonatos y ascensos en Cadetes B, y presencia constante en los torneos nacionales de Adultos. Pero lo m\u00e1s valioso fue invisible para las estad\u00edsticas: <strong data-start=\"2174\" data-end=\"2236\">la formaci\u00f3n de identidad, pertenencia y sentido colectivo<\/strong>.<\/p>\n<h3 data-start=\"2239\" data-end=\"2270\"><img decoding=\"async\" style=\"font-size: 16px; font-weight: 400;\" src=\"https:\/\/www.diarionorte.com\/content\/bucket\/6\/280646w790h597c.jpg.webp\" \/><\/h3>\n<h3 data-start=\"2239\" data-end=\"2270\">La gloria en blanco y negro<\/h3>\n<p data-start=\"2272\" data-end=\"2693\">En <strong data-start=\"2275\" data-end=\"2283\">2008<\/strong>, Javier abraz\u00f3 el proyecto de <strong data-start=\"2314\" data-end=\"2332\">Chaco For Ever<\/strong>, al que llev\u00f3 a la <strong data-start=\"2352\" data-end=\"2391\">gloria m\u00e1xima del handball femenino<\/strong> durante tres temporadas y posicion\u00f3 al masculino en la antesala de la elite nacional. Conform\u00f3 equipos de trabajo profesionales, planific\u00f3 a largo plazo y construy\u00f3 un lustro de logros ininterrumpidos que lo consagraron como <strong data-start=\"2617\" data-end=\"2692\">el t\u00e9cnico m\u00e1s exitoso y respetado de la historia del handball chaque\u00f1o<\/strong>.<\/p>\n<p data-start=\"2695\" data-end=\"3032\">Las albinegras ascendieron, compitieron y se consolidaron durante tres a\u00f1os consecutivos en los <strong data-start=\"2791\" data-end=\"2807\">Nacionales A<\/strong>, mientras que el equipo masculino particip\u00f3 de seis Nacionales C consecutivos y logr\u00f3, en 2019, el <strong data-start=\"2907\" data-end=\"2931\">campeonato y ascenso<\/strong> en San Nicol\u00e1s. Hoy, ese For Ever masculino qu\u00edntuple campe\u00f3n anual es tambi\u00e9n parte de su herencia.<\/p>\n<h3 data-start=\"3034\" data-end=\"3063\">M\u00e1s all\u00e1 de las fronteras<\/h3>\n<p data-start=\"3065\" data-end=\"3645\">Su capacidad de conducci\u00f3n trascendi\u00f3 provincias y pa\u00edses. En <strong data-start=\"3127\" data-end=\"3141\">Corrientes<\/strong>, con <strong data-start=\"3147\" data-end=\"3163\">San Patricio<\/strong>, llev\u00f3 al club a la elite nacional, alcanzando finales, ascensos y una hist\u00f3rica participaci\u00f3n en el Nacional A.<br data-start=\"3276\" data-end=\"3279\" \/>Y en <strong data-start=\"3284\" data-end=\"3296\">Paraguay<\/strong>, especialmente en <strong data-start=\"3315\" data-end=\"3327\">\u00d1eembuc\u00fa<\/strong>, dej\u00f3 una huella profunda: dirigi\u00f3 a <strong data-start=\"3365\" data-end=\"3381\">Odonto Pilar<\/strong>, fue campe\u00f3n nacional masculino, subcampe\u00f3n femenino, gan\u00f3 torneos internacionales y llev\u00f3 a las selecciones regionales a lo m\u00e1s alto del pa\u00eds. Su trabajo fue tan s\u00f3lido que en <strong data-start=\"3559\" data-end=\"3567\">2020<\/strong> fue evaluado como candidato a dirigir la <strong data-start=\"3609\" data-end=\"3644\">Selecci\u00f3n Paraguaya de Handball<\/strong>.<\/p>\n<p data-start=\"3065\" data-end=\"3645\"><img decoding=\"async\" src=\"https:\/\/www.novachaco.com\/data\/fotos2\/bbx_479803268_Javier_Perez_Kohut.jpg\" \/><\/p>\n<p data-start=\"3065\" data-end=\"3645\"><em><strong>Javier Perez Kohut, cuando fue distinguido con el premio \u00abSan Juan Bosco\u00bb que otorga la Asociaci\u00f3n de Exalumnos Salesianos, por su trayectoria en la disciplina y los logros alcanzados en 2019.<\/strong><\/em><\/p>\n<h3 data-start=\"3647\" data-end=\"3676\">El legado que no se apaga<\/h3>\n<p>&nbsp;<\/p>\n<p data-start=\"3678\" data-end=\"4109\">En sus \u00faltimos a\u00f1os volvi\u00f3 a apostar al desarrollo desde abajo, en <strong data-start=\"3745\" data-end=\"3775\">Salesianos \u201cMiguel Magone\u201d<\/strong>, acompa\u00f1ando a una instituci\u00f3n joven, convencido de que el futuro se construye en las formativas. Con un grupo de padres y colaboradores logr\u00f3 consolidar al club en todas las categor\u00edas y celebrar los primeros campeonatos juveniles en 2021. Incluso regres\u00f3 a jugar, a los <strong data-start=\"4048\" data-end=\"4059\">52 a\u00f1os<\/strong>, demostrando que la pasi\u00f3n no entiende de edades.<\/p>\n<p data-start=\"4111\" data-end=\"4462\">Javier P\u00e9rez Kohut fue <strong data-start=\"4134\" data-end=\"4172\">el conductor del handball chaque\u00f1o<\/strong>, un arquitecto silencioso de procesos que hoy siguen dando frutos. Su legado no est\u00e1 solo en los t\u00edtulos, ascensos o estad\u00edsticas interminables: est\u00e1 en cada entrenador que aprendi\u00f3 a mirar m\u00e1s all\u00e1 del resultado, en cada jugador que entendi\u00f3 que el deporte tambi\u00e9n es una escuela de vida.<\/p>\n<p data-start=\"4464\" data-end=\"4612\" data-is-last-node=\"\" data-is-only-node=\"\">Se fue joven. Demasiado.<br data-start=\"4488\" data-end=\"4491\" \/>Pero dej\u00f3 sembrado un camino tan profundo que seguir\u00e1 creciendo mientras haya una pelota de handball rodando en el Chaco.<\/p>\n<\/div>\n<p data-start=\"4464\" data-end=\"4612\" data-is-last-node=\"\" data-is-only-node=\"\"><strong>HISTORIA LLENA DE LOGROS<\/strong><\/p>\n<div class=\"flex max-w-full flex-col grow\">\n<div class=\"min-h-8 text-message relative flex w-full flex-col items-end gap-2 text-start break-words whitespace-normal [.text-message+&amp;]:mt-1\" dir=\"auto\" data-message-author-role=\"user\" data-message-id=\"d00c3d23-95af-4e87-890b-6e1877136fbb\">\n<div class=\"flex w-full flex-col gap-1 empty:hidden items-end rtl:items-start\">\n<div class=\"user-message-bubble-color corner-superellipse\/1.1 relative rounded-[18px] px-4 py-1.5 data-[multiline]:py-3 max-w-[var(--user-chat-width,70%)]\" data-multiline=\"\"><\/div>\n<\/div>\n<\/div>\n<\/div>\n<div class=\"z-0 flex justify-end\">\n<p>1997 \u2013 Mirbeo \u2013 Nacional de Clubes Adultos<\/p>\n<p>2003 \u2013 CEF Magno L\u00f3pez &#8211; VI Nacional de Cadetes A Masculino (Maip\u00fa).<\/p>\n<p>2003 \u2013 CEF Magno L\u00f3pez \u2013 II Nacional de Cadetes A Femenino (Maip\u00fa)<\/p>\n<p>2004 \u2013 CEF Magno L\u00f3pez &#8211; VII Nacional Cadetes A Masculino (San Juan).<\/p>\n<p>2004 \u2013 CEF Magno L\u00f3pez &#8211; III Nacional Cadetes A Femenino (San Juan).<\/p>\n<p>2005 \u2013 CEF Magno L\u00f3pez &#8211; I Nacional de Cadetes B Masculino (Resistencia).<\/p>\n<p>2005 \u2013 CEF Magno L\u00f3pez &#8211; *CAMPE\u00d3N* I Nacional de Cadetes B Femenino (Resistencia).<\/p>\n<p>2005 \u2013 CEF Magno L\u00f3pez \u2013 I Nacional de Adultos B Masculino (Jujuy)<\/p>\n<p>2005 \u2013 CEF Magno L\u00f3pez \u2013 I Nacional de Adultos B Femenino (Jujuy)<\/p>\n<p>2006 \u2013 CEF Magno L\u00f3pez \u2013 IX Nacional de Cadetes A Masculino (Resistencia).<\/p>\n<p>2006 \u2013 CEF Magno L\u00f3pez \u2013 V Nacional de Cadetes A Femenino (Resistencia).<\/p>\n<p>2006 \u2013 CEF Magno L\u00f3pez \u2013 II Nacional de Adultos B Masculino (Bah\u00eda Blanca)<\/p>\n<p>2008 \u2013 Mirbeo \u2013 Regional de Clubes Adules Masculino (Montecarlo)<\/p>\n<p>2009 \u2013 San Patricio \u2013 *FINALISTA* I Nacional Adultos Norte C Masculino<\/p>\n<p>2010 \u2013 For Ever \u2013 I Nacional C de Adultos Masculino (Montecarlo)<\/p>\n<p>2010 \u2013 For Ever \u2013 I Nacional C de Adultos Femenino (Montecarlo)<\/p>\n<p>2011 \u2013 For Ever \u2013 II Nacional C de Adultos Masculino (Salta)<\/p>\n<p>2011 \u2013 San Patricio \u2013 II Nacional C de Adultos Masculino (Salta)<\/p>\n<p>2011 \u2013 For Ever \u2013 *CAMPE\u00d3N* II Nacional C de Adultos Femenino (Salta)<\/p>\n<p>2012 \u2013 San Patricio \u2013 *ASCENSO* III Nacional de Adultos C Masculino (Montecarlo)<\/p>\n<p>2012 \u2013 For Ever \u2013 III Nacional de Adultos C Masculino (Montecarlo)<\/p>\n<p>2012 \u2013 For Ever \u2013 *ASCENSO* VI Nacional de Adultos B Femenino (Salta)<\/p>\n<p>2012 \u2013 San Patricio \u2013 *ASCENSO* III Nacional de Adultos C Masculino (Montecarlo)<\/p>\n<p>2013 \u2013 San Patricio \u2013 *ASCENSO* VII Nacional de Adultos B Masculino (Mendoza)<\/p>\n<p>2013 \u2013 For Ever \u2013 IV Nacional de Adultos C Masculino (Montecarlo)<\/p>\n<p>2013 \u2013 For Ever \u2013 XVII Nacional de Adultos A Femenino (Luj\u00e1n de Cuyo)<\/p>\n<p>2014 \u2013 San Patricio \u2013 XXVI Nacional de Adultos A Masculino (Villa Ballester)<\/p>\n<p>2014 \u2013 For Ever \u2013 V Nacional de Adultos C Masculino (Montecarlo)<\/p>\n<p>2014 \u2013 For Ever \u2013 XVIII Nacional de Adultos A Femenino (Alte. Brown)<\/p>\n<p>2015 \u2013 For Ever \u2013 XIX Nacional de Adultos A Femenino (Villa Ballester)<\/p>\n<p>2015 \u2013 San Patricio \u2013 IX Nacional de Adultos B Masculino (Formosa)<\/p>\n<p>2018 \u2013 For Ever \u2013 Nacional de Adultos C Femenino (Chapadmalal)<\/p>\n<p>2018 \u2013 For Ever \u2013 Regional de Clubes Adultos Masculino (Posadas)<\/p>\n<p>2018 \u2013 Sarmiento \u2013 Regional de Clubes Femenino (Montecarlo)<\/p>\n<p>2019 \u2013 For Ever \u2013 *CAMPE\u00d3N* XI Nacional de Adultos C Masculino (San Nicol\u00e1s)<\/p>\n<p>2019 \u2013 Salesianos \u2013 IX Nacional Cadetes C Masculino (Chapadmalal)<\/p>\n<p>2019 \u2013 Salesianos \u2013 Torneo Regional de Adultos Masculino (Montecarlo)<\/p>\n<p>.<\/p>\n<p>*Entrenador de Selecciones*<\/p>\n<p>*CHACO*<\/p>\n<p>_Coordinador de Selecciones desde 2015_<\/p>\n<p>2012 \u2013 *ASCENSO* Argentino de Selecciones Menores Masculina (Resistencia)<\/p>\n<p>2015 \u2013 *ASCENSO* Argentino de Selecciones Adultos B Masculina (Santa Fe)<\/p>\n<p>2017 \u2013 Argentino de Selecciones Juniors<\/p>\n<p>2019 \u2013 Argentino de Selecciones Adultos A Masculino (Mar del Plata)<\/p>\n<p>*CORRIENTES*<\/p>\n<p>2012 \u2013 Argentino de Selecciones Juveniles Masculina (Chapadmalal)<\/p>\n<p>.<\/p>\n<p>*Internacional*<\/p>\n<p>2016 \u2013 Odonto Pilar \u2013 *Campe\u00f3n* Femenino en Rio Brilhante (Brasil)<\/p>\n<p>2017 \u2013 Odonto Pilar \u2013\u00a0 *Campe\u00f3n* Masculino y Femenino Copa Verde (Montecarlo)<\/p>\n<p>2017 \u2013 Odonto Pilar &#8211; *Campeon* Nacional Masculino.<\/p>\n<p>2017 \u2013 Odonto Pilar &#8211; *Subcampe\u00f3n* Nacional Femenino<\/p>\n<p>_Director T\u00e9cnico de Selecciones de Pilar (Paraguay) desde 2016_<\/p>\n<p>2018 \u2013 XXXIII Nacional Mayor Femenina (Ypan\u00e9)<\/p>\n<p>2018 &#8211; *CAMPE\u00d3N* XXXIII Nacional Mayor Masculino (Ypan\u00e9)<\/p>\n<p>2019 \u2013 Clasificatorio al Nacional 2019 Masculino y Femenino (Coronel Oviedo)<\/p>\n<p>2019 &#8211; *FINALISTA* XXXIV Nacional Mayor Masculino (Santan\u00ed)<\/p>\n<p>2021 \u2013 *CAMPE\u00d3N* XXXV Nacional Mayor Masculino (Presidente Franco)<\/p>\n<p><img loading=\"lazy\" decoding=\"async\" class=\"alignnone wp-image-30924\" src=\"https:\/\/www.sportchaco.com.ar\/wp-content\/uploads\/2026\/01\/Luis-2025-marzo-carita-sonriente-300x287.jpg\" alt=\"\" width=\"59\" height=\"57\" srcset=\"https:\/\/www.sportchaco.com.ar\/wp-content\/uploads\/2026\/01\/Luis-2025-marzo-carita-sonriente-300x287.jpg 300w, https:\/\/www.sportchaco.com.ar\/wp-content\/uploads\/2026\/01\/Luis-2025-marzo-carita-sonriente.jpg 383w\" sizes=\"auto, (max-width: 59px) 100vw, 59px\" \/>\u00a0<em><strong> POR LUIS DARIO MOLODEZKY<\/strong><\/em><\/p>\n<\/div>\n<\/div>\n<\/div>\n<\/div>\n<\/div>\n<\/div>\n<\/article>\n","protected":false},"excerpt":{"rendered":"<p>Se fue demasiado joven, pero dej\u00f3 una obra inmensa. Javier P\u00e9rez Kohut no fue solamente un campe\u00f3n del handball argentino: fue, ante todo, un formador de personas. A\u00f1os despu\u00e9s de su partida, su nombre sigue pronunci\u00e1ndose en canchas, bancos de suplentes y charlas de vestuario, all\u00ed donde el deporte se cruza con la vida. \u00a0 &hellip;<\/p>\n","protected":false},"author":2,"featured_media":30947,"comment_status":"open","ping_status":"open","sticky":false,"template":"","format":"standard","meta":{"footnotes":""},"categories":[54,78],"tags":[],"class_list":["post-30943","post","type-post","status-publish","format-standard","has-post-thumbnail","hentry","category-handball","category-historias"],"_links":{"self":[{"href":"https:\/\/www.sportchaco.com.ar\/index.php?rest_route=\/wp\/v2\/posts\/30943","targetHints":{"allow":["GET"]}}],"collection":[{"href":"https:\/\/www.sportchaco.com.ar\/index.php?rest_route=\/wp\/v2\/posts"}],"about":[{"href":"https:\/\/www.sportchaco.com.ar\/index.php?rest_route=\/wp\/v2\/types\/post"}],"author":[{"embeddable":true,"href":"https:\/\/www.sportchaco.com.ar\/index.php?rest_route=\/wp\/v2\/users\/2"}],"replies":[{"embeddable":true,"href":"https:\/\/www.sportchaco.com.ar\/index.php?rest_route=%2Fwp%2Fv2%2Fcomments&post=30943"}],"version-history":[{"count":5,"href":"https:\/\/www.sportchaco.com.ar\/index.php?rest_route=\/wp\/v2\/posts\/30943\/revisions"}],"predecessor-version":[{"id":30949,"href":"https:\/\/www.sportchaco.com.ar\/index.php?rest_route=\/wp\/v2\/posts\/30943\/revisions\/30949"}],"wp:featuredmedia":[{"embeddable":true,"href":"https:\/\/www.sportchaco.com.ar\/index.php?rest_route=\/wp\/v2\/media\/30947"}],"wp:attachment":[{"href":"https:\/\/www.sportchaco.com.ar\/index.php?rest_route=%2Fwp%2Fv2%2Fmedia&parent=30943"}],"wp:term":[{"taxonomy":"category","embeddable":true,"href":"https:\/\/www.sportchaco.com.ar\/index.php?rest_route=%2Fwp%2Fv2%2Fcategories&post=30943"},{"taxonomy":"post_tag","embeddable":true,"href":"https:\/\/www.sportchaco.com.ar\/index.php?rest_route=%2Fwp%2Fv2%2Ftags&post=30943"}],"curies":[{"name":"wp","href":"https:\/\/api.w.org\/{rel}","templated":true}]}}