{"id":30962,"date":"2026-01-06T12:35:34","date_gmt":"2026-01-06T15:35:34","guid":{"rendered":"https:\/\/www.sportchaco.com.ar\/?p=30962"},"modified":"2026-01-06T23:14:21","modified_gmt":"2026-01-07T02:14:21","slug":"alejo-toledo-vocacion-y-pasion-van-de-la-mano","status":"publish","type":"post","link":"https:\/\/www.sportchaco.com.ar\/?p=30962","title":{"rendered":"Alejo Toledo, vocaci\u00f3n y pasi\u00f3n van de la mano"},"content":{"rendered":"<h6 data-start=\"186\" data-end=\"248\">Foto portada: Hace pocos meses se dio un gusto, poder viajar por el mundo con su madre. Aqu\u00ed en Roma.<\/h6>\n<h5 data-start=\"250\" data-end=\"675\"><strong data-start=\"250\" data-end=\"298\">Alejo Toledo tiene 34 a\u00f1os (cumplidos el 15 de octubre) <\/strong>, y su nombre ya ocupa un lugar especial en la historia reciente del b\u00e1squet chaque\u00f1o. Capit\u00e1n del \u00faltimo gran ciclo de <strong data-start=\"418\" data-end=\"438\">Villa San Mart\u00edn<\/strong>, fue el rostro de un equipo campe\u00f3n, el l\u00edder que alz\u00f3 los trofeos de la <strong data-start=\"512\" data-end=\"555\">Asociaci\u00f3n de B\u00e1squetbol de Resistencia<\/strong> en los torneos <strong data-start=\"571\" data-end=\"594\">Apertura y Clausura<\/strong>, y el s\u00edmbolo de una identidad construida con pertenencia, compromiso y valores.<\/h5>\n<p data-start=\"677\" data-end=\"1114\">Pero Alejo es mucho m\u00e1s que un jugador destacado. Es, sobre todo, un <strong data-start=\"746\" data-end=\"799\">espejo en el que pueden mirarse cientos de chicos<\/strong>, porque logr\u00f3 algo que no siempre parece posible: <strong data-start=\"850\" data-end=\"927\">combinar el alto rendimiento deportivo con una s\u00f3lida carrera profesional<\/strong>. Hoy, adem\u00e1s de referente del b\u00e1squet, es un <strong data-start=\"973\" data-end=\"1005\">destacado m\u00e9dico oftalm\u00f3logo<\/strong>, vocaci\u00f3n heredada de su padre <strong data-start=\"1037\" data-end=\"1054\">Daniel Toledo<\/strong>, quien tambi\u00e9n le transmiti\u00f3 el amor por la pelota naranja.<\/p>\n<p data-start=\"677\" data-end=\"1114\"><img decoding=\"async\" src=\"https:\/\/baskettotal.com.ar\/wp-content\/uploads\/2025\/12\/FB_IMG_1766750721702-585x600.jpg\" alt=\"Alejo Toledo: \u201cHasta el \u00faltimo minuto que juegue al b\u00e1squet ser\u00e1 en Villa San Martin; soy muy feliz vistiendo esta camiseta\u201d \u2013 baskettotal.com.ar\" \/><\/p>\n<h3 data-start=\"1116\" data-end=\"1146\">Desde la cuna al liderazgo<\/h3>\n<p data-start=\"1148\" data-end=\"1492\">Su historia con Villa San Mart\u00edn comenz\u00f3 casi antes de aprender a caminar. <strong data-start=\"1223\" data-end=\"1239\">A los 4 a\u00f1os<\/strong>, en el club de la calle Saavedra 135, empez\u00f3 un recorrido que nunca se interrumpi\u00f3 del todo. Pas\u00f3 por todas las categor\u00edas formativas y creci\u00f3 junto a la instituci\u00f3n, hasta convertirse en capit\u00e1n y referente, alguien que entiende el club desde adentro.<\/p>\n<p data-start=\"1494\" data-end=\"1973\">Los caminos del deporte y la vida lo llevaron luego a <strong data-start=\"1548\" data-end=\"1564\">Buenos Aires<\/strong>, donde realiz\u00f3 su residencia m\u00e9dica. All\u00ed defendi\u00f3 camisetas hist\u00f3ricas del b\u00e1squet porte\u00f1o y bonaerense, disput\u00f3 el <strong data-start=\"1682\" data-end=\"1700\">Torneo Federal<\/strong>, el <strong data-start=\"1705\" data-end=\"1720\">Pre Federal<\/strong>, y lleg\u00f3 a jugar la <strong data-start=\"1741\" data-end=\"1759\">Liga Argentina<\/strong>, siempre sin perder el v\u00ednculo con el club de sus amores. Incluso en el momento m\u00e1s exigente de su formaci\u00f3n profesional, busc\u00f3 equipos que le permitieran entrenar de noche para dedicar el d\u00eda completo al estudio.<\/p>\n<p data-start=\"1494\" data-end=\"1973\"><img decoding=\"async\" src=\"https:\/\/baskettotal.com.ar\/wp-content\/uploads\/2025\/12\/1001223147.jpg\" alt=\"Alejo Toledo: \u201cHasta el \u00faltimo minuto que juegue al b\u00e1squet ser\u00e1 en Villa San Martin; soy muy feliz vistiendo esta camiseta\u201d \u2013 baskettotal.com.ar\" \/><\/p>\n<h3 data-start=\"1975\" data-end=\"2007\">Elegir, resignar y construir<\/h3>\n<p data-start=\"2009\" data-end=\"2297\">Alejo tuvo oportunidades de dar un salto mayor en lo deportivo. En tiempos de pandemia, llegaron llamados desde la <strong data-start=\"2124\" data-end=\"2141\">Liga Nacional<\/strong>, pero eligi\u00f3 no abandonar la residencia m\u00e9dica. Fue una decisi\u00f3n dif\u00edcil, pero coherente con su forma de ver la vida: <strong data-start=\"2260\" data-end=\"2284\">pensar a largo plazo<\/strong>, sin atajos.<\/p>\n<p data-start=\"2299\" data-end=\"2644\">Ese equilibrio entre ambici\u00f3n y responsabilidad marc\u00f3 su carrera. Nunca se obsesion\u00f3 con \u201cllegar\u201d, sino con <strong data-start=\"2407\" data-end=\"2437\">cumplir objetivos cercanos<\/strong>, torneo a torneo, paso a paso. Y as\u00ed, casi sin propon\u00e9rselo, termin\u00f3 construyendo un recorrido admirable: campe\u00f3n con su club, protagonista en categor\u00edas nacionales, y referente dentro y fuera de la cancha.<\/p>\n<h3 data-start=\"2646\" data-end=\"2676\">Capit\u00e1n, campe\u00f3n y ejemplo<\/h3>\n<p data-start=\"2678\" data-end=\"3047\">Su regreso a Villa San Mart\u00edn fue tan natural como inevitable. Lleg\u00f3 casi de urgencia, para cubrir una necesidad del equipo, y termin\u00f3 siendo <strong data-start=\"2820\" data-end=\"2845\">pieza clave y capit\u00e1n<\/strong> de un ciclo dorado. Con liderazgo silencioso, compromiso cotidiano y sentido de pertenencia, condujo a Villa a lo m\u00e1s alto del b\u00e1squet local, levantando t\u00edtulos y consolidando un grupo que dej\u00f3 huella.<\/p>\n<p data-start=\"3049\" data-end=\"3398\">Hoy, cuando se habla de Alejo Toledo, no se habla solo de estad\u00edsticas. Se habla de <strong data-start=\"3133\" data-end=\"3145\">conducta<\/strong>, de <strong data-start=\"3150\" data-end=\"3162\">esfuerzo<\/strong>, de <strong data-start=\"3167\" data-end=\"3181\">sacrificio<\/strong>, de noches de estudio, de entrenamientos tard\u00edos, de finales rendidos y pretemporadas que se llevaron vacaciones, fiestas y reuniones familiares. Se habla de alguien que eligi\u00f3 <strong data-start=\"3359\" data-end=\"3397\">no abandonar ninguno de sus sue\u00f1os<\/strong>.<img decoding=\"async\" src=\"https:\/\/www.laliganacional.com.ar\/archivos\/noticias\/42135\/foto-47672.jpg\" alt=\"La Liga Argentina de B\u00e1squetbol | Noticia | Con la vara alta y una gran experiencia incorporada, Alejo Toledo vuelve a Villa San Mart\u00edn\" \/><\/p>\n<h3 data-start=\"3400\" data-end=\"3439\">Un mensaje que trasciende la cancha<\/h3>\n<p data-start=\"3441\" data-end=\"3755\">Alejo suele repetirlo con simpleza: <em data-start=\"3477\" data-end=\"3487\">se puede<\/em>. Se puede estudiar y entrenar. Se puede caer y volver. Se puede resignar algo hoy para ganar tranquilidad ma\u00f1ana. Su camino demuestra que el deporte no est\u00e1 re\u00f1ido con el conocimiento, y que la disciplina aprendida en la cancha tambi\u00e9n sirve para la vida profesional.<\/p>\n<p data-start=\"3757\" data-end=\"3992\" data-is-last-node=\"\" data-is-only-node=\"\"><strong data-start=\"3785\" data-end=\"3801\">Alejo Toledo<\/strong> es presente y legado. Un capit\u00e1n campe\u00f3n, un m\u00e9dico comprometido y, sobre todo, <strong data-start=\"3882\" data-end=\"3904\">un ejemplo vigente<\/strong> de que cuando la vocaci\u00f3n y la pasi\u00f3n van de la mano, el esfuerzo siempre vale la pena.<\/p>\n<p data-start=\"3757\" data-end=\"3992\" data-is-last-node=\"\" data-is-only-node=\"\"><strong><img loading=\"lazy\" decoding=\"async\" class=\"alignnone wp-image-30924\" src=\"https:\/\/www.sportchaco.com.ar\/wp-content\/uploads\/2026\/01\/Luis-2025-marzo-carita-sonriente-300x287.jpg\" alt=\"\" width=\"56\" height=\"54\" srcset=\"https:\/\/www.sportchaco.com.ar\/wp-content\/uploads\/2026\/01\/Luis-2025-marzo-carita-sonriente-300x287.jpg 300w, https:\/\/www.sportchaco.com.ar\/wp-content\/uploads\/2026\/01\/Luis-2025-marzo-carita-sonriente.jpg 383w\" sizes=\"auto, (max-width: 56px) 100vw, 56px\" \/>\u00a0Por Luis Dar\u00edo Molodezky<\/strong><\/p>\n","protected":false},"excerpt":{"rendered":"<p>Foto portada: Hace pocos meses se dio un gusto, poder viajar por el mundo con su madre. Aqu\u00ed en Roma. Alejo Toledo tiene 34 a\u00f1os (cumplidos el 15 de octubre) , y su nombre ya ocupa un lugar especial en la historia reciente del b\u00e1squet chaque\u00f1o. Capit\u00e1n del \u00faltimo gran ciclo de Villa San Mart\u00edn, &hellip;<\/p>\n","protected":false},"author":2,"featured_media":30963,"comment_status":"open","ping_status":"open","sticky":false,"template":"","format":"standard","meta":{"footnotes":""},"categories":[3],"tags":[],"class_list":["post-30962","post","type-post","status-publish","format-standard","has-post-thumbnail","hentry","category-basquetbol"],"_links":{"self":[{"href":"https:\/\/www.sportchaco.com.ar\/index.php?rest_route=\/wp\/v2\/posts\/30962","targetHints":{"allow":["GET"]}}],"collection":[{"href":"https:\/\/www.sportchaco.com.ar\/index.php?rest_route=\/wp\/v2\/posts"}],"about":[{"href":"https:\/\/www.sportchaco.com.ar\/index.php?rest_route=\/wp\/v2\/types\/post"}],"author":[{"embeddable":true,"href":"https:\/\/www.sportchaco.com.ar\/index.php?rest_route=\/wp\/v2\/users\/2"}],"replies":[{"embeddable":true,"href":"https:\/\/www.sportchaco.com.ar\/index.php?rest_route=%2Fwp%2Fv2%2Fcomments&post=30962"}],"version-history":[{"count":3,"href":"https:\/\/www.sportchaco.com.ar\/index.php?rest_route=\/wp\/v2\/posts\/30962\/revisions"}],"predecessor-version":[{"id":30979,"href":"https:\/\/www.sportchaco.com.ar\/index.php?rest_route=\/wp\/v2\/posts\/30962\/revisions\/30979"}],"wp:featuredmedia":[{"embeddable":true,"href":"https:\/\/www.sportchaco.com.ar\/index.php?rest_route=\/wp\/v2\/media\/30963"}],"wp:attachment":[{"href":"https:\/\/www.sportchaco.com.ar\/index.php?rest_route=%2Fwp%2Fv2%2Fmedia&parent=30962"}],"wp:term":[{"taxonomy":"category","embeddable":true,"href":"https:\/\/www.sportchaco.com.ar\/index.php?rest_route=%2Fwp%2Fv2%2Fcategories&post=30962"},{"taxonomy":"post_tag","embeddable":true,"href":"https:\/\/www.sportchaco.com.ar\/index.php?rest_route=%2Fwp%2Fv2%2Ftags&post=30962"}],"curies":[{"name":"wp","href":"https:\/\/api.w.org\/{rel}","templated":true}]}}