{"id":30969,"date":"2026-01-06T19:41:46","date_gmt":"2026-01-06T22:41:46","guid":{"rendered":"https:\/\/www.sportchaco.com.ar\/?p=30969"},"modified":"2026-01-06T21:02:13","modified_gmt":"2026-01-07T00:02:13","slug":"varias-salidas-de-tecnicos-en-la-liga-chaquena","status":"publish","type":"post","link":"https:\/\/www.sportchaco.com.ar\/?p=30969","title":{"rendered":"Varias salidas de t\u00e9cnicos en la Liga Chaque\u00f1a"},"content":{"rendered":"<p><strong>06-01-2026<\/strong><\/p>\n<p><img loading=\"lazy\" decoding=\"async\" class=\"aligncenter size-large wp-image-19472\" src=\"https:\/\/www.sportchaco.com.ar\/wp-content\/uploads\/2025\/05\/Red-de-empeleos-1200x200-1-1024x171.gif\" alt=\"\" width=\"1024\" height=\"171\" srcset=\"https:\/\/www.sportchaco.com.ar\/wp-content\/uploads\/2025\/05\/Red-de-empeleos-1200x200-1-1024x171.gif 1024w, https:\/\/www.sportchaco.com.ar\/wp-content\/uploads\/2025\/05\/Red-de-empeleos-1200x200-1-300x50.gif 300w, https:\/\/www.sportchaco.com.ar\/wp-content\/uploads\/2025\/05\/Red-de-empeleos-1200x200-1-768x128.gif 768w, https:\/\/www.sportchaco.com.ar\/wp-content\/uploads\/2025\/05\/Red-de-empeleos-1200x200-1-1536x256.gif 1536w, https:\/\/www.sportchaco.com.ar\/wp-content\/uploads\/2025\/05\/Red-de-empeleos-1200x200-1-2048x341.gif 2048w\" sizes=\"auto, (max-width: 1024px) 100vw, 1024px\" \/><\/p>\n<p>La competencia oficial de la Liga Chaque\u00f1a de F\u00fatbol todav\u00eda no ha empezado en este a\u00f1o 2026 y varios clubes de Primera Divisi\u00f3n se quedaron sin entrenador.<\/p>\n<p>D\u00edas atr\u00e1s, luego de una reuni\u00f3n en la sede de Don Orione en Barranqueras, el club \u00abportuario\u00bb y David Alfredo Moreno llegaron de com\u00fan acuerdo para una salida del DT poni\u00e9ndole fin a su cuarta etapa en la instituci\u00f3n.<\/p>\n<p>\u00abDavilo\u00bb estuvo al frente del equipo por un a\u00f1o y medio donde dirigi\u00f3 parte del torneo Apertura 2024, todo el Clausura y en el 2025 estuvo al frente de ambos torneos liguistas y el Federativo.<\/p>\n<p>En estas \u00faltimas horas, Villa Alvear dej\u00f3 de contar con los servicios de Maximiliano Flores anunci\u00e1ndolo a trav\u00e9s de sus redes sociales. \u00abPete\u00bb, como es conocido ahora el exentrenador \u00abfunebrero\u00bb, dirigi\u00f3 en su primera experiencia como cabeza de grupo diez partidos de los cuales gan\u00f3 5, empat\u00f3 1 y perdi\u00f3 en los restantes 4.<\/p>\n<p>Otro de los t\u00e9cnicos que realizaba su primera experiencia es Rodolfo Ben\u00edtez que se alej\u00f3 del Deportivo Itati tras hacerse cargo de los dos \u00faltimos torneos locales.<\/p>\n<p>Tambi\u00e9n Facundo Escobar dej\u00f3 su cargo de entrenador en San Mart\u00edn de Margarita Bel\u00e9n por cuestiones personales y laborales. El DT estuvo al frente del \u00abcosechero\u00bb durante todo el a\u00f1o pasado y logr\u00f3 conseguir un 50,53% de los puntos en disputa, adem\u00e1s de hacer debutar a varios chicos del club en Primera.<\/p>\n<p>Adem\u00e1s, finalizando la temporada 2025, Claudio Santa Cruz declar\u00f3 que pod\u00eda dejar de ser el director t\u00e9cnico de Estudiantes luego de dos a\u00f1os frente al club de Villa Prosperidad.<\/p>\n<p>Habr\u00e1 que seguir esperando para ver las novedades de la danza de DT en la Liga Chaque\u00f1a previo al inicio de la competencia, probablemente, para el mes de marzo.<\/p>\n<p><img loading=\"lazy\" decoding=\"async\" class=\"aligncenter size-large wp-image-20149\" src=\"https:\/\/www.sportchaco.com.ar\/wp-content\/uploads\/2025\/06\/Chaco-sin-fuego-1080x1350-3-819x1024.gif\" alt=\"\" width=\"819\" height=\"1024\" srcset=\"https:\/\/www.sportchaco.com.ar\/wp-content\/uploads\/2025\/06\/Chaco-sin-fuego-1080x1350-3-819x1024.gif 819w, https:\/\/www.sportchaco.com.ar\/wp-content\/uploads\/2025\/06\/Chaco-sin-fuego-1080x1350-3-240x300.gif 240w, https:\/\/www.sportchaco.com.ar\/wp-content\/uploads\/2025\/06\/Chaco-sin-fuego-1080x1350-3-768x960.gif 768w, https:\/\/www.sportchaco.com.ar\/wp-content\/uploads\/2025\/06\/Chaco-sin-fuego-1080x1350-3-1229x1536.gif 1229w, https:\/\/www.sportchaco.com.ar\/wp-content\/uploads\/2025\/06\/Chaco-sin-fuego-1080x1350-3-1638x2048.gif 1638w\" sizes=\"auto, (max-width: 819px) 100vw, 819px\" \/><\/p>\n","protected":false},"excerpt":{"rendered":"<p>06-01-2026 La competencia oficial de la Liga Chaque\u00f1a de F\u00fatbol todav\u00eda no ha empezado en este a\u00f1o 2026 y varios clubes de Primera Divisi\u00f3n se quedaron sin entrenador. D\u00edas atr\u00e1s, luego de una reuni\u00f3n en la sede de Don Orione en Barranqueras, el club \u00abportuario\u00bb y David Alfredo Moreno llegaron de com\u00fan acuerdo para una &hellip;<\/p>\n","protected":false},"author":3,"featured_media":30970,"comment_status":"open","ping_status":"open","sticky":false,"template":"","format":"standard","meta":{"footnotes":""},"categories":[5],"tags":[],"class_list":["post-30969","post","type-post","status-publish","format-standard","has-post-thumbnail","hentry","category-futbol"],"_links":{"self":[{"href":"https:\/\/www.sportchaco.com.ar\/index.php?rest_route=\/wp\/v2\/posts\/30969","targetHints":{"allow":["GET"]}}],"collection":[{"href":"https:\/\/www.sportchaco.com.ar\/index.php?rest_route=\/wp\/v2\/posts"}],"about":[{"href":"https:\/\/www.sportchaco.com.ar\/index.php?rest_route=\/wp\/v2\/types\/post"}],"author":[{"embeddable":true,"href":"https:\/\/www.sportchaco.com.ar\/index.php?rest_route=\/wp\/v2\/users\/3"}],"replies":[{"embeddable":true,"href":"https:\/\/www.sportchaco.com.ar\/index.php?rest_route=%2Fwp%2Fv2%2Fcomments&post=30969"}],"version-history":[{"count":5,"href":"https:\/\/www.sportchaco.com.ar\/index.php?rest_route=\/wp\/v2\/posts\/30969\/revisions"}],"predecessor-version":[{"id":30976,"href":"https:\/\/www.sportchaco.com.ar\/index.php?rest_route=\/wp\/v2\/posts\/30969\/revisions\/30976"}],"wp:featuredmedia":[{"embeddable":true,"href":"https:\/\/www.sportchaco.com.ar\/index.php?rest_route=\/wp\/v2\/media\/30970"}],"wp:attachment":[{"href":"https:\/\/www.sportchaco.com.ar\/index.php?rest_route=%2Fwp%2Fv2%2Fmedia&parent=30969"}],"wp:term":[{"taxonomy":"category","embeddable":true,"href":"https:\/\/www.sportchaco.com.ar\/index.php?rest_route=%2Fwp%2Fv2%2Fcategories&post=30969"},{"taxonomy":"post_tag","embeddable":true,"href":"https:\/\/www.sportchaco.com.ar\/index.php?rest_route=%2Fwp%2Fv2%2Ftags&post=30969"}],"curies":[{"name":"wp","href":"https:\/\/api.w.org\/{rel}","templated":true}]}}