{"id":30983,"date":"2026-01-07T15:06:29","date_gmt":"2026-01-07T18:06:29","guid":{"rendered":"https:\/\/www.sportchaco.com.ar\/?p=30983"},"modified":"2026-01-07T15:06:29","modified_gmt":"2026-01-07T18:06:29","slug":"vedia-dio-inicio-a-su-colonia-de-vacaciones","status":"publish","type":"post","link":"https:\/\/www.sportchaco.com.ar\/?p=30983","title":{"rendered":"Vedia dio inicio a su colonia de vacaciones"},"content":{"rendered":"<p><strong>07-01-2026<\/strong><\/p>\n<p><img loading=\"lazy\" decoding=\"async\" class=\"aligncenter size-large wp-image-20101\" src=\"https:\/\/www.sportchaco.com.ar\/wp-content\/uploads\/2025\/06\/320x50-1-1024x160.gif\" alt=\"\" width=\"1024\" height=\"160\" srcset=\"https:\/\/www.sportchaco.com.ar\/wp-content\/uploads\/2025\/06\/320x50-1-1024x160.gif 1024w, https:\/\/www.sportchaco.com.ar\/wp-content\/uploads\/2025\/06\/320x50-1-300x47.gif 300w, https:\/\/www.sportchaco.com.ar\/wp-content\/uploads\/2025\/06\/320x50-1-768x120.gif 768w\" sizes=\"auto, (max-width: 1024px) 100vw, 1024px\" \/><\/p>\n<p>Este 2 de enero dieron inicio la\u00a0Colonia\u00a0de Vacaciones \u2013 Temporada 2026, una propuesta impulsada por el Municipio de General Vedia que busca fomentar el juego, la recreaci\u00f3n y la integraci\u00f3n comunitaria durante el verano.<\/p>\n<p>La nueva edici\u00f3n cuenta con la participaci\u00f3n de m\u00e1s de 230 inscriptos, entre ni\u00f1os, j\u00f3venes, adultos mayores y aspirantes a las fuerzas, quienes desarrollar\u00e1n diversas actividades deportivas y recreativas bajo la coordinaci\u00f3n de profesores y entrenadores especializados.<\/p>\n<p>Desde la comuna de Vedia\u00a0destacaron la importancia de esta iniciativa, que a\u00f1o tras a\u00f1o convoca a vecinos de toda la localidad y de los parajes cercanos, fortaleciendo el esp\u00edritu comunitario y ofreciendo espacios de encuentro, inclusi\u00f3n y bienestar para todas las edades.<\/p>\n<p>\u201cAgradecemos profundamente a las familias por la confianza y al equipo de profesores, coordinadores y personal municipal por el compromiso y la dedicaci\u00f3n que hacen posible esta propuesta\u201d, expres\u00f3 el intendente Jos\u00e9 Liras.<\/p>\n<p>Las Colonia de Vacaciones\u00a0se consolidan as\u00ed como un espacio de referencia para el disfrute y la recreaci\u00f3n de la comunidad, promoviendo h\u00e1bitos saludables y momentos compartidos en un ambiente de alegr\u00eda y compa\u00f1erismo.<\/p>\n<p>El Municipio de General Vedia celebra el inicio de una nueva temporada y reafirma su compromiso con el desarrollo de actividades recreativas y deportivas para todos los vecinos.<\/p>\n<p><img loading=\"lazy\" decoding=\"async\" class=\"aligncenter size-full wp-image-21633\" src=\"https:\/\/www.sportchaco.com.ar\/wp-content\/uploads\/2025\/07\/PARQUE-SOLAR_200x200-01-1.gif\" alt=\"\" width=\"417\" height=\"417\" \/><\/p>\n","protected":false},"excerpt":{"rendered":"<p>07-01-2026 Este 2 de enero dieron inicio la\u00a0Colonia\u00a0de Vacaciones \u2013 Temporada 2026, una propuesta impulsada por el Municipio de General Vedia que busca fomentar el juego, la recreaci\u00f3n y la integraci\u00f3n comunitaria durante el verano. La nueva edici\u00f3n cuenta con la participaci\u00f3n de m\u00e1s de 230 inscriptos, entre ni\u00f1os, j\u00f3venes, adultos mayores y aspirantes a &hellip;<\/p>\n","protected":false},"author":3,"featured_media":30982,"comment_status":"open","ping_status":"open","sticky":false,"template":"","format":"standard","meta":{"footnotes":""},"categories":[44],"tags":[],"class_list":["post-30983","post","type-post","status-publish","format-standard","has-post-thumbnail","hentry","category-varios"],"_links":{"self":[{"href":"https:\/\/www.sportchaco.com.ar\/index.php?rest_route=\/wp\/v2\/posts\/30983","targetHints":{"allow":["GET"]}}],"collection":[{"href":"https:\/\/www.sportchaco.com.ar\/index.php?rest_route=\/wp\/v2\/posts"}],"about":[{"href":"https:\/\/www.sportchaco.com.ar\/index.php?rest_route=\/wp\/v2\/types\/post"}],"author":[{"embeddable":true,"href":"https:\/\/www.sportchaco.com.ar\/index.php?rest_route=\/wp\/v2\/users\/3"}],"replies":[{"embeddable":true,"href":"https:\/\/www.sportchaco.com.ar\/index.php?rest_route=%2Fwp%2Fv2%2Fcomments&post=30983"}],"version-history":[{"count":1,"href":"https:\/\/www.sportchaco.com.ar\/index.php?rest_route=\/wp\/v2\/posts\/30983\/revisions"}],"predecessor-version":[{"id":30984,"href":"https:\/\/www.sportchaco.com.ar\/index.php?rest_route=\/wp\/v2\/posts\/30983\/revisions\/30984"}],"wp:featuredmedia":[{"embeddable":true,"href":"https:\/\/www.sportchaco.com.ar\/index.php?rest_route=\/wp\/v2\/media\/30982"}],"wp:attachment":[{"href":"https:\/\/www.sportchaco.com.ar\/index.php?rest_route=%2Fwp%2Fv2%2Fmedia&parent=30983"}],"wp:term":[{"taxonomy":"category","embeddable":true,"href":"https:\/\/www.sportchaco.com.ar\/index.php?rest_route=%2Fwp%2Fv2%2Fcategories&post=30983"},{"taxonomy":"post_tag","embeddable":true,"href":"https:\/\/www.sportchaco.com.ar\/index.php?rest_route=%2Fwp%2Fv2%2Ftags&post=30983"}],"curies":[{"name":"wp","href":"https:\/\/api.w.org\/{rel}","templated":true}]}}