{"id":30997,"date":"2026-01-07T23:11:32","date_gmt":"2026-01-08T02:11:32","guid":{"rendered":"https:\/\/www.sportchaco.com.ar\/?p=30997"},"modified":"2026-01-07T23:12:02","modified_gmt":"2026-01-08T02:12:02","slug":"a-tres-anos-de-su-partida-el-rugido-eterno-del-sapo-rovere","status":"publish","type":"post","link":"https:\/\/www.sportchaco.com.ar\/?p=30997","title":{"rendered":"A tres a\u00f1os de su partida: el rugido eterno del \u201cSapo\u201d Rovere"},"content":{"rendered":"<h5 data-start=\"138\" data-end=\"203\">11<\/h5>\n<h5 data-start=\"205\" data-end=\"535\">El 8 de enero qued\u00f3 marcado como una fecha de profundo dolor para el automovilismo del interior chaque\u00f1o. Aquella ma\u00f1ana de 2023 fallec\u00eda de manera repentina <strong data-start=\"363\" data-end=\"386\">N\u00e9stor \u00c1ngel Rovere<\/strong>, uno de los grandes \u00eddolos del deporte motor de S\u00e1enz Pe\u00f1a y la regi\u00f3n. Ten\u00eda 67 a\u00f1os y un infarto fulminante apag\u00f3 su vida, aunque jam\u00e1s su legado.<\/h5>\n<p>&nbsp;<\/p>\n<p><img loading=\"lazy\" decoding=\"async\" class=\"alignnone wp-image-30994\" src=\"https:\/\/www.sportchaco.com.ar\/wp-content\/uploads\/2026\/01\/Luis-Dario-Molodezky-2025-1.jpg\" alt=\"\" width=\"60\" height=\"59\" srcset=\"https:\/\/www.sportchaco.com.ar\/wp-content\/uploads\/2026\/01\/Luis-Dario-Molodezky-2025-1.jpg 300w, https:\/\/www.sportchaco.com.ar\/wp-content\/uploads\/2026\/01\/Luis-Dario-Molodezky-2025-1-150x150.jpg 150w\" sizes=\"auto, (max-width: 60px) 100vw, 60px\" \/><em><strong>\u00a0 POR LUIS DARIO MOLODEZKY<\/strong><\/em><\/p>\n<p data-start=\"537\" data-end=\"790\">La noticia sacudi\u00f3 no solo a la afici\u00f3n \u201ctuerca\u201d, sino tambi\u00e9n a toda la comunidad saenzpe\u00f1ense que lo vio crecer, competir y trascender. Porque Rovere no fue solo un campe\u00f3n: fue un referente, un apasionado y un hombre profundamente ligado a su tierra.<\/p>\n<p data-start=\"792\" data-end=\"1264\">Apodado cari\u00f1osamente <strong data-start=\"814\" data-end=\"827\">\u201cel Sapo\u201d<\/strong>, supo ganarse el respeto dentro y fuera de las pistas. Nacido en <strong data-start=\"893\" data-end=\"933\">1955 en Presidencia Roque S\u00e1enz Pe\u00f1a<\/strong>, comenz\u00f3 a destacarse a mediados de la d\u00e9cada del 70 y se convirti\u00f3 r\u00e1pidamente en protagonista de las competencias zonales. Su talento encontr\u00f3 consagraci\u00f3n cuando se coron\u00f3 <strong data-start=\"1109\" data-end=\"1151\">campe\u00f3n de la F\u00f3rmula Chaque\u00f1a en 1978<\/strong> y <strong data-start=\"1154\" data-end=\"1190\">de la F\u00f3rmula 4 Chaque\u00f1a en 1981<\/strong>, en a\u00f1os donde el automovilismo regional viv\u00eda una de sus \u00e9pocas doradas.<\/p>\n<p data-start=\"792\" data-end=\"1264\"><img decoding=\"async\" src=\"https:\/\/scontent.fcnq2-2.fna.fbcdn.net\/v\/t39.30808-6\/612053277_3790170151292677_4810900826397465642_n.jpg?_nc_cat=108&amp;ccb=1-7&amp;_nc_sid=127cfc&amp;_nc_ohc=i4LCVkQKZVgQ7kNvwEy--7j&amp;_nc_oc=AdnwKhfUGJWieFzGoS-ltWobKI-NN80iiD8VAFqqz7j26ViNq3LNsrO4R8mXU9KhvnY&amp;_nc_zt=23&amp;_nc_ht=scontent.fcnq2-2.fna&amp;_nc_gid=MrSAQSMxc2RkUAU0ZCOfag&amp;oh=00_AfrXvOclnL6AW4M9DmWzMXEEGYZlh-E0qqm9ALogTiH0_g&amp;oe=6964C252\" alt=\"Puede ser una imagen de texto que dice &quot;a \u0410\u039a\u0410&quot;\" \/><\/p>\n<p data-start=\"1266\" data-end=\"1673\">Durante la d\u00e9cada del 80 fue figura habitual en el recordado circuito del <strong data-start=\"1340\" data-end=\"1370\">Centro Democr\u00e1tico Espa\u00f1ol<\/strong>, escenario de batallas memorables junto a otras glorias del deporte motor chaque\u00f1o como Daniel \u201cel Turco\u201d Mehechen, Enrique \u201cQuique\u201d Urrutia, \u201cNen\u00edn\u201d Marinich, Carlos G\u00f3mez Luna, Ra\u00fal Dimas Raff\u00edn, Vicente \u201cChiche\u201d Moncada y Roberto Demonte. Aquellos domingos quedaron grabados en la memoria colectiva.<\/p>\n<p data-start=\"1675\" data-end=\"1929\">Rovere tambi\u00e9n incursion\u00f3 en categor\u00edas nacionales y zonales de renombre, compitiendo con <strong data-start=\"1765\" data-end=\"1787\">Fiat 128 IAVA (TN)<\/strong>, <strong data-start=\"1789\" data-end=\"1825\">Crespi-Renault (F\u00f3rmula Renault)<\/strong> y <strong data-start=\"1828\" data-end=\"1877\">Datsun 280 ZX en el Club Argentino de Pilotos<\/strong>, mostrando siempre un estilo aguerrido y respetado.<\/p>\n<p data-start=\"1675\" data-end=\"1929\"><img decoding=\"async\" src=\"https:\/\/scontent.fcnq2-1.fna.fbcdn.net\/v\/t39.30808-6\/612222364_3790170154626010_8927633012587795691_n.jpg?_nc_cat=101&amp;ccb=1-7&amp;_nc_sid=127cfc&amp;_nc_ohc=sZlnTCe2rV4Q7kNvwEOdVlo&amp;_nc_oc=Adklmrcw_5iV3aUaYj2-dPem28Bhdw2ALgpYaB04f8crKpVPQrqfSfA7Tg_elLv1Syo&amp;_nc_zt=23&amp;_nc_ht=scontent.fcnq2-1.fna&amp;_nc_gid=A2cZyVN1XngTk0s0wJ-yDw&amp;oh=00_AfqU1DarRGl3e6Gx9qrW0Uo_XGuwjsYIoeAneXOenBVlYg&amp;oe=6964EF0C\" alt=\"No hay ninguna descripci\u00f3n de la foto disponible.\" \/><\/p>\n<p data-start=\"1931\" data-end=\"2223\">Su \u00faltimo gran festejo lleg\u00f3 en <strong data-start=\"1963\" data-end=\"1971\">1999<\/strong>, cuando se consagr\u00f3 <strong data-start=\"1992\" data-end=\"2023\">campe\u00f3n del Zonal Clase \u201cD\u201d<\/strong> a bordo de la inolvidable <strong data-start=\"2050\" data-end=\"2065\">Chevy negra<\/strong>, preparada por Carlos Sandoval. Continu\u00f3 en actividad hasta 2001 y, tras algunos regresos espor\u00e1dicos, se despidi\u00f3 definitivamente de la competencia en 2007.<\/p>\n<p data-start=\"1931\" data-end=\"2223\"><img decoding=\"async\" src=\"https:\/\/scontent.fcnq2-1.fna.fbcdn.net\/v\/t39.30808-6\/612403380_3790170147959344_8329795864878093906_n.jpg?_nc_cat=100&amp;ccb=1-7&amp;_nc_sid=127cfc&amp;_nc_ohc=QuiiM433vIEQ7kNvwGwHFxn&amp;_nc_oc=AdkX5TdbYXVvKozEN7WCev-bn755SOr1bjfNluD1N7vQqhcDihKKg4qMtGdyQIGMa5w&amp;_nc_zt=23&amp;_nc_ht=scontent.fcnq2-1.fna&amp;_nc_gid=4beraxmwHu13sbeNU1lmAg&amp;oh=00_AfpVIlJ0c0yzyMyc_i13Kl938N3WK4U9Uf7Jmn69rgGQMA&amp;oe=6964D1C6\" alt=\"No hay ninguna descripci\u00f3n de la foto disponible.\" \/><\/p>\n<p data-start=\"2225\" data-end=\"2594\">Fuera de las pistas, N\u00e9stor Rovere fue <strong data-start=\"2264\" data-end=\"2311\">empresario, piloto de avi\u00f3n y aeroaplicador<\/strong>, ligado siempre a tareas rurales, con el mismo compromiso y responsabilidad que mostr\u00f3 en el automovilismo. Su pasi\u00f3n por los motores encontr\u00f3 continuidad en su hijo <strong data-start=\"2478\" data-end=\"2489\">Leandro<\/strong>, quien hoy compite en el <strong data-start=\"2515\" data-end=\"2530\">TC Chaque\u00f1o<\/strong>, prolongando un apellido que es sin\u00f3nimo de historia y respeto.<\/p>\n<p data-start=\"2596\" data-end=\"2822\" data-is-last-node=\"\" data-is-only-node=\"\">A tres a\u00f1os de su partida, el \u201cSapo\u201d Rovere sigue vivo en cada recuerdo, en cada relato de box, en cada recta so\u00f1ada. Porque los verdaderos \u00eddolos no se despiden: <strong data-start=\"2759\" data-end=\"2821\">se quedan para siempre acelerando en la memoria del pueblo<\/strong>.<\/p>\n<p data-start=\"2596\" data-end=\"2822\" data-is-last-node=\"\" data-is-only-node=\"\"><img loading=\"lazy\" decoding=\"async\" class=\"alignnone wp-image-30994\" src=\"https:\/\/www.sportchaco.com.ar\/wp-content\/uploads\/2026\/01\/Luis-Dario-Molodezky-2025-1.jpg\" alt=\"\" width=\"60\" height=\"59\" srcset=\"https:\/\/www.sportchaco.com.ar\/wp-content\/uploads\/2026\/01\/Luis-Dario-Molodezky-2025-1.jpg 300w, https:\/\/www.sportchaco.com.ar\/wp-content\/uploads\/2026\/01\/Luis-Dario-Molodezky-2025-1-150x150.jpg 150w\" sizes=\"auto, (max-width: 60px) 100vw, 60px\" \/><em><strong>\u00a0 POR LUIS DARIO MOLODEZKY<\/strong><\/em><\/p>\n","protected":false},"excerpt":{"rendered":"<p>11 El 8 de enero qued\u00f3 marcado como una fecha de profundo dolor para el automovilismo del interior chaque\u00f1o. Aquella ma\u00f1ana de 2023 fallec\u00eda de manera repentina N\u00e9stor \u00c1ngel Rovere, uno de los grandes \u00eddolos del deporte motor de S\u00e1enz Pe\u00f1a y la regi\u00f3n. Ten\u00eda 67 a\u00f1os y un infarto fulminante apag\u00f3 su vida, aunque &hellip;<\/p>\n","protected":false},"author":2,"featured_media":31004,"comment_status":"open","ping_status":"open","sticky":false,"template":"","format":"standard","meta":{"footnotes":""},"categories":[2,78],"tags":[],"class_list":["post-30997","post","type-post","status-publish","format-standard","has-post-thumbnail","hentry","category-automovilismo","category-historias"],"_links":{"self":[{"href":"https:\/\/www.sportchaco.com.ar\/index.php?rest_route=\/wp\/v2\/posts\/30997","targetHints":{"allow":["GET"]}}],"collection":[{"href":"https:\/\/www.sportchaco.com.ar\/index.php?rest_route=\/wp\/v2\/posts"}],"about":[{"href":"https:\/\/www.sportchaco.com.ar\/index.php?rest_route=\/wp\/v2\/types\/post"}],"author":[{"embeddable":true,"href":"https:\/\/www.sportchaco.com.ar\/index.php?rest_route=\/wp\/v2\/users\/2"}],"replies":[{"embeddable":true,"href":"https:\/\/www.sportchaco.com.ar\/index.php?rest_route=%2Fwp%2Fv2%2Fcomments&post=30997"}],"version-history":[{"count":2,"href":"https:\/\/www.sportchaco.com.ar\/index.php?rest_route=\/wp\/v2\/posts\/30997\/revisions"}],"predecessor-version":[{"id":31007,"href":"https:\/\/www.sportchaco.com.ar\/index.php?rest_route=\/wp\/v2\/posts\/30997\/revisions\/31007"}],"wp:featuredmedia":[{"embeddable":true,"href":"https:\/\/www.sportchaco.com.ar\/index.php?rest_route=\/wp\/v2\/media\/31004"}],"wp:attachment":[{"href":"https:\/\/www.sportchaco.com.ar\/index.php?rest_route=%2Fwp%2Fv2%2Fmedia&parent=30997"}],"wp:term":[{"taxonomy":"category","embeddable":true,"href":"https:\/\/www.sportchaco.com.ar\/index.php?rest_route=%2Fwp%2Fv2%2Fcategories&post=30997"},{"taxonomy":"post_tag","embeddable":true,"href":"https:\/\/www.sportchaco.com.ar\/index.php?rest_route=%2Fwp%2Fv2%2Ftags&post=30997"}],"curies":[{"name":"wp","href":"https:\/\/api.w.org\/{rel}","templated":true}]}}