{"id":31018,"date":"2026-01-08T12:01:21","date_gmt":"2026-01-08T15:01:21","guid":{"rendered":"https:\/\/www.sportchaco.com.ar\/?p=31018"},"modified":"2026-01-08T14:58:34","modified_gmt":"2026-01-08T17:58:34","slug":"santa-sylvina-esta-en-marcha-el-programa-verano-saludable-2026","status":"publish","type":"post","link":"https:\/\/www.sportchaco.com.ar\/?p=31018","title":{"rendered":"Santa Sylvina: Est\u00e1 en marcha el programa \u201cVerano Saludable 2026\u201d"},"content":{"rendered":"<p><strong>08-01-2026<\/strong><\/p>\n<p><img loading=\"lazy\" decoding=\"async\" class=\"aligncenter size-large wp-image-20253\" src=\"https:\/\/www.sportchaco.com.ar\/wp-content\/uploads\/2025\/06\/Campo-720x90-13-1024x128.gif\" alt=\"\" width=\"1024\" height=\"128\" srcset=\"https:\/\/www.sportchaco.com.ar\/wp-content\/uploads\/2025\/06\/Campo-720x90-13-1024x128.gif 1024w, https:\/\/www.sportchaco.com.ar\/wp-content\/uploads\/2025\/06\/Campo-720x90-13-300x38.gif 300w, https:\/\/www.sportchaco.com.ar\/wp-content\/uploads\/2025\/06\/Campo-720x90-13-768x96.gif 768w\" sizes=\"auto, (max-width: 1024px) 100vw, 1024px\" \/><\/p>\n<p>Continuando con las m\u00faltiples propuestas para la comunidad, la Municipalidad de Santa Sylvina, conducida por el intendente a cargo Diego Calder\u00f3n, a trav\u00e9s del \u00c1rea de Deportes, d\u00edas atr\u00e1s puso en marcha el programa Verano Saludable 2026, destinado a toda la comunidad sylvinense, a trav\u00e9s de distintas actividades deportivas, reflejando salud e inclusi\u00f3n plena con esto.<\/p>\n<p>Esta iniciativa es llevada adelante desde el \u00c1rea de Deportes, con el objetivo de promover el bienestar y la diversi\u00f3n entre amigos y familias sylvinenses.<\/p>\n<p>\u00abBuscamos promover la actividad f\u00edsica, que los ni\u00f1os y adolescentes tengan un lugar donde ir en vacaciones y poder compartir tardes entre amigos y familia\u00bb, destac\u00f3 la responsable del \u00c1rea de Deportes del municipio sylvinense, Cintia Alarc\u00f3n.<\/p>\n<figure class=\"wp-block-image size-full\"><a href=\"https:\/\/baskettotal.com.ar\/wp-content\/uploads\/2026\/01\/SS-1.jpg\"><img loading=\"lazy\" decoding=\"async\" class=\"lazy wp-image-29639 lazy-loaded\" src=\"https:\/\/baskettotal.com.ar\/wp-content\/uploads\/2026\/01\/SS-1.jpg\" sizes=\"auto, (max-width: 787px) 100vw, 787px\" srcset=\"https:\/\/baskettotal.com.ar\/wp-content\/uploads\/2026\/01\/SS-1.jpg 787w, https:\/\/baskettotal.com.ar\/wp-content\/uploads\/2026\/01\/SS-1-300x153.jpg 300w, https:\/\/baskettotal.com.ar\/wp-content\/uploads\/2026\/01\/SS-1-768x392.jpg 768w\" alt=\"\" width=\"787\" height=\"402\" data-lazy-type=\"image\" data-lazy-src=\"https:\/\/baskettotal.com.ar\/wp-content\/uploads\/2026\/01\/SS-1.jpg\" data-lazy-srcset=\"https:\/\/baskettotal.com.ar\/wp-content\/uploads\/2026\/01\/SS-1.jpg 787w, https:\/\/baskettotal.com.ar\/wp-content\/uploads\/2026\/01\/SS-1-300x153.jpg 300w, https:\/\/baskettotal.com.ar\/wp-content\/uploads\/2026\/01\/SS-1-768x392.jpg 768w\" data-lazy-sizes=\"(max-width: 787px) 100vw, 787px\" \/><\/a><\/figure>\n<p><strong>D\u00cdAS Y HORARIOS<br \/>\n<\/strong>Desde la Municipalidad de Santa Sylvina, a trav\u00e9s del \u00c1rea de Deportes, se establecieron los d\u00edas y horarios para las actividades deportivas a desarrollarse, en el marco del programa \u201cVerano Saludable 2026\u201d.<\/p>\n<p>En el Play\u00f3n Deportivo Municipal, las clases de zumba se dictan los lunes y mi\u00e9rcoles a las 21 horas. En tanto que Funcional Kids, los lunes, mi\u00e9rcoles y viernes de 20 a 21 horas. Mientras que entrenamiento Funcional, los lunes, mi\u00e9rcoles y viernes de 21 a 22 horas. El handball (mayores de 10 a\u00f1os) se dictan los martes y jueves de 21 a 22, 30 horas. Beach V\u00f3ley los martes y jueves de 19, 30 a 20, 30 horas. Gimnasia (de 5 a 8 a\u00f1os) los martes y jueves de 20 a 21 horas. Y clases de v\u00f3ley en distintos horarios y para todas las edades, desde las 19 hasta las 22 horas.<\/p>\n<p>En tanto que en el Parque Deportivo, las clases de b\u00e1squet se dictan los lunes, mi\u00e9rcoles y viernes, de 6 a 11 a\u00f1os desde las 19, 30 a 20, 30 horas, y la categor\u00eda Libre desde las 21 hasta las 22 horas. El f\u00fatbol, los lunes, mi\u00e9rcoles y viernes, para ni\u00f1os de 6 a 9 a\u00f1os, va de 19 a 20 horas y de 10 a\u00f1os en adelante va desde las 20 hasta las 21 horas. Y el ajedrez, para ni\u00f1os de 6 a 12 a\u00f1os, va de 19 a 20 y de 20 a 21 horas categor\u00eda Libre.<\/p>\n<figure class=\"wp-block-image size-full\"><a href=\"https:\/\/baskettotal.com.ar\/wp-content\/uploads\/2026\/01\/SS-2.jpg\"><img loading=\"lazy\" decoding=\"async\" class=\"lazy wp-image-29638 lazy-loaded\" src=\"https:\/\/baskettotal.com.ar\/wp-content\/uploads\/2026\/01\/SS-2.jpg\" sizes=\"auto, (max-width: 676px) 100vw, 676px\" srcset=\"https:\/\/baskettotal.com.ar\/wp-content\/uploads\/2026\/01\/SS-2.jpg 676w, https:\/\/baskettotal.com.ar\/wp-content\/uploads\/2026\/01\/SS-2-300x222.jpg 300w\" alt=\"\" width=\"676\" height=\"500\" data-lazy-type=\"image\" data-lazy-src=\"https:\/\/baskettotal.com.ar\/wp-content\/uploads\/2026\/01\/SS-2.jpg\" data-lazy-srcset=\"https:\/\/baskettotal.com.ar\/wp-content\/uploads\/2026\/01\/SS-2.jpg 676w, https:\/\/baskettotal.com.ar\/wp-content\/uploads\/2026\/01\/SS-2-300x222.jpg 300w\" data-lazy-sizes=\"(max-width: 676px) 100vw, 676px\" \/><\/a><\/figure>\n<p><strong>DATOS DE CONTACTO<br \/>\n<\/strong>Para mayor informaci\u00f3n, los interesados pueden comunicarse al 3735 \u2013 454595 (Cynthia Alarc\u00f3n) quien \u00a0la responsable del \u00c1rea de Deportes del municipio sylvinense.<\/p>\n<p><img loading=\"lazy\" decoding=\"async\" class=\"aligncenter size-large wp-image-16974\" src=\"https:\/\/www.sportchaco.com.ar\/wp-content\/uploads\/2025\/03\/gob-produccion-821x1024.jpg\" alt=\"\" width=\"821\" height=\"1024\" srcset=\"https:\/\/www.sportchaco.com.ar\/wp-content\/uploads\/2025\/03\/gob-produccion-821x1024.jpg 821w, https:\/\/www.sportchaco.com.ar\/wp-content\/uploads\/2025\/03\/gob-produccion-240x300.jpg 240w, https:\/\/www.sportchaco.com.ar\/wp-content\/uploads\/2025\/03\/gob-produccion-768x958.jpg 768w, https:\/\/www.sportchaco.com.ar\/wp-content\/uploads\/2025\/03\/gob-produccion-1231x1536.jpg 1231w, https:\/\/www.sportchaco.com.ar\/wp-content\/uploads\/2025\/03\/gob-produccion.jpg 1440w\" sizes=\"auto, (max-width: 821px) 100vw, 821px\" \/><\/p>\n","protected":false},"excerpt":{"rendered":"<p>08-01-2026 Continuando con las m\u00faltiples propuestas para la comunidad, la Municipalidad de Santa Sylvina, conducida por el intendente a cargo Diego Calder\u00f3n, a trav\u00e9s del \u00c1rea de Deportes, d\u00edas atr\u00e1s puso en marcha el programa Verano Saludable 2026, destinado a toda la comunidad sylvinense, a trav\u00e9s de distintas actividades deportivas, reflejando salud e inclusi\u00f3n plena &hellip;<\/p>\n","protected":false},"author":2,"featured_media":31019,"comment_status":"open","ping_status":"open","sticky":false,"template":"","format":"standard","meta":{"footnotes":""},"categories":[44],"tags":[],"class_list":["post-31018","post","type-post","status-publish","format-standard","has-post-thumbnail","hentry","category-varios"],"_links":{"self":[{"href":"https:\/\/www.sportchaco.com.ar\/index.php?rest_route=\/wp\/v2\/posts\/31018","targetHints":{"allow":["GET"]}}],"collection":[{"href":"https:\/\/www.sportchaco.com.ar\/index.php?rest_route=\/wp\/v2\/posts"}],"about":[{"href":"https:\/\/www.sportchaco.com.ar\/index.php?rest_route=\/wp\/v2\/types\/post"}],"author":[{"embeddable":true,"href":"https:\/\/www.sportchaco.com.ar\/index.php?rest_route=\/wp\/v2\/users\/2"}],"replies":[{"embeddable":true,"href":"https:\/\/www.sportchaco.com.ar\/index.php?rest_route=%2Fwp%2Fv2%2Fcomments&post=31018"}],"version-history":[{"count":3,"href":"https:\/\/www.sportchaco.com.ar\/index.php?rest_route=\/wp\/v2\/posts\/31018\/revisions"}],"predecessor-version":[{"id":31044,"href":"https:\/\/www.sportchaco.com.ar\/index.php?rest_route=\/wp\/v2\/posts\/31018\/revisions\/31044"}],"wp:featuredmedia":[{"embeddable":true,"href":"https:\/\/www.sportchaco.com.ar\/index.php?rest_route=\/wp\/v2\/media\/31019"}],"wp:attachment":[{"href":"https:\/\/www.sportchaco.com.ar\/index.php?rest_route=%2Fwp%2Fv2%2Fmedia&parent=31018"}],"wp:term":[{"taxonomy":"category","embeddable":true,"href":"https:\/\/www.sportchaco.com.ar\/index.php?rest_route=%2Fwp%2Fv2%2Fcategories&post=31018"},{"taxonomy":"post_tag","embeddable":true,"href":"https:\/\/www.sportchaco.com.ar\/index.php?rest_route=%2Fwp%2Fv2%2Ftags&post=31018"}],"curies":[{"name":"wp","href":"https:\/\/api.w.org\/{rel}","templated":true}]}}