{"id":31025,"date":"2026-01-08T12:39:15","date_gmt":"2026-01-08T15:39:15","guid":{"rendered":"https:\/\/www.sportchaco.com.ar\/?p=31025"},"modified":"2026-01-29T12:43:17","modified_gmt":"2026-01-29T15:43:17","slug":"rodolfo-pocholo-mancuello-73-anos-de-vocacion-y-memoria","status":"publish","type":"post","link":"https:\/\/www.sportchaco.com.ar\/?p=31025","title":{"rendered":"Rodolfo \u201cPocholo\u201d Mancuello, 74 a\u00f1os de vocaci\u00f3n y memoria"},"content":{"rendered":"<h5 data-start=\"133\" data-end=\"197\"><\/h5>\n<h5 data-start=\"230\" data-end=\"518\">Hoy cumple <strong data-start=\"241\" data-end=\"280\">74 a\u00f1os Rodolfo \u201cPocholo\u201d Mancuello<\/strong>, uno de esos nombres que no necesitan presentaci\u00f3n en el periodismo chaque\u00f1o. Porque Pocholo no solo ejerci\u00f3 la profesi\u00f3n: <strong data-start=\"404\" data-end=\"455\">la camin\u00f3, la pens\u00f3, la cont\u00f3 y la dej\u00f3 escrita<\/strong> para que otros puedan volver a ella cuando la memoria flaquea.<\/h5>\n<p>&nbsp;<\/p>\n<p data-start=\"230\" data-end=\"518\"><em><strong><img loading=\"lazy\" decoding=\"async\" class=\"alignnone wp-image-30994\" src=\"https:\/\/www.sportchaco.com.ar\/wp-content\/uploads\/2026\/01\/Luis-Dario-Molodezky-2025-1.jpg\" alt=\"\" width=\"49\" height=\"49\" srcset=\"https:\/\/www.sportchaco.com.ar\/wp-content\/uploads\/2026\/01\/Luis-Dario-Molodezky-2025-1.jpg 300w, https:\/\/www.sportchaco.com.ar\/wp-content\/uploads\/2026\/01\/Luis-Dario-Molodezky-2025-1-150x150.jpg 150w\" sizes=\"auto, (max-width: 49px) 100vw, 49px\" \/> POR LUIS DARIO MOLODEZKY<\/strong><\/em><\/p>\n<p data-start=\"230\" data-end=\"518\"><img loading=\"lazy\" decoding=\"async\" class=\"alignnone size-medium wp-image-31033\" src=\"https:\/\/www.sportchaco.com.ar\/wp-content\/uploads\/2026\/01\/POCHOLO-MANCUELLO-4-Rario-Libertad_1990-300x217.jpg\" alt=\"\" width=\"300\" height=\"217\" srcset=\"https:\/\/www.sportchaco.com.ar\/wp-content\/uploads\/2026\/01\/POCHOLO-MANCUELLO-4-Rario-Libertad_1990-300x217.jpg 300w, https:\/\/www.sportchaco.com.ar\/wp-content\/uploads\/2026\/01\/POCHOLO-MANCUELLO-4-Rario-Libertad_1990-1024x740.jpg 1024w, https:\/\/www.sportchaco.com.ar\/wp-content\/uploads\/2026\/01\/POCHOLO-MANCUELLO-4-Rario-Libertad_1990-768x555.jpg 768w, https:\/\/www.sportchaco.com.ar\/wp-content\/uploads\/2026\/01\/POCHOLO-MANCUELLO-4-Rario-Libertad_1990-1536x1109.jpg 1536w, https:\/\/www.sportchaco.com.ar\/wp-content\/uploads\/2026\/01\/POCHOLO-MANCUELLO-4-Rario-Libertad_1990-2048x1479.jpg 2048w\" sizes=\"auto, (max-width: 300px) 100vw, 300px\" \/><\/p>\n<p data-start=\"230\" data-end=\"518\"><em><strong>Transmisi\u00f3n de B\u00e1squetbol por Radio Libertad en el 90<\/strong><\/em><\/p>\n<p data-start=\"520\" data-end=\"854\">Nacido en <strong data-start=\"530\" data-end=\"567\">Resistencia el 8 de enero de 1952<\/strong>, curs\u00f3 la primaria en la Escuela N\u00ba 26, la secundaria en la Industrial y sus estudios universitarios en la <strong data-start=\"675\" data-end=\"694\">UTN\u2013Resistencia<\/strong>. Desde chico mostr\u00f3 una curiosidad insaciable y una sensibilidad especial para el deporte, la cultura y las historias m\u00ednimas que hacen grande a una comunidad.<\/p>\n<p data-start=\"520\" data-end=\"854\"><img loading=\"lazy\" decoding=\"async\" class=\"alignnone size-medium wp-image-31032\" src=\"https:\/\/www.sportchaco.com.ar\/wp-content\/uploads\/2026\/01\/POCHOLO-MANCUELLO-3-Club-Don-Orione_1967-300x217.jpg\" alt=\"\" width=\"300\" height=\"217\" srcset=\"https:\/\/www.sportchaco.com.ar\/wp-content\/uploads\/2026\/01\/POCHOLO-MANCUELLO-3-Club-Don-Orione_1967-300x217.jpg 300w, https:\/\/www.sportchaco.com.ar\/wp-content\/uploads\/2026\/01\/POCHOLO-MANCUELLO-3-Club-Don-Orione_1967-1024x740.jpg 1024w, https:\/\/www.sportchaco.com.ar\/wp-content\/uploads\/2026\/01\/POCHOLO-MANCUELLO-3-Club-Don-Orione_1967-768x555.jpg 768w, https:\/\/www.sportchaco.com.ar\/wp-content\/uploads\/2026\/01\/POCHOLO-MANCUELLO-3-Club-Don-Orione_1967-1536x1109.jpg 1536w, https:\/\/www.sportchaco.com.ar\/wp-content\/uploads\/2026\/01\/POCHOLO-MANCUELLO-3-Club-Don-Orione_1967-2048x1479.jpg 2048w\" sizes=\"auto, (max-width: 300px) 100vw, 300px\" \/><\/p>\n<p data-start=\"520\" data-end=\"854\"><em><strong>El arquero de Don Orione en 1967<\/strong><\/em><\/p>\n<p data-start=\"856\" data-end=\"1204\">Fue deportista desde la ni\u00f1ez: jug\u00f3 al b\u00e1squet en <strong data-start=\"906\" data-end=\"929\">Regatas Resistencia<\/strong>, fue arquero en divisiones inferiores y en la Primera del <strong data-start=\"988\" data-end=\"1007\">Club Don Orione<\/strong>, y animador destacado de los torneos de f\u00fatbol infantil de los a\u00f1os 60, defendiendo el arco del <strong data-start=\"1104\" data-end=\"1120\">Club Liniers<\/strong>. Esa relaci\u00f3n temprana con el deporte marcar\u00eda gran parte de su camino profesional.<\/p>\n<p data-start=\"1206\" data-end=\"1641\">Pero Pocholo nunca fue de una sola v\u00eda. Incursion\u00f3 como <strong data-start=\"1262\" data-end=\"1298\">actor en el Teatro Universitario<\/strong> a comienzos de los a\u00f1os 70, brill\u00f3 en los carnavales de S\u00e1enz Pe\u00f1a como figura de la comparsa <strong data-start=\"1393\" data-end=\"1406\">Maracaibo<\/strong>, donde dirig\u00eda la escola do samba, y desarroll\u00f3 un talento natural para el <strong data-start=\"1482\" data-end=\"1508\">dibujo y la tipograf\u00eda<\/strong>, que lo llev\u00f3 a destacarse en el mundo de la publicidad cuando a\u00fan no exist\u00edan las computadoras y el trazo humano era indispensable<\/p>\n<p data-start=\"1206\" data-end=\"1641\">.<img loading=\"lazy\" decoding=\"async\" class=\"alignnone size-medium wp-image-31031\" src=\"https:\/\/www.sportchaco.com.ar\/wp-content\/uploads\/2026\/01\/POCHOLO-MANCUELLO-2-Club-Liniers_1963-300x217.jpg\" alt=\"\" width=\"300\" height=\"217\" srcset=\"https:\/\/www.sportchaco.com.ar\/wp-content\/uploads\/2026\/01\/POCHOLO-MANCUELLO-2-Club-Liniers_1963-300x217.jpg 300w, https:\/\/www.sportchaco.com.ar\/wp-content\/uploads\/2026\/01\/POCHOLO-MANCUELLO-2-Club-Liniers_1963-1024x740.jpg 1024w, https:\/\/www.sportchaco.com.ar\/wp-content\/uploads\/2026\/01\/POCHOLO-MANCUELLO-2-Club-Liniers_1963-768x555.jpg 768w, https:\/\/www.sportchaco.com.ar\/wp-content\/uploads\/2026\/01\/POCHOLO-MANCUELLO-2-Club-Liniers_1963-1536x1109.jpg 1536w, https:\/\/www.sportchaco.com.ar\/wp-content\/uploads\/2026\/01\/POCHOLO-MANCUELLO-2-Club-Liniers_1963-2048x1479.jpg 2048w\" sizes=\"auto, (max-width: 300px) 100vw, 300px\" \/><\/p>\n<p data-start=\"1206\" data-end=\"1641\"><em><strong>Pocholo en Liniers 1963<\/strong><\/em><\/p>\n<p data-start=\"1643\" data-end=\"2020\">Ese recorrido creativo lo fue acercando, casi sin propon\u00e9rselo, al <strong data-start=\"1710\" data-end=\"1753\">periodismo gr\u00e1fico, radial y televisivo<\/strong>, \u00e1mbitos en los que dej\u00f3 una huella profunda. En los a\u00f1os 80 se convirti\u00f3 primero en <strong data-start=\"1839\" data-end=\"1880\">relator de b\u00e1squet por Radio Libertad<\/strong> y luego en <strong data-start=\"1892\" data-end=\"1932\">relator de f\u00fatbol por Radio Nacional<\/strong>, descubriendo que el periodismo hab\u00eda llegado para quedarse como pasi\u00f3n y como destino.<\/p>\n<p data-start=\"1643\" data-end=\"2020\"><img loading=\"lazy\" decoding=\"async\" class=\"alignnone size-medium wp-image-31028\" src=\"https:\/\/www.sportchaco.com.ar\/wp-content\/uploads\/2026\/01\/Pocholo-Macuello-cumple-300x276.jpeg\" alt=\"\" width=\"300\" height=\"276\" srcset=\"https:\/\/www.sportchaco.com.ar\/wp-content\/uploads\/2026\/01\/Pocholo-Macuello-cumple-300x276.jpeg 300w, https:\/\/www.sportchaco.com.ar\/wp-content\/uploads\/2026\/01\/Pocholo-Macuello-cumple.jpeg 672w\" sizes=\"auto, (max-width: 300px) 100vw, 300px\" \/> <img loading=\"lazy\" decoding=\"async\" class=\"alignnone size-medium wp-image-31047\" src=\"https:\/\/www.sportchaco.com.ar\/wp-content\/uploads\/2026\/01\/bRUNELLA-MANCUELLO-200x300.jpg\" alt=\"\" width=\"200\" height=\"300\" srcset=\"https:\/\/www.sportchaco.com.ar\/wp-content\/uploads\/2026\/01\/bRUNELLA-MANCUELLO-200x300.jpg 200w, https:\/\/www.sportchaco.com.ar\/wp-content\/uploads\/2026\/01\/bRUNELLA-MANCUELLO-682x1024.jpg 682w, https:\/\/www.sportchaco.com.ar\/wp-content\/uploads\/2026\/01\/bRUNELLA-MANCUELLO-768x1153.jpg 768w, https:\/\/www.sportchaco.com.ar\/wp-content\/uploads\/2026\/01\/bRUNELLA-MANCUELLO-1023x1536.jpg 1023w, https:\/\/www.sportchaco.com.ar\/wp-content\/uploads\/2026\/01\/bRUNELLA-MANCUELLO.jpg 1066w\" sizes=\"auto, (max-width: 200px) 100vw, 200px\" \/><\/p>\n<p data-start=\"1643\" data-end=\"2020\"><em><strong>Brunella con los abuelos, y en su \u00faltimo cumple recibiendo a los invitados patinando<\/strong><\/em><\/p>\n<p data-start=\"2022\" data-end=\"2510\">Quienes trabajaron a su lado coinciden en definirlo como un profesional completo. Su amigo y socio <strong data-start=\"2121\" data-end=\"2138\">Pedro C\u00e1ceres<\/strong> lo describi\u00f3 con precisi\u00f3n: <em data-start=\"2167\" data-end=\"2283\">\u201cPocholo es uno de los pocos periodistas id\u00f3neos y completos que resisten el paso del tiempo y se van aggiornando\u201d<\/em>. Documentalista notable, c\u00e1mara al hombro, fue pieza clave para registrar los or\u00edgenes de lo que hoy es la <strong data-start=\"2391\" data-end=\"2419\">Bienal de las Esculturas<\/strong>, dejando un material invaluable sobre el primer certamen realizado en la Plaza 25 de Mayo.<\/p>\n<p data-start=\"2022\" data-end=\"2510\"><img loading=\"lazy\" decoding=\"async\" class=\"size-medium wp-image-31027 aligncenter\" src=\"https:\/\/www.sportchaco.com.ar\/wp-content\/uploads\/2026\/01\/POCHOLO-MANCUELLO-5-Radio-Nacional_1990-300x204.jpg\" alt=\"\" width=\"300\" height=\"204\" srcset=\"https:\/\/www.sportchaco.com.ar\/wp-content\/uploads\/2026\/01\/POCHOLO-MANCUELLO-5-Radio-Nacional_1990-300x204.jpg 300w, https:\/\/www.sportchaco.com.ar\/wp-content\/uploads\/2026\/01\/POCHOLO-MANCUELLO-5-Radio-Nacional_1990-1024x696.jpg 1024w, https:\/\/www.sportchaco.com.ar\/wp-content\/uploads\/2026\/01\/POCHOLO-MANCUELLO-5-Radio-Nacional_1990-768x522.jpg 768w, https:\/\/www.sportchaco.com.ar\/wp-content\/uploads\/2026\/01\/POCHOLO-MANCUELLO-5-Radio-Nacional_1990-1536x1044.jpg 1536w, https:\/\/www.sportchaco.com.ar\/wp-content\/uploads\/2026\/01\/POCHOLO-MANCUELLO-5-Radio-Nacional_1990-220x150.jpg 220w, https:\/\/www.sportchaco.com.ar\/wp-content\/uploads\/2026\/01\/POCHOLO-MANCUELLO-5-Radio-Nacional_1990.jpg 1766w\" sizes=\"auto, (max-width: 300px) 100vw, 300px\" \/><\/p>\n<p style=\"text-align: center;\" data-start=\"2022\" data-end=\"2510\"><em><strong>Pocholo primero, con recordados periodistas y t\u00e9cnicos de radio<\/strong><\/em><\/p>\n<p data-start=\"2512\" data-end=\"2877\">Tambi\u00e9n desde la escritura se destac\u00f3 con obras fundamentales: el libro por los <strong data-start=\"2592\" data-end=\"2630\">50 a\u00f1os de la Federaci\u00f3n Econ\u00f3mica<\/strong>, los <strong data-start=\"2636\" data-end=\"2692\">dos tomos del Centenario del Club Atl\u00e9tico Sarmiento<\/strong>, y tantos otros trabajos que hoy son fuente de consulta obligada. Por eso no sorprende que muchos sostengan que <strong data-start=\"2805\" data-end=\"2876\">Pocholo dej\u00f3 de ser solo periodista para convertirse en historiador<\/strong>.<\/p>\n<p data-start=\"230\" data-end=\"518\"><img loading=\"lazy\" decoding=\"async\" class=\"size-medium wp-image-31030 aligncenter\" src=\"https:\/\/www.sportchaco.com.ar\/wp-content\/uploads\/2026\/01\/POCHOLO-MANCUELLO-1-CRR_1962-300x217.jpg\" alt=\"\" width=\"300\" height=\"217\" srcset=\"https:\/\/www.sportchaco.com.ar\/wp-content\/uploads\/2026\/01\/POCHOLO-MANCUELLO-1-CRR_1962-300x217.jpg 300w, https:\/\/www.sportchaco.com.ar\/wp-content\/uploads\/2026\/01\/POCHOLO-MANCUELLO-1-CRR_1962-1024x740.jpg 1024w, https:\/\/www.sportchaco.com.ar\/wp-content\/uploads\/2026\/01\/POCHOLO-MANCUELLO-1-CRR_1962-768x555.jpg 768w, https:\/\/www.sportchaco.com.ar\/wp-content\/uploads\/2026\/01\/POCHOLO-MANCUELLO-1-CRR_1962-1536x1109.jpg 1536w, https:\/\/www.sportchaco.com.ar\/wp-content\/uploads\/2026\/01\/POCHOLO-MANCUELLO-1-CRR_1962-2048x1479.jpg 2048w\" sizes=\"auto, (max-width: 300px) 100vw, 300px\" \/><\/p>\n<p style=\"text-align: center;\" data-start=\"230\" data-end=\"518\"><em><strong>Jugador de b\u00e1squetbol de Regatas Resistencia<\/strong><\/em><\/p>\n<p data-start=\"2879\" data-end=\"3211\">En el a\u00f1o 2000, junto a <strong data-start=\"2903\" data-end=\"2938\">\u201cManolo\u201d Bord\u00f3n y Pedro C\u00e1ceres<\/strong>, encabez\u00f3 <em data-start=\"2949\" data-end=\"2972\">La Ma\u00f1ana de Nacional<\/em>, un programa marat\u00f3nico de entrevistas que sembr\u00f3 la semilla de <strong data-start=\"3037\" data-end=\"3058\">Chaco D\u00eda por D\u00eda<\/strong>, el primer portal de noticias de la provincia. Hoy, Pocholo sigue siendo <strong data-start=\"3132\" data-end=\"3170\">jefe de redacci\u00f3n y editor 24 x 24<\/strong>, demostrando que la pasi\u00f3n no se jubila.<\/p>\n<p data-start=\"3213\" data-end=\"3512\">Pocholo ocup\u00f3 todos los roles posibles dentro del periodismo, y adem\u00e1s dej\u00f3 escrito libros como el Centenario de Sarmiento, en dos tonos de un valor hist\u00f3rico incalculables. Escribi\u00f3 con gran rigor historia de varios clubes locales.<\/p>\n<p data-start=\"3213\" data-end=\"3512\">Detr\u00e1s del profesional est\u00e1 la persona. Su familia \u2014<strong data-start=\"3265\" data-end=\"3273\">Mary<\/strong>, sus hijos <strong data-start=\"3285\" data-end=\"3303\">Candela y Lolito<\/strong>, arquitectos\u2014 es su mayor orgullo, al que se suman su nuera y su nieta <strong data-start=\"3375\" data-end=\"3386\">Brunela<\/strong>, el nuevo sol de su universo afectivo. \u201cLa familia primero\u201d, un lema que no fue solo televisivo, sino una convicci\u00f3n de vida.<\/p>\n<p data-start=\"3514\" data-end=\"3817\" data-is-last-node=\"\" data-is-only-node=\"\">Pocholo naci\u00f3 el mismo d\u00eda que el <strong data-start=\"3548\" data-end=\"3564\">Gauchito Gil<\/strong>, tal vez para no pasar inadvertido. A los 73 a\u00f1os, sigue siendo <strong data-start=\"3629\" data-end=\"3659\">un periodista todo terreno<\/strong>, requerido por quienes quieren dejar plasmadas sus historias, respetado por colegas y querido por amigos.<\/p>\n<p data-start=\"3514\" data-end=\"3817\" data-is-last-node=\"\" data-is-only-node=\"\"><img loading=\"lazy\" decoding=\"async\" class=\"size-medium wp-image-31029 aligncenter\" src=\"https:\/\/www.sportchaco.com.ar\/wp-content\/uploads\/2026\/01\/Pocholo-Mancuello-Roberto-Dellamea-Molodezky-300x225.jpg\" alt=\"\" width=\"300\" height=\"225\" srcset=\"https:\/\/www.sportchaco.com.ar\/wp-content\/uploads\/2026\/01\/Pocholo-Mancuello-Roberto-Dellamea-Molodezky-300x225.jpg 300w, https:\/\/www.sportchaco.com.ar\/wp-content\/uploads\/2026\/01\/Pocholo-Mancuello-Roberto-Dellamea-Molodezky-1024x768.jpg 1024w, https:\/\/www.sportchaco.com.ar\/wp-content\/uploads\/2026\/01\/Pocholo-Mancuello-Roberto-Dellamea-Molodezky-768x576.jpg 768w, https:\/\/www.sportchaco.com.ar\/wp-content\/uploads\/2026\/01\/Pocholo-Mancuello-Roberto-Dellamea-Molodezky-1536x1152.jpg 1536w, https:\/\/www.sportchaco.com.ar\/wp-content\/uploads\/2026\/01\/Pocholo-Mancuello-Roberto-Dellamea-Molodezky-2048x1536.jpg 2048w\" sizes=\"auto, (max-width: 300px) 100vw, 300px\" \/><br data-start=\"3765\" data-end=\"3768\" \/><em><strong>Pocholo, un gran profesional, y una persona a\u00fan mejor. Aqu\u00ed con el diregente Roberto Dellamea y el periodista Luis Dar\u00edo\u00a0 Molodezky<\/strong><\/em><\/p>\n<p data-start=\"3514\" data-end=\"3817\" data-is-last-node=\"\" data-is-only-node=\"\"><em><strong><img loading=\"lazy\" decoding=\"async\" class=\"alignnone wp-image-30994\" src=\"https:\/\/www.sportchaco.com.ar\/wp-content\/uploads\/2026\/01\/Luis-Dario-Molodezky-2025-1.jpg\" alt=\"\" width=\"49\" height=\"49\" srcset=\"https:\/\/www.sportchaco.com.ar\/wp-content\/uploads\/2026\/01\/Luis-Dario-Molodezky-2025-1.jpg 300w, https:\/\/www.sportchaco.com.ar\/wp-content\/uploads\/2026\/01\/Luis-Dario-Molodezky-2025-1-150x150.jpg 150w\" sizes=\"auto, (max-width: 49px) 100vw, 49px\" \/> POR LUIS DARIO MOLODEZKY<\/strong><\/em><\/p>\n<p data-start=\"3514\" data-end=\"3817\" data-is-last-node=\"\" data-is-only-node=\"\">\n<p data-start=\"3514\" data-end=\"3817\" data-is-last-node=\"\" data-is-only-node=\"\">Suscribo todo lo publicado por ti amigo Luis Dario. Pero tengo para agregar que adem\u00e1s fue el 1 productor de un programa de tv legendario como lo fue DEPORTV que conduc\u00edan los 2 amigos Jorge, Diel y Altamirano. Por canal 9. Que tuve tambi\u00e9n la oportunidad de producir en sus \u00faltimas emisiones. Santiago Palacios<\/p>\n","protected":false},"excerpt":{"rendered":"<p>Hoy cumple 74 a\u00f1os Rodolfo \u201cPocholo\u201d Mancuello, uno de esos nombres que no necesitan presentaci\u00f3n en el periodismo chaque\u00f1o. Porque Pocholo no solo ejerci\u00f3 la profesi\u00f3n: la camin\u00f3, la pens\u00f3, la cont\u00f3 y la dej\u00f3 escrita para que otros puedan volver a ella cuando la memoria flaquea. &nbsp; POR LUIS DARIO MOLODEZKY Transmisi\u00f3n de B\u00e1squetbol &hellip;<\/p>\n","protected":false},"author":2,"featured_media":31026,"comment_status":"open","ping_status":"open","sticky":false,"template":"","format":"standard","meta":{"footnotes":""},"categories":[44],"tags":[],"class_list":["post-31025","post","type-post","status-publish","format-standard","has-post-thumbnail","hentry","category-varios"],"_links":{"self":[{"href":"https:\/\/www.sportchaco.com.ar\/index.php?rest_route=\/wp\/v2\/posts\/31025","targetHints":{"allow":["GET"]}}],"collection":[{"href":"https:\/\/www.sportchaco.com.ar\/index.php?rest_route=\/wp\/v2\/posts"}],"about":[{"href":"https:\/\/www.sportchaco.com.ar\/index.php?rest_route=\/wp\/v2\/types\/post"}],"author":[{"embeddable":true,"href":"https:\/\/www.sportchaco.com.ar\/index.php?rest_route=\/wp\/v2\/users\/2"}],"replies":[{"embeddable":true,"href":"https:\/\/www.sportchaco.com.ar\/index.php?rest_route=%2Fwp%2Fv2%2Fcomments&post=31025"}],"version-history":[{"count":6,"href":"https:\/\/www.sportchaco.com.ar\/index.php?rest_route=\/wp\/v2\/posts\/31025\/revisions"}],"predecessor-version":[{"id":31982,"href":"https:\/\/www.sportchaco.com.ar\/index.php?rest_route=\/wp\/v2\/posts\/31025\/revisions\/31982"}],"wp:featuredmedia":[{"embeddable":true,"href":"https:\/\/www.sportchaco.com.ar\/index.php?rest_route=\/wp\/v2\/media\/31026"}],"wp:attachment":[{"href":"https:\/\/www.sportchaco.com.ar\/index.php?rest_route=%2Fwp%2Fv2%2Fmedia&parent=31025"}],"wp:term":[{"taxonomy":"category","embeddable":true,"href":"https:\/\/www.sportchaco.com.ar\/index.php?rest_route=%2Fwp%2Fv2%2Fcategories&post=31025"},{"taxonomy":"post_tag","embeddable":true,"href":"https:\/\/www.sportchaco.com.ar\/index.php?rest_route=%2Fwp%2Fv2%2Ftags&post=31025"}],"curies":[{"name":"wp","href":"https:\/\/api.w.org\/{rel}","templated":true}]}}