{"id":31045,"date":"2026-01-08T15:14:10","date_gmt":"2026-01-08T18:14:10","guid":{"rendered":"https:\/\/www.sportchaco.com.ar\/?p=31045"},"modified":"2026-01-08T15:14:10","modified_gmt":"2026-01-08T18:14:10","slug":"rodich-diaz-y-escalante-concentran-pensando-en-dubai","status":"publish","type":"post","link":"https:\/\/www.sportchaco.com.ar\/?p=31045","title":{"rendered":"Rodich, D\u00edaz y Escalante concentran pensando en Dubai"},"content":{"rendered":"<p><strong>08-01-2026<\/strong><\/p>\n<p><img loading=\"lazy\" decoding=\"async\" class=\"aligncenter size-large wp-image-20101\" src=\"https:\/\/www.sportchaco.com.ar\/wp-content\/uploads\/2025\/06\/320x50-1-1024x160.gif\" alt=\"\" width=\"1024\" height=\"160\" srcset=\"https:\/\/www.sportchaco.com.ar\/wp-content\/uploads\/2025\/06\/320x50-1-1024x160.gif 1024w, https:\/\/www.sportchaco.com.ar\/wp-content\/uploads\/2025\/06\/320x50-1-300x47.gif 300w, https:\/\/www.sportchaco.com.ar\/wp-content\/uploads\/2025\/06\/320x50-1-768x120.gif 768w\" sizes=\"auto, (max-width: 1024px) 100vw, 1024px\" \/><\/p>\n<p>Luego de una temporada sumamente fruct\u00edfera, las chaque\u00f1as Cristal Escalante, Malena D\u00edaz y Talia Rodich inician la primera concentraci\u00f3n nacional del a\u00f1o y luego emprender\u00e1n viaje con las Yaguaret\u00e9s hacia Dubai, donde el 17 y 18 de este mes tomar\u00e1n parte en el flamante SVNS Divisi\u00f3n 3, en el marco del nuevo formato del Circuito Mundial de Rugby Seven.<\/p>\n<p>La selecci\u00f3n argentina seven obtuvo la clasificaci\u00f3n a esta competencia tras haberse quedado con el t\u00edtulo Sudamericano que se jug\u00f3 en Lima el a\u00f1o pasado, consumando el tricampeonato. El torneo que se avecina incluye a ocho equipos y otorga dos plazas para el SVNS Divisi\u00f3n 2.<\/p>\n<p>Esta prueba es de gran importancia para el seleccionado femenino, dado que, para seguir avanzando en el renovado Circuito, deber\u00e1 como m\u00ednimo llegar a la final del certamen que se llevar\u00e1 a cabo en Dub\u00e1i entre el 17 y 18 de enero. Con este nuevo formato, un equipo que arranca el a\u00f1o en el SVNS 3, como es el caso de Las Yaguaret\u00e9s, si logra ir avanzando etapa a etapa, podr\u00e1 disputar las finales por el t\u00edtulo mundial.<\/p>\n<p>Argentina integra el Grupo B y debutar\u00e1 frente a Samoa, luego se medir\u00e1 con Polonia, y por \u00faltimo ante Colombia para buscar el pase a la final, todo en la misma jornada. El Grupo A est\u00e1 conformado por Rep\u00fablica Checa, M\u00e9xico, Sud\u00e1frica y Tailandia.<\/p>\n<div id=\"attachment_48306\" class=\"wp-caption alignnone\"><a href=\"https:\/\/www.ecodeportivo.com.ar\/img\/2025\/05\/yaguaretes25-tricampeonas.jpg\"><img loading=\"lazy\" decoding=\"async\" class=\"wp-image-48306 size-full\" src=\"https:\/\/www.ecodeportivo.com.ar\/img\/2025\/05\/yaguaretes25-tricampeonas.jpg\" sizes=\"auto, (max-width: 1600px) 100vw, 1600px\" srcset=\"https:\/\/www.ecodeportivo.com.ar\/img\/2025\/05\/yaguaretes25-tricampeonas.jpg 1600w, https:\/\/www.ecodeportivo.com.ar\/img\/2025\/05\/yaguaretes25-tricampeonas-300x200.jpg 300w, https:\/\/www.ecodeportivo.com.ar\/img\/2025\/05\/yaguaretes25-tricampeonas-1024x683.jpg 1024w, https:\/\/www.ecodeportivo.com.ar\/img\/2025\/05\/yaguaretes25-tricampeonas-768x512.jpg 768w, https:\/\/www.ecodeportivo.com.ar\/img\/2025\/05\/yaguaretes25-tricampeonas-1536x1024.jpg 1536w\" alt=\"\" width=\"1600\" height=\"1067\" aria-describedby=\"caption-attachment-48306\" \/><\/a><\/p>\n<p id=\"caption-attachment-48306\" class=\"wp-caption-text\">Las Yaguaret\u00e9s competir\u00e1n en Dubai, tras haberse consagrado tricampeonas sudamericanas en Per\u00fa<\/p>\n<\/div>\n<p>Las dos plazas en juego dan boletos para el SVNS 2, que enfrentar\u00e1 a seis seleccionados en tres torneos, otorgando cuatro plazas para las finales del Circuito Mundial. La primera etapa ser\u00e1 en Nairobi (14 y 15 de febrero), la segunda en Montevideo (21 y 22 de marzo) y la \u00faltima en San Pablo (28 y 29 de marzo).<\/p>\n<p>Los cuatro mejores clasificar\u00e1n al SVNS World Championship, que enfrentar\u00e1 a los mejores 12 seleccionados a lo largo de tres torneos: Hong Kong (17 al 19 de abril); Valladolid (29 al 31 de marzo) y Bordeaux (5 al 7 de junio). Entre hoy y el s\u00e1bado se realizar\u00e1 la concentraci\u00f3n nacional en Casa Pumas, bajo la conducci\u00f3n de Nahuel Garc\u00eda, para luego dirigirse a los Emiratos \u00c1rabes.<\/p>\n<p><strong>Plantel confirmado<br \/>\n<\/strong>Adem\u00e1s de las saenzpe\u00f1enses Talia Rodich y Cristal Escalante, el plantel tambi\u00e9n integra Malena D\u00edaz, de Juan Jos\u00e9 Castelli, jugadora de Universitario de C\u00f3rdoba. A ellas se suman Virginia Br\u00edgido (C\u00f3rdoba Athletic); Candela Delgado y Azul Medina (Cardenales, Tucum\u00e1n); Magal\u00ed Gervasio y Mar\u00eda Taladrid (La Plata RC).<\/p>\n<p>Tras la \u00faltima concentraci\u00f3n en Buenos Aires tambi\u00e9n fueron convocadas Sof\u00eda Gonz\u00e1lez (Casa de Padua, URBA); Francesca Iacaruso (Ciudad de Buenos Aires); Milagros Lecuona (Centro Naval, URBA); Paula Pedrozo (La Salle, URBA); y Antonella Reding (Echag\u00fce).<\/p>\n<p><em><strong>Fuente: Eco Deportivo<\/strong><\/em><\/p>\n<p><img loading=\"lazy\" decoding=\"async\" class=\"aligncenter size-large wp-image-20149\" src=\"https:\/\/www.sportchaco.com.ar\/wp-content\/uploads\/2025\/06\/Chaco-sin-fuego-1080x1350-3-819x1024.gif\" alt=\"\" width=\"819\" height=\"1024\" srcset=\"https:\/\/www.sportchaco.com.ar\/wp-content\/uploads\/2025\/06\/Chaco-sin-fuego-1080x1350-3-819x1024.gif 819w, https:\/\/www.sportchaco.com.ar\/wp-content\/uploads\/2025\/06\/Chaco-sin-fuego-1080x1350-3-240x300.gif 240w, https:\/\/www.sportchaco.com.ar\/wp-content\/uploads\/2025\/06\/Chaco-sin-fuego-1080x1350-3-768x960.gif 768w, https:\/\/www.sportchaco.com.ar\/wp-content\/uploads\/2025\/06\/Chaco-sin-fuego-1080x1350-3-1229x1536.gif 1229w, https:\/\/www.sportchaco.com.ar\/wp-content\/uploads\/2025\/06\/Chaco-sin-fuego-1080x1350-3-1638x2048.gif 1638w\" sizes=\"auto, (max-width: 819px) 100vw, 819px\" \/><\/p>\n","protected":false},"excerpt":{"rendered":"<p>08-01-2026 Luego de una temporada sumamente fruct\u00edfera, las chaque\u00f1as Cristal Escalante, Malena D\u00edaz y Talia Rodich inician la primera concentraci\u00f3n nacional del a\u00f1o y luego emprender\u00e1n viaje con las Yaguaret\u00e9s hacia Dubai, donde el 17 y 18 de este mes tomar\u00e1n parte en el flamante SVNS Divisi\u00f3n 3, en el marco del nuevo formato del &hellip;<\/p>\n","protected":false},"author":3,"featured_media":17625,"comment_status":"open","ping_status":"open","sticky":false,"template":"","format":"standard","meta":{"footnotes":""},"categories":[7],"tags":[],"class_list":["post-31045","post","type-post","status-publish","format-standard","has-post-thumbnail","hentry","category-rugby"],"_links":{"self":[{"href":"https:\/\/www.sportchaco.com.ar\/index.php?rest_route=\/wp\/v2\/posts\/31045","targetHints":{"allow":["GET"]}}],"collection":[{"href":"https:\/\/www.sportchaco.com.ar\/index.php?rest_route=\/wp\/v2\/posts"}],"about":[{"href":"https:\/\/www.sportchaco.com.ar\/index.php?rest_route=\/wp\/v2\/types\/post"}],"author":[{"embeddable":true,"href":"https:\/\/www.sportchaco.com.ar\/index.php?rest_route=\/wp\/v2\/users\/3"}],"replies":[{"embeddable":true,"href":"https:\/\/www.sportchaco.com.ar\/index.php?rest_route=%2Fwp%2Fv2%2Fcomments&post=31045"}],"version-history":[{"count":1,"href":"https:\/\/www.sportchaco.com.ar\/index.php?rest_route=\/wp\/v2\/posts\/31045\/revisions"}],"predecessor-version":[{"id":31046,"href":"https:\/\/www.sportchaco.com.ar\/index.php?rest_route=\/wp\/v2\/posts\/31045\/revisions\/31046"}],"wp:featuredmedia":[{"embeddable":true,"href":"https:\/\/www.sportchaco.com.ar\/index.php?rest_route=\/wp\/v2\/media\/17625"}],"wp:attachment":[{"href":"https:\/\/www.sportchaco.com.ar\/index.php?rest_route=%2Fwp%2Fv2%2Fmedia&parent=31045"}],"wp:term":[{"taxonomy":"category","embeddable":true,"href":"https:\/\/www.sportchaco.com.ar\/index.php?rest_route=%2Fwp%2Fv2%2Fcategories&post=31045"},{"taxonomy":"post_tag","embeddable":true,"href":"https:\/\/www.sportchaco.com.ar\/index.php?rest_route=%2Fwp%2Fv2%2Ftags&post=31045"}],"curies":[{"name":"wp","href":"https:\/\/api.w.org\/{rel}","templated":true}]}}