{"id":31051,"date":"2026-01-08T20:48:34","date_gmt":"2026-01-08T23:48:34","guid":{"rendered":"https:\/\/www.sportchaco.com.ar\/?p=31051"},"modified":"2026-01-08T20:48:34","modified_gmt":"2026-01-08T23:48:34","slug":"carboni-la-nueva-figura-de-racing","status":"publish","type":"post","link":"https:\/\/www.sportchaco.com.ar\/?p=31051","title":{"rendered":"Carboni, la nueva figura de Racing"},"content":{"rendered":"<header>\n<div>\n<h1>Racing oficializ\u00f3 la llegada de Valent\u00edn Carboni y ya puso la firma<\/h1>\n<div>\n<p>\u00abYa est\u00e1 ac\u00e1\u00bb, expres\u00f3 el club en sus redes sociales junto a un video con el futbolista.<\/p>\n<\/div>\n<h5 class=\"meta\"><time>8 de Enero, 2026<\/time><\/h5>\n<\/div>\n<\/header>\n<section class=\"body\">\n<section class=\"content\">\n<div class=\"main-text\">\n<div class=\"share\"><\/div>\n<h5>El \u00edtalo-argentino Valent\u00edn Carboni firm\u00f3 su contrato con Racing y este jueves se sumar\u00e1 a la pretemporada que el plantel realiza en Paraguay, en lo que representa uno de los movimientos m\u00e1s destacados del mercado de pases para la temporada 2026.<\/h5>\n<p>Para celebrar su incorporaci\u00f3n, el club comparti\u00f3 un video de todo el trayecto del \u00edtalo argentino hasta la firma oficial, y una vez pis\u00f3 el Cilindro de Avellaneda asegur\u00f3 que est\u00e1 \u00abmuy feliz de estar ac\u00e1\u00bb.<\/p>\n<p>El volante ofensivo estuvo en el Cilindro de Avellaneda, donde fue recibido por Diego Milito, presidente del club, y Sebasti\u00e1n Saja, director deportivo, para completar la r\u00fabrica del v\u00ednculo que lo unir\u00e1 a la instituci\u00f3n por un a\u00f1o. El acuerdo se concret\u00f3 a pr\u00e9stamo, sin cargo ni opci\u00f3n de compra, ya que Inter de Mil\u00e1n mantiene la propiedad de su ficha.<img loading=\"lazy\" decoding=\"async\" class=\"pic\" src=\"https:\/\/www.diarionorte.com\/content\/bucket\/4\/442574w790h527c.jpg.webp\" alt=\"\" width=\"790\" height=\"527\" \/><\/p>\n<h1>Mercado de Pases Argentina 2026: altas y bajas de la Liga Profesional<\/h1>\n<p>Por TyC Sports<\/p>\n<p>El mercado de pases de verano en la Argentina est\u00e1 activo, luego del t\u00edtulo de Estudiantes en el Torneo Clausura y en v\u00edsperas del inicio de la pr\u00f3xima temporada. Ac\u00e1, las \u00faltimas novedades de Boca, River y los otros 28 equipos de la Primera Divisi\u00f3n.<\/p>\n<div class=\"containerGrid\">\n<div class=\"col6 author\"><\/div>\n<\/div>\n<figure data-modal-description=\"El Mercado de Pases 2026 comenz\u00f3 en la Argentina, con movimientos en los 30 equipos de la Liga Profesional.\" data-modal-image=\"https:\/\/media.tycsports.com\/files\/2025\/12\/12\/909365\/mercado-de-pases-2026_w862.webp\"><img loading=\"lazy\" decoding=\"async\" class=\"mainImg r16x9\" title=\"Mercado de Pases 2026\" src=\"https:\/\/media.tycsports.com\/files\/2025\/12\/12\/909365\/mercado-de-pases-2026_416x234.webp\" srcset=\"https:\/\/media.tycsports.com\/files\/2025\/12\/12\/909365\/mercado-de-pases-2026_416x234.webp 960w,https:\/\/media.tycsports.com\/files\/2025\/12\/12\/909365\/mercado-de-pases-2026_862x485.webp 1024w\" alt=\"Mercado de Pases 2026\" width=\"416\" height=\"234\" \/><figcaption>El Mercado de Pases 2026 comenz\u00f3 en la Argentina, con movimientos en los 30 equipos de la Liga Profesional.<\/figcaption><\/figure>\n<p><a id=\"followGoogleBtn\" href=\"https:\/\/profile.google.com\/cp\/CgsvZy8xMjBtYzBrcg\" target=\"_blank\" rel=\"noopener\"><strong>+<\/strong>Seguinos en<\/a><\/p>\n<p>&nbsp;<\/p>\n<p>El\u00a0<b>mercado de pases de verano de 2026<\/b>\u00a0ya comenz\u00f3 en la Argentina. Boca, River y los otros 28 equipos de la Liga Profesional buscan comprar, vender y ceder futbolistas, previo al inicio del Torneo Apertura. Tambi\u00e9n a la espera del comienzo de las primeras fases de la Libertadores y la Sudamericana.<\/p>\n<p>Todas las\u00a0<b>inscripciones de nuevos jugadores<\/b>\u00a0podr\u00e1n hacerse\u00a0<b>a partir del mi\u00e9rcoles 14 de enero y hasta el s\u00e1bado 10 de marzo a las 23.59<\/b>. Si despu\u00e9s de la fecha l\u00edmite, por cada futbolista vendido o cedido al exterior, seguramente el club tendr\u00e1 un cupo extra hasta el 31 de marzo. Los equipos tendr\u00e1n la posibilidad de contratar jugadores antes del inicio e inscribirlos formalmente una vez habilitado el libro de pases.<\/p>\n<p>Ac\u00e1, las \u00faltimas novedades y un\u00a0<b>repaso por las transferencias que realiza cada club<\/b>, revisando qui\u00e9nes son los jugadores que est\u00e1n llegando para reforzarse o emigrando de cara al primer certamen del a\u00f1o, cuyo inicio est\u00e1 previsto para el fin de semana del domingo 25 de enero.<\/p>\n<p>&nbsp;<\/p>\n<div class=\"alsoReadContainer\">\n<p class=\"alsoReadLabel\">Mir\u00e1 tambi\u00e9n<\/p>\n<h2 class=\"alsoReadText\">El fixture del Apertura 2026: Boca arranca con Riestra y River va a Barracas<\/h2>\n<\/div>\n<p>&nbsp;<\/p>\n<h2>Mercado de pases 2026: qu\u00e9 pasa hoy, jueves 8 de enero<\/h2>\n<p>&nbsp;<\/p>\n<ul>\n<li><a href=\"https:\/\/www.tycsports.com\/boca-juniors\/ante-la-salida-de-advincula-weigandt-podria-tener-una-chance-en-boca--id706868.html\" target=\"_blank\" rel=\"noopener\">Ante la salida de Adv\u00edncula, Weigandt podr\u00eda tener una chance en Boca<\/a><\/li>\n<li><a href=\"https:\/\/www.tycsports.com\/san-lorenzo\/san-lorenzo-presidente-detalles-ofertas--id706938.html\" target=\"_blank\" rel=\"noopener\">El presidente de San Lorenzo dio detalles de las ofertas que llegaron: \u00abNo queremos retener a jugadores que no quieran estar\u00bb<\/a><\/li>\n<li><a href=\"https:\/\/www.tycsports.com\/primera-nacional\/llego-a-san-lorenzo-por-moretti-no-jugo-ni-un-minuto-y-ahora-es-refuerzo-en-la-primera-nacional-id706944.html\" target=\"_blank\" rel=\"noopener\">Juan Cruz Vega, el refuerzo de Moretti en San Lorenzo que no jug\u00f3, se sum\u00f3 a Midland<\/a><\/li>\n<li><a href=\"https:\/\/www.tycsports.com\/river-plate\/river-sigue-en-la-busqueda-de-un-delantero-mercado-de-pases-id706950.html\" target=\"_blank\" rel=\"noopener\">River sigue en la b\u00fasqueda de un delantero<\/a><\/li>\n<li><a href=\"https:\/\/www.tycsports.com\/independiente\/colgado-javier-ruiz-se-entrena-con-la-reserva-de-independiente-id706951.html\" target=\"_blank\" rel=\"noopener\">Colgado: Javier Ruiz se entrena con la Reserva de Independiente<\/a><\/li>\n<li><a href=\"https:\/\/www.tycsports.com\/independiente\/independiente-quiere-a-lucas-blondel-y-le-ofrecieron-a-mauricio-isla-id706975.html\" target=\"_blank\" rel=\"noopener\">Independiente quiere a Lucas Blondel y le ofrecieron a Mauricio Isla<\/a><\/li>\n<li><a href=\"https:\/\/www.tycsports.com\/river-plate\/santino-andino-river-godoy-cruz-id706988.html\" target=\"_blank\" rel=\"noopener\">\u201cTiene el deseo de jugar en River\u201d: la frase del presidente de Godoy Cruz que acerca a Santino Andino<\/a><\/li>\n<li><a href=\"https:\/\/www.tycsports.com\/boca-juniors\/mientras-negocia-con-boca-atletico-nacional-libero-a-hinestroza-id706993.html\" target=\"_blank\" rel=\"noopener\">Mientras negocia con Boca, Atl\u00e9tico Nacional liber\u00f3 a Marino Hinestroza<\/a><\/li>\n<li><a href=\"https:\/\/www.tycsports.com\/racing-club\/buenas-noticias-para-costas-valentin-carboni-se-suma-a-la-pretemporada-de-racing-id706994.html\" target=\"_blank\" rel=\"noopener\">Buenas noticias para Costas: Valent\u00edn Carboni se suma a la pretemporada de Racing<\/a><\/li>\n<\/ul>\n<p>&nbsp;<\/p>\n<figure data-modal-description=\"Weigandt volvi\u00f3 a Boca tras su pr\u00e9stamo en Inter Miami y podr\u00eda quedarse en el plantel.\" data-modal-image=\"https:\/\/media.tycsports.com\/files\/2026\/01\/07\/913709\/marcelo-weigandt_w862.webp\"><img decoding=\"async\" class=\"mainImg r3x4\" title=\"Marcelo Weigandt\" src=\"https:\/\/media.tycsports.com\/files\/2026\/01\/07\/913709\/marcelo-weigandt_416x555.webp\" alt=\"Marcelo Weigandt\" data-src=\"https:\/\/media.tycsports.com\/files\/2026\/01\/07\/913709\/marcelo-weigandt_416x555.webp\" \/><figcaption>Weigandt volvi\u00f3 a Boca tras su pr\u00e9stamo en Inter Miami y podr\u00eda quedarse en el plantel.<\/figcaption><\/figure>\n<h2>Aldosivi<\/h2>\n<p><u>Altas<\/u><\/p>\n<ul>\n<li>El\u00edas Br\u00edtez (vuelve de San Telmo)<\/li>\n<li>Lucas Rodr\u00edguez (libre de Instituto)<\/li>\n<li>Joaqu\u00edn Novillo (libre de Paysand\u00fa -BRA-)<\/li>\n<li>Franco Leys (libre)<\/li>\n<li>Esteban Rol\u00f3n (libre de Boca)<\/li>\n<li>Emanuel I\u00f1\u00edguez (vuelve de Monagas -VEN-)<\/li>\n<li>Mat\u00edas Morello (vuelve de Gimnasia y Tiro)<\/li>\n<li>Natanael Guzm\u00e1n (libre de Plaza Colonia -URU-)<\/li>\n<li>Alan Sosa (pr\u00e9stamo de Gimnasia)<\/li>\n<li>Ignacio Chicco (libre de Belgrano)<\/li>\n<\/ul>\n<p><u>Bajas<\/u><\/p>\n<ul>\n<li>Jorge Carranza (retiro)<\/li>\n<li>Giuliano Cerato (vuelve a Instituto)<\/li>\n<li>Justo Giani (libre a Universidad Cat\u00f3lica -CHI-)<\/li>\n<li>Tom\u00e1s Kummer (vuelve a Talleres C)<\/li>\n<li>Yonathan Cabral (vuelve a Atl\u00e9tico Tucum\u00e1n)<\/li>\n<li>Tiago Serrago (vuelve a River)<\/li>\n<li>Tob\u00edas Leiva (vuelve a River)<\/li>\n<li>Ayrton Preciado (libre)<\/li>\n<li>Ignacio Guerrico (libre)<\/li>\n<li>Gonzalo Mottes (libre a Chacarita)<\/li>\n<li>Marcelo Sponda (vuelve a Newell&#8217;s)<\/li>\n<li>Franco Rami (vuelve a Belgrano)<\/li>\n<li>Santiago Laquidain (libre)<\/li>\n<\/ul>\n<p><i>DT: Guillermo Farr\u00e9 (sigue)<\/i><\/p>\n<h2>Argentinos Juniors<\/h2>\n<p><u>Altas<\/u><\/p>\n<ul>\n<li>Francis Mac Allister (vuelve de Instituto)<\/li>\n<li>Leonel Mosevich (vuelve de Instituto)<\/li>\n<li>Maxi Romero (vuelve de O\u2019Higgins -CHI-)<\/li>\n<li>Mat\u00edas Lugo (vuelve de O\u2019Higgins -CHI-)<\/li>\n<li>Mat\u00edas Perell\u00f3 (vuelve de Central C\u00f3rdoba)<\/li>\n<li>Gast\u00f3n Ver\u00f3n (vuelve de Central C\u00f3rdoba)<\/li>\n<li>Manuel Guill\u00e9n (vuelve de Trist\u00e1n Su\u00e1rez)<\/li>\n<li>Yair Gonz\u00e1lez (vuelve de D. Mor\u00f3n)<\/li>\n<li>Facundo B\u00e1ez (vuelve de D. Mor\u00f3n)<\/li>\n<li>Daniel Meza (vuelve de Dock Sud)<\/li>\n<li>Bruno Villalba (vuelve de Dock Sud)<\/li>\n<li>Gabriel Rocha (vuelve de Talleres RdE)<\/li>\n<li>Joaqu\u00edn Ardaiz (vuelve de Sarmiento)<\/li>\n<li>Gino Infantino (pr\u00e9stamo de Fiorentina -ITA-)<\/li>\n<li>Enzo P\u00e9rez (libre de River)<\/li>\n<li>Brayan Cort\u00e9s (pr\u00e9stamo de Colo &#8211; Colo)<\/li>\n<li>Agust\u00edn \u00c1valos Molina (pr\u00e9stamo de Sarmiento)<\/li>\n<\/ul>\n<p><u>Bajas<\/u><\/p>\n<ul>\n<li>Jonathan Galvan (volvi\u00f3 de Central C\u00f3rdoba y se fue a pr\u00e9stamo a Instituto)<\/li>\n<li>Leandro Finochietto (volvi\u00f3 de Mor\u00f3n y se fue a pr\u00e9stamo a G\u00fcemes)<\/li>\n<li>Sergio Romero (libre)<\/li>\n<li>Mateo Antoni (pr\u00e9stamo a Alianza Lima)<\/li>\n<li>Lucas Chaves (pr\u00e9stamo a Panathinaikos, de Grecia)<\/li>\n<li>Leonardo Heredia (pr\u00e9stamo a Platense)<\/li>\n<li>Santiago Rodr\u00edguez (volvi\u00f3 de Sarmiento y se fue a pr\u00e9stamo a Gimnasia de Mendoza)<\/li>\n<li>Juan Manuel Cabrera (pr\u00e9stamo a Sarmiento)<\/li>\n<li>Manuel Brondo (pr\u00e9stamo a Atl\u00e9tico Tucum\u00e1n)<\/li>\n<li>Lucas Ambrogio (volvi\u00f3 de Atlanta y se fue a pr\u00e9stamo a Chicago)<\/li>\n<li>Nicol\u00e1s Tolosa (volvi\u00f3 de Atlanta y se fue a pr\u00e9stamo a Almagro)<\/li>\n<li>Pablo Minissale (volvi\u00f3 de Deportivo Madryn y se fue a pr\u00e9stamo a Mitre)<\/li>\n<\/ul>\n<p><i>DT: Nicol\u00e1s Diez (sigue)<\/i><\/p>\n<h2>Atl\u00e9tico Tucum\u00e1n<\/h2>\n<p><u>Altas<\/u><\/p>\n<ul>\n<li>Leonel Di Pl\u00e1cido (libre)<\/li>\n<li>Rodrigo Morales (vuelve de Flandria)<\/li>\n<li>Yonathan Cabral (vuelve de Aldosivi)<\/li>\n<li>Mart\u00edn Benitez (libre de Goi\u00e1s -BRA-)<\/li>\n<li>Luis Ingolotti (libre de Gimnasia)<\/li>\n<li>Gabriel Compagnucci (libre de Belgrano)<\/li>\n<li>Ezequiel Ham (libre de Atl\u00e9tico Goianiense -BRA-)<\/li>\n<li>Tom\u00e1s Durso (vuelve de Uni\u00f3n)<\/li>\n<li>Manuel Brondo (pr\u00e9stamo de Argentinos)<\/li>\n<\/ul>\n<p><u>Bajas<\/u><\/p>\n<ul>\n<li>Leandro D\u00edaz (libre)<\/li>\n<li>Dami\u00e1n Mart\u00ednez (libre)<\/li>\n<li>Guillermo Acosta (libre)<\/li>\n<li>Carlos Auzqui (libre)<\/li>\n<li>Kevin L\u00f3pez (vuelve a Independiente)<\/li>\n<li>Mateo Bajamich (pr\u00e9stamo a Gimnasia de Mendoza)<\/li>\n<li>Fausto Grillo (libre a Deportes Concepci\u00f3n -CHI-)<\/li>\n<li>Lisandro Cabrera (libre)<\/li>\n<li>Juan Ignacio Gonz\u00e1lez (libre)<\/li>\n<li>Marcelo Ortiz (libre a Audax Italiano -CHI-)<\/li>\n<\/ul>\n<p><i>DT: Hugo Colace (sigue)<\/i><\/p>\n<h2>Banfield<\/h2>\n<p><u>Altas<\/u><\/p>\n<ul>\n<li>Mauricio Rold\u00e1n (vuelve de Miramar -URU-)<\/li>\n<li>Gino Santilli (vuelve de Cerro Largo -URU-)<\/li>\n<li>Lautaro Villegas (vuelve de Trist\u00e1n Su\u00e1rez)<\/li>\n<li>Federico Medina (vuelve de Cerro Largo -URU-)<\/li>\n<li>Marcos Echeverr\u00eda (vuelve de Atlanta)<\/li>\n<li>Mart\u00edn R\u00edo (Quer\u00e9taro -MEX-)<\/li>\n<li>Ignacio Abraham (Estudiantes RC)<\/li>\n<\/ul>\n<p><u>Bajas<\/u><\/p>\n<ul>\n<li>Dami\u00e1n D\u00edaz (libre)<\/li>\n<li>Frank Casta\u00f1eda (libre)<\/li>\n<li>Tom\u00e1s Nasif (vuelve a River)<\/li>\n<li>Diego Romero (vuelve a Universitario -PER-)<\/li>\n<li>Julio Furch (libre a Deportivo Winifreda)<\/li>\n<li>Gabriel Vega (vuelve a Boca)<\/li>\n<li>Mat\u00edas Gonz\u00e1lez (libre a Volos -GRE-)<\/li>\n<li>Gonzalo Rios (vuelve a Independiente Rivadavia)<\/li>\n<\/ul>\n<p><i>DT: Pedro Troglio (sigue)<\/i><\/p>\n<figure data-modal-description=\"El hist\u00f3rico Jorge Carranza anunci\u00f3 su retiro. \" data-modal-image=\"https:\/\/media.tycsports.com\/files\/2025\/11\/26\/905210\/jorge-carranza_w862.webp\"><img loading=\"lazy\" decoding=\"async\" class=\"mainImg r16x9\" title=\"Jorge Carranza\" src=\"https:\/\/media.tycsports.com\/files\/2025\/11\/26\/905210\/jorge-carranza_416x234.webp?v=1\" srcset=\"https:\/\/media.tycsports.com\/files\/2025\/11\/26\/905210\/jorge-carranza_416x234.webp?v=1 960w,https:\/\/media.tycsports.com\/files\/2025\/11\/26\/905210\/jorge-carranza_862x485.webp?v=1 1024w\" alt=\"Jorge Carranza\" width=\"416\" height=\"234\" data-src=\"https:\/\/media.tycsports.com\/files\/2025\/11\/26\/905210\/jorge-carranza_416x234.webp?v=1\" data-srcset=\"https:\/\/media.tycsports.com\/files\/2025\/11\/26\/905210\/jorge-carranza_416x234.webp?v=1 960w,https:\/\/media.tycsports.com\/files\/2025\/11\/26\/905210\/jorge-carranza_862x485.webp?v=1 1024w\" \/><figcaption>El hist\u00f3rico Jorge Carranza anunci\u00f3 su retiro.<\/figcaption><\/figure>\n<h2>Barracas Central<\/h2>\n<p><u>Altas<\/u><\/p>\n<ul>\n<li>Carlos Arce (vuelve de Los Andes)<\/li>\n<li>Wilfredo Rivera (libre de Academia Quintana, de Puerto Rico)<\/li>\n<li>Brian Calderara (libre de Newell&#8217;s)<\/li>\n<\/ul>\n<p><u>Bajas<\/u><\/p>\n<ul>\n<li>Javier Ruiz (vuelve a Independiente)<\/li>\n<li>Marcos Ledesma (vuelve a Defensa y Justicia)<\/li>\n<li>Manuel Duarte (vuelve a Defensa y Justicia)<\/li>\n<li>Bahiano Garc\u00eda (volvi\u00f3 de Colegiales y se fue a pr\u00e9stamo a Chaco For Ever)<\/li>\n<li>Siro Rosan\u00e9 (pr\u00e9stamo a Estudiantes RC)<\/li>\n<\/ul>\n<p><i>DT: Rub\u00e9n Dar\u00edo Ins\u00faa (sigue)<\/i><\/p>\n<h2>Belgrano<\/h2>\n<p><u>Altas<\/u><\/p>\n<ul>\n<li>Lucas Bustos (vuelve de Gimnasia Mendoza)<\/li>\n<li>Tom\u00e1s Castro (vuelve de Racing de C\u00f3rdoba)<\/li>\n<li>Tiago Cravero (vuelve de San Miguel)<\/li>\n<li>Juan Strumia (vuelve de Chacarita)<\/li>\n<li>M\u00e1ximo Oses (vuelve de Mitre)<\/li>\n<li>Ger\u00f3nimo Tomasetti (vuelve de Ferro)<\/li>\n<\/ul>\n<p><u>Bajas<\/u><\/p>\n<ul>\n<li>Franco Jara (libre a Instituto)<\/li>\n<li>Facundo Lencioni (Gimnasia Mza)<\/li>\n<li>Franco Rami (volvi\u00f3 de Aldosivi y se fue a pr\u00e9stamo a \u00d1ublense -CHI-)<\/li>\n<li>Gabriel Compagnucci (libre a Atl\u00e9tico Tucum\u00e1n)<\/li>\n<li>Lucas Menossi (libre)<\/li>\n<li>El\u00edas L\u00f3pez (libre)<\/li>\n<li>Lucas Bernabeu (libre a Central C\u00f3rdoba)<\/li>\n<li>Tob\u00edas Ostchega (libre a Estudiantes RC)<\/li>\n<li>Jerem\u00edas Lucco (pr\u00e9stamo a Universidad de Concepci\u00f3n -CHI-)<\/li>\n<li>Lucas Diarte (volvi\u00f3 de San Mart\u00edn de San Juan y se fue libre a San Mart\u00edn de Tucum\u00e1n)<\/li>\n<li>Francisco Facello (volvi\u00f3 de Godoy Cruz y se va a pr\u00e9stamo a Chacarita)<\/li>\n<li>Tom\u00e1s Castro (pr\u00e9stamo a Estudiantes RC)<\/li>\n<\/ul>\n<p><i>DT: Ricardo Zielinski (sigue)<\/i><\/p>\n<h2>Boca<\/h2>\n<p><u>Altas<\/u><\/p>\n<ul>\n<li>Gonzalo Maroni (vuelve de Newell\u2019s)<\/li>\n<li>Oscar Salom\u00f3n (vuelve de Platense)<\/li>\n<li>Gabriel Aranda (vuelve de Quilmes)<\/li>\n<li>Nicol\u00e1s Orsini (vuelve de Platense)<\/li>\n<li>Agust\u00edn Heredia (vuelve de Cobreloa)<\/li>\n<li>Gonzalo Morales (vuelve de Barracas Central)<\/li>\n<li>Israel Escalante (vuelve de Boca Unidos)<\/li>\n<li>Rom\u00e1n Rodr\u00edguez (vuelve de Estudiantes BA)<\/li>\n<li>Gabriel Vega (vuelve de Banfield)<\/li>\n<li>Juan Ram\u00edrez (vuelve de Lan\u00fas)<\/li>\n<li>Marcelo Weigandt (vuelve de Inter Miami)<\/li>\n<li>Agust\u00edn Lastra (vuelve de Independiente Rivadavia)<\/li>\n<li>Gast\u00f3n Gerzel (vuelve de Los Andes)<\/li>\n<li>Bruno Valdez (vuelve de Cerro Porte\u00f1o)<\/li>\n<li>Brandon Cortes (vuelve de Nueva Chicago)<\/li>\n<li>Ignacio Rodr\u00edguez (vuelve de Nueva Chicago)<\/li>\n<li>Federico Aguirre (vuelve de S. Italiano)<\/li>\n<li>Juli\u00e1n Carrasco (vuelve de Temperley)<\/li>\n<li>Pedro Velurtas (vuelve de D. Madryn)<\/li>\n<\/ul>\n<p>Bajas<\/p>\n<ul>\n<li>Valentino Simoni (a pr\u00e9stamo a Gimnasia\u00a0 de Mendoza)<\/li>\n<li>Ignacio Miram\u00f3n (vuelve a Lille -FRA-)<\/li>\n<li>Cristian Lema (libre)<\/li>\n<li>Frank Fabra (libre)<\/li>\n<li>Esteban Rol\u00f3n (libre a Aldosivi)<\/li>\n<li>Agust\u00edn Obando (volvi\u00f3 de Banfield y se fue a pr\u00e9stamo a Atl\u00e9tico de Rafaela)<\/li>\n<li>Nahuel Genez (volvi\u00f3 de Temperley y se fue a pr\u00e9stamo a Patronato)<\/li>\n<li>Jabes Saralegui (renueva pr\u00e9stamo con Tigre)<\/li>\n<li>Lucas Brochero (volvi\u00f3 de Chacarita y se fue a pr\u00e9stamo a San Miguel)<\/li>\n<li>Juli\u00e1n Ceballos (volvi\u00f3 de All Boys y se fue a pr\u00e9stamo a Gimnasia de Mendoza)<\/li>\n<li>Norberto Briasco (volvi\u00f3 de Gimnasia LP y se fue a pr\u00e9stamo a Gimnasia de Mendoza)<\/li>\n<li>Luis Adv\u00edncula (rescindi\u00f3 contrato)<\/li>\n<li>Renzo Giampaoli (pr\u00e9stamo a Gimnasia LP)<\/li>\n<\/ul>\n<p><i>DT: Claudio \u00dabeda (sigue)<\/i><\/p>\n<figure class=\"imgContain\" data-modal-description=\"Marino Hinestroza, el gran anhelo de Boca en este mercado de pases (GettyImages).\" data-modal-image=\"https:\/\/media.tycsports.com\/files\/2025\/12\/24\/911705\/hinestroza_w862.webp\"><img decoding=\"async\" class=\"mainImg\" title=\"Hinestroza\" src=\"https:\/\/media.tycsports.com\/files\/2025\/12\/24\/911705\/hinestroza_w862.webp\" alt=\"Hinestroza\" data-src=\"https:\/\/media.tycsports.com\/files\/2025\/12\/24\/911705\/hinestroza_w862.webp\" \/><figcaption>Marino Hinestroza, el gran anhelo de Boca en este mercado de pases (GettyImages).<\/figcaption><\/figure>\n<h2>Central C\u00f3rdoba<\/h2>\n<p><u>Altas<\/u><\/p>\n<ul>\n<li>Santiago Moyano (Deportivo Maip\u00fa)<\/li>\n<li>Eli\u00e1n Robles (vuelve de Acassuso)<\/li>\n<li>Joaqu\u00edn Flores (pr\u00e9stamo de River)<\/li>\n<li>Lucas Bernabeu (libre de Belgrano)<\/li>\n<li>Horacio Tijanovich (libre de San Mart\u00edn de San Juan)<\/li>\n<li>Marcos Iacobellis (pr\u00e9stamo de All Boys)<\/li>\n<li>Facundo Mansilla (libre de Newell&#8217;s)<\/li>\n<li>Agust\u00edn Quiroga (pr\u00e9stamo de Independiente)<\/li>\n<li>Tiago Cravero (pr\u00e9stamo de Belgrano)<\/li>\n<li>Ezequiel Naya (pr\u00e9stamo de Estudiantes)<\/li>\n<\/ul>\n<p><u>Bajas<\/u><\/p>\n<ul>\n<li>Lucas Abascia (libre)<\/li>\n<li>Jos\u00e9 Florentin (libre a Independiente Rivadavia)<\/li>\n<li>Mat\u00edas Godoy (vuelve a Estudiantes)<\/li>\n<li>Lucas Besozzi (vuelve a Lan\u00fas)<\/li>\n<li>Mat\u00edas Perell\u00f3 (vuelve a Argentinos Juniors)<\/li>\n<li>Leonardo Heredia (vuelve a Argentinos Juniors)<\/li>\n<li>Jonathan Galv\u00e1n (vuelve a Argentinos Juniors)<\/li>\n<\/ul>\n<p><i>DT: Lucas Pusineri (nuevo)<\/i><\/p>\n<h2>Defensa y Justicia<\/h2>\n<p><u>Altas<\/u><\/p>\n<ul>\n<li>\u00c9ver Banega (libre de Newell\u00b4s)<\/li>\n<li>Rub\u00e9n Botta (libre de Talleres)<\/li>\n<li>Marcos Ledesma (vuelve de Barracas Central)<\/li>\n<li>Cristopher Fiermar\u00edn (vuelve de Tolima)<\/li>\n<li>Lautaro Amad\u00e9 (vuelve de Wanderers)<\/li>\n<li>Rodrigo Bogar\u00edn (vuelve de Quer\u00e9taro)<\/li>\n<li>Dar\u00edo C\u00e1ceres (vuelve de Nacional PY)<\/li>\n<li>Ayrton Portillo (vuelve de San Mart\u00edn SJ)<\/li>\n<li>Leandro Espejo (vuelve de Olimpo)<\/li>\n<li>Lautaro Fedele (vuelve de Atlanta)<\/li>\n<li>Luciano Herrera (vuelve de Newell\u2019s)<\/li>\n<li>Federico Versaci (vuelve de Trist\u00e1n Su\u00e1rez)<\/li>\n<li>Manuel Duarte (vuelve de Barracas Central)<\/li>\n<li>Tom\u00e1s Escalante (vuelve de San Mart\u00edn SJ)<\/li>\n<li>Pedro Ram\u00edrez (vuelve de Riestra)<\/li>\n<li>Rodrigo Herrera (vuelve de Platense)<\/li>\n<li>Juli\u00e1n L\u00f3pez (vuelve de Tigre)<\/li>\n<li>Aldo Ma\u00edz (vuelve de Guaran\u00ed)<\/li>\n<li>Tom\u00e1s Ortiz (vuelve de Chacarita)<\/li>\n<li>Tom\u00e1s Sives (vuelve de Los Andes)<\/li>\n<li>Andr\u00e9s Berizovsky (vuelve de Juventus Antoniana)<\/li>\n<li>Thiago Schiavulli (vuelve de Excursionistas)<\/li>\n<li>David Mart\u00ednez (pr\u00e9stamo de River)<\/li>\n<\/ul>\n<p><u>Bajas<\/u><\/p>\n<ul>\n<li>Tob\u00edas Rubio (vuelve a Racing)<\/li>\n<li>Roberto Le\u00f3n (vuelve a Racing)<\/li>\n<li>Enrique Bologna (libre a Chacarita)<\/li>\n<li>Rafael Delgado (libre)<\/li>\n<li>Jos\u00e9 Reinatti (vuelve a Newell&#8217;s)<\/li>\n<li>Francisco Marco (volvi\u00f3 de Los Andes y se fue a pr\u00e9stamo a Almagro)<\/li>\n<li>Emanuel Aguilera (libre)<\/li>\n<li>Dami\u00e1n P\u00e9rez (libre)<\/li>\n<li>Luciano Herrera (Newell&#8217;s)<\/li>\n<li>Facundo Masuero (pr\u00e9stamo a Chicago)<\/li>\n<li>Kevin Guti\u00e9rrez (Necaxa -MEX-)<\/li>\n<li>Hern\u00e1n Zulliani (volvi\u00f3 de San Mart\u00edn de Tucum\u00e1n y se fue a pr\u00e9stamo a San Mart\u00edn de San Juan)<\/li>\n<\/ul>\n<p><i>DT: Mariano Soso (sigue)<\/i><\/p>\n<h2>Deportivo Riestra<\/h2>\n<p><u>Altas<\/u><\/p>\n<ul>\n<li>Jos\u00e9 Ingratti (pr\u00e9stamo de Mitre)<\/li>\n<li>Maximiliano Ben\u00edtez (vuelve de UAI Urquiza)<\/li>\n<li>Samuel Portillo (vuelve de Almirante Brown)<\/li>\n<li>Gonzalo Bravo (vuelve de Gimnasia y Tiro)<\/li>\n<li>Nicol\u00e1s Watson (pr\u00e9stamo de Instituto)<\/li>\n<li>Mariano Bracamonte (Deportivo Mor\u00f3n)<\/li>\n<li>Gast\u00f3n G\u00f3mez (pr\u00e9stamo de Racing)<\/li>\n<li>Alejandro Dramisino (pr\u00e9stamo de Altanta)<\/li>\n<li>Iv\u00e1n L\u00f3pez (pr\u00e9stamo de Deportivo Armenio)<\/li>\n<\/ul>\n<p><u>Bajas<\/u><\/p>\n<ul>\n<li>Pedro Ram\u00edrez (vuelve a Defensa y Justicia)<\/li>\n<li>Jaime Barcel\u00f3 (libre)<\/li>\n<li>Nahu\u00e9n Montoya (vuelve a JJ Urquiza)<\/li>\n<li>Santiago Vera (vuelve a A. Brown)<\/li>\n<li>Franco Fag\u00fandez (vuelve a Estudiantes BA)<\/li>\n<li>Braian Guille (vuelve a Olimpo)<\/li>\n<li>Gustavo Fern\u00e1ndez (libre a Mitre)<\/li>\n<li>Nahuel Manganelli (libre)<\/li>\n<\/ul>\n<p><i>DT: Gustavo Ben\u00edtez (sigue)<\/i><\/p>\n<h2>Estudiantes LP<\/h2>\n<p><u>Altas<\/u><\/p>\n<ul>\n<li>Ezequiel Naya (vuelve de Deportivo Garcilaso)<\/li>\n<li>Agust\u00edn Palavecino (vuelve de Aldosivi)<\/li>\n<li>Gonzalo Pi\u00f1eiro (vuelve de Tigre)<\/li>\n<li>Axel Atum (vuelve de Racing Mdeo)<\/li>\n<li>Nicol\u00e1s Fern\u00e1ndez (vuelve de Col\u00f3n)<\/li>\n<li>Mateo Schwartz (vuelve de Indep. Rivadavia)<\/li>\n<li>Emanuel Dall\u2019Aglio (vuelve de Cerrito)<\/li>\n<li>Juan Pablo Zozaya (vuelve de Central C\u00f3rdoba)<\/li>\n<li>Brian Orosco (vuelve de Estudiantes RC)<\/li>\n<\/ul>\n<p><u>Bajas<\/u><\/p>\n<ul>\n<li>Leonardo Su\u00e1rez (libre)<\/li>\n<li>Mat\u00edas Godoy (volvi\u00f3 de Central C\u00f3rdoba y se fue a pr\u00e9stamo a Col\u00f3n)<\/li>\n<li>Rom\u00e1n Gom\u00e9z (Bah\u00eda -BRA-)<\/li>\n<li>Santiago Flores (volvi\u00f3 de Independiente Rivadavia y se fue a pr\u00e9stamo a Temperley)<\/li>\n<li>Mat\u00edas Mansilla (pr\u00e9stamo a Uni\u00f3n)<\/li>\n<\/ul>\n<p><i>DT: Eduardo Dom\u00ednguez (sigue)<\/i><\/p>\n<h2>Estudiantes RC<\/h2>\n<p><u>Altas<\/u><\/p>\n<ul>\n<li>Jerem\u00edas Ramponi (pr\u00e9stamo de Tigre)<\/li>\n<li>Renzo Reynaga (vuelve de Gimnasia y Tiro)<\/li>\n<li>Tob\u00edas Ostchega (libre desde Belgrano)<\/li>\n<li>Tom\u00e1s Olmos (pr\u00e9stamo desde Talleres)<\/li>\n<li>Fernando Bersano (libre de Tarma)<\/li>\n<li>Ezequiel Forclaz (pr\u00e9stamo de Tigre)<\/li>\n<li>Tom\u00e1s Castro (pr\u00e9stamo de Belgrano)<\/li>\n<li>Siro Rosan\u00e9 (Barracas Central)<\/li>\n<li>Gabriel Alan\u00eds (pr\u00e9stamo de Hurac\u00e1n)<\/li>\n<\/ul>\n<p><u>Bajas<\/u><\/p>\n<ul>\n<li>Fabio V\u00e1zquez (libre)<\/li>\n<li>Brian Olivera (libre a Racing de C\u00f3rdoba)<\/li>\n<li>Agust\u00edn Fontana (libre)<\/li>\n<li>Lucas Angelini (vuelve a Temperley)<\/li>\n<li>Brian Orosco (vuelve a Estudiantes LP)<\/li>\n<li>Ignacio Abraham (Banfield)<\/li>\n<\/ul>\n<p><i>DT: Iv\u00e1n Delfino (sigue)<\/i><\/p>\n<h2>Gimnasia LP<\/h2>\n<p><u>Altas<\/u><\/p>\n<ul>\n<li>Bautista Barros Schelotto (vuelve de Platense)<\/li>\n<li>Guillermo Enrique (vuelve de Alianza Lima -PER-)<\/li>\n<li>Alexis Steimbach (vuelve de Trist\u00e1n Su\u00e1rez)<\/li>\n<li>Francisco Vergara (vuelve de Excursionistas)<\/li>\n<li>Ignacio Fern\u00e1ndez (libre de River)<\/li>\n<li>Ignacio Miram\u00f3n (a pr\u00e9stamo del Lille -FRA-)<\/li>\n<li>Renzo Giampaoli (a pr\u00e9stamo de Boca)<\/li>\n<\/ul>\n<p><u>Bajas<\/u><\/p>\n<ul>\n<li>Nicol\u00e1s Garayalde (vuelve a V\u00e9lez)<\/li>\n<li>Alejandro Piedrahita (libre a CSKA Sof\u00eda -BUL-)<\/li>\n<li>Santino Primante (libre a Midland)<\/li>\n<li>Bautista Merlini (libre)<\/li>\n<li>Luis Ingolotti (libre a Atl\u00e9tico Tucum\u00e1n)<\/li>\n<li>Norberto Briasco (vuelve a Boca)<\/li>\n<li>Alan Sosa (pr\u00e9stamo a Aldosivi)<\/li>\n<li>Jan Hurtado (libre)<\/li>\n<li>Juan de Dios Pintado (pr\u00e9stamo a Nacional, de Uruguay)<\/li>\n<\/ul>\n<p><i>DT: Fernando Zaniratto (sigue)<\/i><\/p>\n<h2>Gimnasia de Mendoza<\/h2>\n<p><u>Altas<\/u><\/p>\n<ul>\n<li>Nicol\u00e1s Linares (pr\u00e9stamo de Amazonas FC -BRA-)<\/li>\n<li>Santiago Roggero (pr\u00e9stamo de Sportivo\u00a0 Belgrano)<\/li>\n<li>Valentino Simoni (pr\u00e9stamo de Boca)<\/li>\n<li>Luciano Paredes (pr\u00e9stamo de D. Maip\u00fa)<\/li>\n<li>Franco Saavedra (Talleres)<\/li>\n<li>Juan Franco (libre de Instituto)<\/li>\n<li>Facundo Lencioni (Belgrano)<\/li>\n<li>Esteban Fern\u00e1ndez (pr\u00e9stamo de Arsenal)<\/li>\n<li>Ezequiel Mu\u00f1oz (libre de Lan\u00fas)<\/li>\n<li>Brian Ferreyra (Colegiales)<\/li>\n<li>Alejo Tello (vuelve de Argentino de Quilmes)<\/li>\n<li>Santiago Rodr\u00edguez (pr\u00e9stamo de Argentinos)<\/li>\n<li>Mateo Bajamich (pr\u00e9stamo de Atl\u00e9tico Tucum\u00e1n)<\/li>\n<li>Juli\u00e1n Ceballos (pr\u00e9stamo de Boca)<\/li>\n<li>Norberto Briasco (pr\u00e9stamo de Boca)<\/li>\n<\/ul>\n<p><u>Bajas<\/u><\/p>\n<ul>\n<li>C\u00e9sar Rigamonti<\/li>\n<li>Facundo Nadalin (libre a San Mart\u00edn SJ)<\/li>\n<li>Ignacio Antonio (libre a Col\u00f3n)<\/li>\n<li>Ismael Cortez<\/li>\n<li>Jerem\u00edas Rodr\u00edguez Puch (libre a Atlanta)<\/li>\n<li>Nicol\u00e1s Servetto<\/li>\n<li>Lucas Bustos (vuelve a Belgrano)<\/li>\n<li>Leandro Ciccolini (pr\u00e9stamo a Defensores de Belgrano)<\/li>\n<li>Gast\u00f3n Esp\u00f3sito (libre a G\u00fcemes)<\/li>\n<li>Axel Poza (vuelve a Independiente)<\/li>\n<li>Mario Galeano (vuelve a Godoy Cruz)<\/li>\n<\/ul>\n<p><i>DT: Ariel Broggi (sigue)<\/i><\/p>\n<h2>Hurac\u00e1n<\/h2>\n<p><u>Altas<\/u><\/p>\n<ul>\n<li>Mat\u00edas Polvera (vuelve de Rampla Juniors)<\/li>\n<li>Mauro Villar (vuelve de Cerro)<\/li>\n<li>Emmanuel Ojeda (Universida de Chile -CHI-)<\/li>\n<li>Jordy Caicedo (pr\u00e9stamo de Atlas)<\/li>\n<li>\u00d3scar Cort\u00e9s (pr\u00e9stamo de Rangers)<\/li>\n<li>Federico Vera (pr\u00e9stamo de Independiente)<\/li>\n<\/ul>\n<p>Bajas<\/p>\n<ul>\n<li>Ram\u00f3n \u00c1bila (libre)<\/li>\n<li>Agust\u00edn Urzi (vuelve a Ju\u00e1rez)<\/li>\n<li>Mat\u00edas Tissera (vuelve a Ludogorets)<\/li>\n<li>Tom\u00e1s Guidara (libre a Lan\u00fas)<\/li>\n<li>Nicol\u00e1s Goitea (vuelve a Mitre)<\/li>\n<li>Sebasti\u00e1n Ram\u00edrez (volvi\u00f3 de Estudiantes BA y se fue a pr\u00e9stamo a Chacarita)<\/li>\n<li>Pablo Oro (libre a Villa D\u00e1lmine)<\/li>\n<li>Matko Miljevic (vendido a Racing)<\/li>\n<li>Rodrigo Cabral (pr\u00e9stamo a Audax Italiano)<\/li>\n<li>Gabriel Alan\u00eds (pr\u00e9stamo a Estudiantes de R\u00edo Cuarto)<\/li>\n<\/ul>\n<p><i>DT: Diego Mart\u00ednez (nuevo)<\/i><\/p>\n<h2>Independiente<\/h2>\n<p><u>Altas<\/u><\/p>\n<ul>\n<li>Juan Manuel Fedorco (vuelve de Puebla -MEX-)<\/li>\n<li>Jhonny Qui\u00f1\u00f3nez (vuelve de Barcelona SC -ECU-)<\/li>\n<li>Joel Gonz\u00e1lez (vuelve de Dock Sud)<\/li>\n<li>Kevin L\u00f3pez (vuelve de Atl\u00e9tico Tucum\u00e1n)<\/li>\n<li>Rodrigo M\u00e1rquez (vuelve de Platense)<\/li>\n<li>Javier Ruiz (vuelve de Barracas Central)<\/li>\n<li>Braian Mart\u00ednez (vuelve de Tigre)<\/li>\n<li>Ignacio Malcorra (libre de Rosario Central)<\/li>\n<\/ul>\n<p><u>Bajas<\/u><\/p>\n<ul>\n<li>Axel Poza (volvi\u00f3 de Gimnasia Mza y se fue libre a Argentino de Quilmes)<\/li>\n<li>Nicol\u00e1s Vallejo (volvi\u00f3 de Liverpool -UY- y fue vendido a Le\u00f3n -MEX-)<\/li>\n<li>Ignacio Maestro Puch (volvi\u00f3 de San Mart\u00edn SJ y se fue a pr\u00e9stamo a Puebla -MEX-)<\/li>\n<li>Santiago Salle (volvi\u00f3 de San Mart\u00edn de San Juan y se va a pr\u00e9stamo a Sarmiento)<\/li>\n<li>David Sayago (libre a Real Espa\u00f1a -HON-)<\/li>\n<li>Patricio Ostachuk (volvi\u00f3 de Trist\u00e1n Su\u00e1rez y se fue a pr\u00e9stamo a Atlanta)<\/li>\n<li>Baltasar Barcia (volvi\u00f3 de Boston River -URU- y fue vendido a Nacional -URU-)<\/li>\n<li>Agust\u00edn Quiroga (pr\u00e9stamo a Central C\u00f3rdoba)<\/li>\n<li>Santiago L\u00f3pez (volvi\u00f3 de Rosario Central y se fue a pr\u00e9stamo a Tigre)<\/li>\n<li>Federico Vera (pr\u00e9stamo a Hurac\u00e1n)<\/li>\n<\/ul>\n<p><i>DT: Gustavo Quinteros (sigue)<\/i><\/p>\n<figure data-modal-description=\"Villa dej\u00f3 Independiente Rivadavia. (FotoBaires)\" data-modal-image=\"https:\/\/media.tycsports.com\/files\/2025\/12\/21\/911195\/villa_w862.webp\"><img loading=\"lazy\" decoding=\"async\" class=\"mainImg r16x9\" title=\"Villa\" src=\"https:\/\/media.tycsports.com\/files\/2025\/12\/21\/911195\/villa_416x234.webp?v=1\" srcset=\"https:\/\/media.tycsports.com\/files\/2025\/12\/21\/911195\/villa_416x234.webp?v=1 960w,https:\/\/media.tycsports.com\/files\/2025\/12\/21\/911195\/villa_862x485.webp?v=1 1024w\" alt=\"Villa\" width=\"416\" height=\"234\" data-src=\"https:\/\/media.tycsports.com\/files\/2025\/12\/21\/911195\/villa_416x234.webp?v=1\" data-srcset=\"https:\/\/media.tycsports.com\/files\/2025\/12\/21\/911195\/villa_416x234.webp?v=1 960w,https:\/\/media.tycsports.com\/files\/2025\/12\/21\/911195\/villa_862x485.webp?v=1 1024w\" \/><figcaption>Villa dej\u00f3 Independiente Rivadavia. (FotoBaires)<\/figcaption><\/figure>\n<h2>Independiente Rivadavia<\/h2>\n<p><u>Altas<\/u><\/p>\n<ul>\n<li>Gonzalo R\u00edos (vuelve de Banfield)<\/li>\n<li>Iv\u00e1n Valdez (vuelve de Nacional PY)<\/li>\n<li>Jos\u00e9 Florent\u00edn (libre desde Central C\u00f3rdoba)<\/li>\n<li>Juan Manuel Elordi (pr\u00e9stamo de Racing)<\/li>\n<li>Emanuel L\u00f3pez Riga (pr\u00e9stamo de Alvarado)<\/li>\n<li>Ramiro Macagno (libre de Levadiakos)<\/li>\n<li>Stefano Moreyra (pr\u00e9stamo de Instituto)<\/li>\n<li>Diego Crego (pr\u00e9stamo de Deportivo Madryn)<\/li>\n<li>Santiago Cena (libre de Sacachispas)<\/li>\n<\/ul>\n<p><u>Bajas<\/u><\/p>\n<ul>\n<li>Luciano Abecasis (retiro)<\/li>\n<li>Diego Tonetto (retiro)<\/li>\n<li>Gonzalo Marinelli (libre a Quilmes)<\/li>\n<li>Agust\u00edn Lastra (vuelve a Boca)<\/li>\n<li>Santiago Flores (vuelve a Estudiantes LP)<\/li>\n<li>Pedro Souto (vuelve a Temperley)<\/li>\n<li>Thomas Ortega (libre)<\/li>\n<li>Tom\u00e1s Muro (vuelve a Orenburg)<\/li>\n<li>Ezequiel Centuri\u00f3n (vuelve a River)<\/li>\n<li>Maximiliano Amarfil (vuelve a Cipolletti)<\/li>\n<li>Laureano Rodr\u00edguez (libre)<\/li>\n<li>Juan Ignacio Barbieri (vuelve a Dep. Armenio)<\/li>\n<li>Mat\u00edas Bergara (vuelve a Racing)<\/li>\n<li>Kevin Retamar (vuelve a Ferro)<\/li>\n<li>Santiago Mu\u00f1oz (libre)<\/li>\n<li>Sebasti\u00e1n Villa (libre)<\/li>\n<\/ul>\n<p><i>DT: Alfredo Berti (sigue)<\/i><\/p>\n<h2>Instituto<\/h2>\n<p><u>Altas<\/u><\/p>\n<ul>\n<li>Giuliano Cerato (vuelve de Aldosivi)<\/li>\n<li>Jonathan Dellarossa (vuelve de Atlanta)<\/li>\n<li>Emanuel Bilbao (vuelve de A. Rafaela)<\/li>\n<li>Agust\u00edn Massaccesi (vuelve de Def. de Belgrano)<\/li>\n<li>Leonardo Monje (vuelve de San Mart\u00edn T)<\/li>\n<li>Franco Jara (libre de Belgrano)<\/li>\n<li>Ignacio Rossi (vuelve de Defensores de Belgrano)<\/li>\n<li>Lautaro Maldonado (libre de Midland)<\/li>\n<li>Jonathan Galvan (a pr\u00e9stamo de Argentinos Juniors)<\/li>\n<li>Franco Moyano (pr\u00e9stamo de Talleres)<\/li>\n<li>Diego Sosa (libre de Tigre)<\/li>\n<li>Iv\u00e1n Erquiaga (Riga FC -LET-)<\/li>\n<li>Gustavo Abreg\u00fa (libre de San Mart\u00edn de Tucum\u00e1n)<\/li>\n<\/ul>\n<p><u>Bajas<\/u><\/p>\n<ul>\n<li>Franco D\u00edaz (vuelve a V\u00e9lez)<\/li>\n<li>Emanuel Beltr\u00e1n (vuelve a Boston River)<\/li>\n<li>Nicol\u00e1s Zalazar (libre)<\/li>\n<li>Lucas Rodr\u00edguez (libre a Aldosivi)<\/li>\n<li>Joaqu\u00edn Papaleo (libre a Gimnasia y Tiro)<\/li>\n<li>Juan Franco (libre a Gimnasia de Mendoza)<\/li>\n<li>Jonathan Dellarossa (volvi\u00f3 de Atlante y se fue a pr\u00e9stamo a Defensores de Belgrano)<\/li>\n<li>Nicol\u00e1s Watson (pr\u00e9stamo a Deportivo Riestra)<\/li>\n<li>Stefano Moreyra (libre)<\/li>\n<\/ul>\n<p><i>DT: Daniel Oldr\u00e1 (sigue)<\/i><\/p>\n<h2>Lan\u00fas<\/h2>\n<p><u>Altas<\/u><\/p>\n<ul>\n<li>Rocco R\u00edos Novo (vuelve de Inter Miami)<\/li>\n<li>Jerem\u00edas Chavero (vuelve de River UY)<\/li>\n<li>Samuel Carega (vuelve de Hartford)<\/li>\n<li>Maximiliano Gonz\u00e1lez (vuelve de Godoy Cruz)<\/li>\n<li>Tom\u00e1s Guidara (libre de Hurac\u00e1n)<\/li>\n<li>Lucas Acosta (vuelve de Sarmiento)<\/li>\n<li>Franco Orozco (vuelve de Newell&#8217;s)<\/li>\n<li>Lucas Besozzi (vuelve de Central C\u00f3rdoba)<\/li>\n<li>Lucas Sepulveda (Universidad de Chile)<\/li>\n<li>Franco Petroli (pr\u00e9stamo de Godoy Cruz)<\/li>\n<\/ul>\n<p><u>Bajas<\/u><\/p>\n<ul>\n<li>Armando M\u00e9ndez (vuelve a Newell&#8217;s)<\/li>\n<li>Lautaro Acosta (retiro)<\/li>\n<li>Juan Ram\u00edrez (vuelve a Boca)<\/li>\n<li>Alexis Canelo (libre)<\/li>\n<li>Gustavo Calderari (libre)<\/li>\n<li>Ezequiel Mu\u00f1oz (libre a Gimnasia -M-)<\/li>\n<li>Luciano Peraggini (libre a Deportivo Maip\u00fa)<\/li>\n<li>Franco Ortellado (libre)<\/li>\n<li>Brian Aguilar (libre)<\/li>\n<\/ul>\n<p><i>DT: Mauricio Pellegrino (sigue)<\/i><\/p>\n<h2>Newell&#8217;s<\/h2>\n<p><u>Altas<\/u><\/p>\n<ul>\n<li>Walter N\u00fa\u00f1ez (pr\u00e9stamo de Montevideo City)<\/li>\n<li>Juan Ignacio Ram\u00edrez (vuelve de Sport Recife)<\/li>\n<li>Armando M\u00e9ndez (vuelve de Lan\u00fas)<\/li>\n<li>Josu\u00e9 Reinatti (vuelve de Defensa y Justicia)<\/li>\n<li>Marcelo Sponda (vuelve de Aldosivi)<\/li>\n<li>Gabriel Arias (libre de Racing)<\/li>\n<li>Franco Garc\u00eda (libre)<\/li>\n<li>Nicol\u00e1s Goitea (pr\u00e9stamo de Mitre)<\/li>\n<li>Luciano Herrera (Defensa y Justicia)<\/li>\n<li>Michael Hoyos (libre de Independiente del Valle)<\/li>\n<\/ul>\n<p><u>Bajas<\/u><\/p>\n<ul>\n<li>Dar\u00edo Benedetto (libre)<\/li>\n<li>Gaspar I\u00f1\u00edguez (libre)<\/li>\n<li>Gonzalo Maroni (vuelve a Boca)<\/li>\n<li>Lucas Hoyos (libre a Atlanta United)<\/li>\n<li>Carlos Ordo\u00f1ez (libre)<\/li>\n<li>Franco Orozco (vuelve a Lan\u00fas)<\/li>\n<li>Josu\u00e9 Colm\u00e1n (libre)<\/li>\n<li>Brian Calderara (libre a Barracas Central)<\/li>\n<li>Facundo Mansilla (libre a Central C\u00f3rdoba)<\/li>\n<li>Lisandro Montenegro (libre a Chacarita)<\/li>\n<\/ul>\n<p><i>DT: Favio Orsi y Sergio G\u00f3mez (nuevos)<\/i><\/p>\n<h2>Platense<\/h2>\n<p><u>Altas<\/u><\/p>\n<ul>\n<li>Tom\u00e1s Silva (San Lorenzo)<\/li>\n<li>Agust\u00edn Alonso (vuelve de Ferro)<\/li>\n<li>Tom\u00e1s Nasif (pr\u00e9stamo de River)<\/li>\n<li>Juan Gauto (pr\u00e9stamo de Basel, Suiza)<\/li>\n<li>Eugenio Raggio (libre de Deportivo Cuenca)<\/li>\n<li>H\u00e9ctor Bobadilla (pr\u00e9stamo de Cerro Porte\u00f1o)<\/li>\n<li>Leonardo Heredia (pr\u00e9stamo de Argentinos Juniors)<\/li>\n<li>Santiago Quir\u00f3s (pr\u00e9stamo de Racing)<\/li>\n<\/ul>\n<p><u>Bajas<\/u><\/p>\n<ul>\n<li>Bautista Barros Schelotto (vuelve a gimnasia )<\/li>\n<li>Rodrigo Herrera (vuelve a Defensa y Justicia)<\/li>\n<li>Nicol\u00e1s Orsini (vuelve a Boca)<\/li>\n<li>Oscar Salom\u00f3n (vuelve a Boca)<\/li>\n<li>Rodrigo M\u00e1rquez (vuelve a Independiente)<\/li>\n<li>Federico Losas (vuelve a Chacarita)<\/li>\n<li>Santiago Postel (volvi\u00f3 de Deportivo Madryn y se fue a pr\u00e9stamo a Deportivo Cuenta -ECU-)<\/li>\n<li>Maximiliano Rodr\u00edguez Vejar (vuelve a Huachipato -CHI-)<\/li>\n<li>Franco Baldassarra (libre)<\/li>\n<li>Edgar Elizalde (libre)<\/li>\n<li>Ra\u00fal Lozano (vuelve a Quilmes)<\/li>\n<li>Andr\u00e9s Des\u00e1bato (libre)<\/li>\n<li>Enzo Rold\u00e1n (vuelve a Uni\u00f3n)<\/li>\n<\/ul>\n<p><i>DT: Walter Zunino (nuevo)<\/i><\/p>\n<h2>Racing<\/h2>\n<p><u>Altas<\/u><\/p>\n<ul>\n<li>Baltasar Rodr\u00edguez (vuelve de Inter Miami)<\/li>\n<li>Mat\u00edas Tagliamonte (vuelve de Uni\u00f3n)<\/li>\n<li>Tob\u00edas Rubio (vuelve de Defensa y Justicia)<\/li>\n<li>Roberto Le\u00f3n (vuelve de Defensa y Justicia)<\/li>\n<li>Patricio Tanda (vuelve de Karpaty Lviv)<\/li>\n<li>Valent\u00edn Carboni (pr\u00e9stamo de Inter -ITA-)<\/li>\n<li>Matko Miljevic (Hurac\u00e1n)<\/li>\n<\/ul>\n<p><u>Bajas<\/u><\/p>\n<ul>\n<li>Gabriel Arias (libre a Newell&#8217;s)<\/li>\n<li>Facundo Mura (libre a Inter Miami -USA-)<\/li>\n<li>Johan Carbonero (Inter de Porto Alegre -BRA-)<\/li>\n<li>Santino Vera (libre a Uni\u00f3n)<\/li>\n<li>Luciano Vietto (libre)<\/li>\n<li>Agust\u00edn Almendra (Necaxa -MEX-)<\/li>\n<li>Ramiro De Gregorio (pr\u00e9stamo a Liverpool -URU-)<\/li>\n<li>Gast\u00f3n G\u00f3mez (volvi\u00f3 de Deportes Concepci\u00f3n -CHI- y se fue a pr\u00e9stamo a Riestra)<\/li>\n<li>Hector Fertoli (volvi\u00f3 de Tigre y se fue pr\u00e9stamo a Universitario -PER-)<\/li>\n<li>Juan Manuel Elordi (volvi\u00f3 de Rosario Central y se fue a pr\u00e9stamo a Independiente Rivadavia)<\/li>\n<li>Iv\u00e1n Maggi (volvi\u00f3 de Chicago y se fue libre a Sportivo Luque\u00f1o -PAR-)<\/li>\n<li>Maico Quiroz (volvi\u00f3 de Chacarita y se fue a pr\u00e9stamo a G\u00fcemes)<\/li>\n<li>Santiago Quir\u00f3s (pr\u00e9stamo a Platense)<\/li>\n<\/ul>\n<p><i>DT: Gustavo Costas (renov\u00f3 por tres a\u00f1os)<\/i><\/p>\n<figure data-modal-description=\"Mura se fue de Racing (Rodrigo Valle\/Getty Images).\" data-modal-image=\"https:\/\/media.tycsports.com\/files\/2025\/11\/25\/905037\/facundo-mura_w862.webp\"><img loading=\"lazy\" decoding=\"async\" class=\"mainImg r16x9\" title=\"Facundo Mura\" src=\"https:\/\/media.tycsports.com\/files\/2025\/11\/25\/905037\/facundo-mura_416x234.webp?v=1\" srcset=\"https:\/\/media.tycsports.com\/files\/2025\/11\/25\/905037\/facundo-mura_416x234.webp?v=1 960w,https:\/\/media.tycsports.com\/files\/2025\/11\/25\/905037\/facundo-mura_862x485.webp?v=1 1024w\" alt=\"Facundo Mura\" width=\"416\" height=\"234\" data-src=\"https:\/\/media.tycsports.com\/files\/2025\/11\/25\/905037\/facundo-mura_416x234.webp?v=1\" data-srcset=\"https:\/\/media.tycsports.com\/files\/2025\/11\/25\/905037\/facundo-mura_416x234.webp?v=1 960w,https:\/\/media.tycsports.com\/files\/2025\/11\/25\/905037\/facundo-mura_862x485.webp?v=1 1024w\" \/><figcaption>Mura se fue de Racing (Rodrigo Valle\/Getty Images).<\/figcaption><\/figure>\n<h2>River<\/h2>\n<p><u>Altas<\/u><\/p>\n<ul>\n<li>Fausto Vera (a pr\u00e9stamo desde Atl\u00e9tico de Mineiro -BRA-)<\/li>\n<li>An\u00edbal Moreno (Palmeiras -BRA-)<\/li>\n<li>Ezequiel Centuri\u00f3n (vuelve de Indep. Rivadavia)<\/li>\n<li>Tom\u00e1s Galv\u00e1n (vuelve de V\u00e9lez)<\/li>\n<li>Eli\u00e1n Gim\u00e9nez (vuelve de Sarmiento)<\/li>\n<li>Tob\u00edas Leiva (vuelve de Aldosivi)<\/li>\n<li>Daniel Zabala (vuelve de Hurac\u00e1n)<\/li>\n<li>Tom\u00e1s Nasif (vuelve de Banfield)<\/li>\n<li>Gonzalo Trindade (vuelve de Central C\u00f3rdoba)<\/li>\n<li>Oswaldo Valencia (vuelve de C\u00facuta Deportivo -COL-)<\/li>\n<li>Alexis Gonz\u00e1lez (vuelve de Audax Italiano -CHI-)<\/li>\n<li>Tom\u00e1s Galv\u00e1n (vuelve de V\u00e9lez)<\/li>\n<li>Mat\u00edas Vi\u00f1a (pr\u00e9stamo desde Flamengo -BRA-)<\/li>\n<\/ul>\n<p><u>Bajas<\/u><\/p>\n<ul>\n<li>Enzo P\u00e9rez (libre a Argentinos Juniors)<\/li>\n<li>Milton Casco (libre a Atl\u00e9tico Nacional -COL-)<\/li>\n<li>Ignacio Fern\u00e1ndez (libre a Gimnasia)<\/li>\n<li>Gonzalo Mart\u00ednez (libre)<\/li>\n<li>Miguel Borja (libre a Cruz Azul -MEX-)<\/li>\n<li>Federico Gattoni (vuelve a Sevilla -ESP-)<\/li>\n<li>David Mart\u00ednez (volvi\u00f3 de Olimpia y se fue a pr\u00e9stamo a Defensa y Justicia)<\/li>\n<li>Tiago Serrago (volvi\u00f3 de Aldosivi y se fue a pr\u00e9stamo a Tigre)<\/li>\n<li>Joaqu\u00edn Flores (pr\u00e9stamo a Central C\u00f3rdoba)<\/li>\n<li>Franco Alfonso (volvi\u00f3 de Central C\u00f3rdoba y se fue libre a Olimpia -PAR-)<\/li>\n<li>Tom\u00e1s Castro Ponce (volvi\u00f3 de Almagro y se fue libre a Atlanta)<\/li>\n<li>Jerem\u00edas Ledesma (pr\u00e9stamo a Rosario Central)<\/li>\n<\/ul>\n<p><i>DT: Marcelo Gallardo (sigue)<\/i><\/p>\n<h2>Rosario Central<\/h2>\n<p><u>Altas<\/u><\/p>\n<ul>\n<li>Franco Fr\u00edas (vuelve de Sarmiento)<\/li>\n<li>Mauricio Mart\u00ednez (vuelve de Uni\u00f3n)<\/li>\n<li>Jerem\u00edas Ledesma (pr\u00e9stamo de River)<\/li>\n<li>Gast\u00f3n \u00c1vila (pr\u00e9stamo de Ajax)<\/li>\n<li>Vicente Pizarro (Colo Colo -CHI-)<\/li>\n<\/ul>\n<p><u>Bajas<\/u><\/p>\n<ul>\n<li>Ignacio Russo (Tigre)<\/li>\n<li>Santiago L\u00f3pez (vuelve a Independiente)<\/li>\n<li>Juan Manuel Elordi (vuelve a Racing)<\/li>\n<li>Luciano Ferreyra (volvi\u00f3 de Central Norte y se fue a pr\u00e9stamo a San Mart\u00edn de Tucum\u00e1n)<\/li>\n<li>Ignacio Malcorra (libre a Independiente)<\/li>\n<li>Alan Rodr\u00edguez (pr\u00e9stamo a Olimpia -PAR-)<\/li>\n<\/ul>\n<p><i>DT: Jorge Almir\u00f3n (nuevo)<\/i><\/p>\n<h2>San Lorenzo<\/h2>\n<p><u>Altas<\/u><\/p>\n<ul>\n<li>Nahuel Barrios (vuelve de Barracas Central)<\/li>\n<li>Jerem\u00edas James (vuelve de Magallanes)<\/li>\n<li>Jos\u00e9 Devecchi (vuelve de Sarmiento)<\/li>\n<li>Thiago Perugini (vuelve de Barracas Central)<\/li>\n<li>Franco Lorenz\u00f3n (vuelve de D. Mor\u00f3n)<\/li>\n<li>Agust\u00edn Lamosa (vuelve de Temperley)<\/li>\n<li>Francisco Flores (vuelve de Quilmes)<\/li>\n<li>Lautaro L\u00f3pez Kaleniuk (vuelve de Atlanta)<\/li>\n<li>Juan Goyeneche (vuelve de Midland)<\/li>\n<li>Sim\u00f3n P\u00e9rez (vuelve de Alianza Atl\u00e9tico)<\/li>\n<\/ul>\n<p><u>Bajas<\/u><\/p>\n<ul>\n<li>Tom\u00e1s Silva (Platense)<\/li>\n<li>Emanuel Cecchini (libre)<\/li>\n<li>Andr\u00e9s Vombergar (libre)<\/li>\n<\/ul>\n<p><i>DT: Dami\u00e1n Ayude (sigue)<\/i><\/p>\n<figure data-modal-description=\"El festejo de Santiago Ascac\u00edbar.\" data-modal-image=\"https:\/\/media.tycsports.com\/files\/2025\/12\/20\/911029\/estudiantes-campeon-ascacibar_w862.webp\"><img loading=\"lazy\" decoding=\"async\" class=\"mainImg r16x9\" title=\"Estudiantes campe\u00f3n Ascac\u00edbar\" src=\"https:\/\/media.tycsports.com\/files\/2025\/12\/20\/911029\/estudiantes-campeon-ascacibar_416x234.webp\" srcset=\"https:\/\/media.tycsports.com\/files\/2025\/12\/20\/911029\/estudiantes-campeon-ascacibar_416x234.webp 960w,https:\/\/media.tycsports.com\/files\/2025\/12\/20\/911029\/estudiantes-campeon-ascacibar_862x485.webp 1024w\" alt=\"Estudiantes campe\u00f3n Ascac\u00edbar\" width=\"416\" height=\"234\" data-src=\"https:\/\/media.tycsports.com\/files\/2025\/12\/20\/911029\/estudiantes-campeon-ascacibar_416x234.webp\" data-srcset=\"https:\/\/media.tycsports.com\/files\/2025\/12\/20\/911029\/estudiantes-campeon-ascacibar_416x234.webp 960w,https:\/\/media.tycsports.com\/files\/2025\/12\/20\/911029\/estudiantes-campeon-ascacibar_862x485.webp 1024w\" \/><figcaption>El festejo de Santiago Ascac\u00edbar.<\/figcaption><\/figure>\n<h2>Sarmiento<\/h2>\n<p><u>Altas<\/u><\/p>\n<ul>\n<li>Benjam\u00edn Borasi (vuelve de Crici\u00fama -BRA-)<\/li>\n<li>Andr\u00e9s Marsengo (vuelve de Tacuaremb\u00f3 -URU-)<\/li>\n<li>Federico Andueza (vuelve de Chacarita)<\/li>\n<li>Sergio Quiroga (vuelve de Ferro)<\/li>\n<li>Javier Burrai (libre de Talleres)<\/li>\n<li>Santiago Salle (prestamo de Independiente)<\/li>\n<li>Lucas Su\u00e1rez (pr\u00e9stamo desde Talleres)<\/li>\n<li>Juan Manuel Cabrera (pr\u00e9stamo de Argentinos Juniors)<\/li>\n<li>Diego Chur\u00edn (libre de Universitario -PER-)<\/li>\n<li>Cristian Zabala (libre de Independiente del Valle)<\/li>\n<\/ul>\n<p><u>Bajas<\/u><\/p>\n<ul>\n<li>Lucas Pratto (libre a Coquimbo)<\/li>\n<li>Facundo Roncaglia (libre)<\/li>\n<li>Iv\u00e1n Morales Bravo (libre)<\/li>\n<li>Lucas Acosta (vuelve a Lan\u00fas)<\/li>\n<li>Jos\u00e9 Devecchi (vuelve a San Lorenzo)<\/li>\n<li>Santiago Rodr\u00edguez (vuelve a Argentinos)<\/li>\n<li>Franco Fr\u00edas (vuelve a Rosario Central)<\/li>\n<li>Joaqu\u00edn Ardaiz (vuelve a Argentinos Jrs)<\/li>\n<li>Eli\u00e1n Gim\u00e9nez (vuelve a River)<\/li>\n<li>Agust\u00edn \u00c1valos Molina (pr\u00e9stamo a Argentinos Juniors)<\/li>\n<li>David Gallardo (volvi\u00f3 de Almirante Brown y se fue a pr\u00e9stamo a Gimnasia de Jujuy)<\/li>\n<\/ul>\n<p><i>DT: Facundo Sava (sigue)<\/i><\/p>\n<h2>Talleres<\/h2>\n<p><u>Altas<\/u><\/p>\n<ul>\n<li>Bruno Barticciotto (vuelve de Santos Laguna)<\/li>\n<li>Tom\u00e1s Kummer (vuelve de Aldosivi)<\/li>\n<li>Pablo Ferreira (Mor\u00f3n)<\/li>\n<\/ul>\n<p><u>Bajas<\/u><\/p>\n<ul>\n<li>Javier Burrai (libre a Sarmiento)<\/li>\n<li>Rub\u00e9n Botta (libre a Defensa y Justicia)<\/li>\n<li>Juan Camilo Portilla (Athletico Paranaense -BRA-)<\/li>\n<li>Franco Saavedra (Gimnasia de Mendoza)<\/li>\n<li>Federico Girotti (Alianza Lima -PER-)<\/li>\n<li>Franco Moyano (pr\u00e9stamo a Instituto)<\/li>\n<li>Nahuel Bustos (Independiente Santa Fe)<\/li>\n<li>David Romero (vendido a Tigre)<\/li>\n<li>Joaqu\u00edn Mosqueira (pr\u00e9stamo a Tigre)<\/li>\n<li>Tom\u00e1s Olmos (volvi\u00f3 de River Plate -URU- y se fue a pr\u00e9stamo a Estudiantes RC)<\/li>\n<li>Lucas Su\u00e1rez (volvi\u00f3 de Liverpool -URU- y se fue a pr\u00e9stamo a Sarmiento)<\/li>\n<\/ul>\n<p><i>DT: Carlos Tevez (sigue)<\/i><\/p>\n<h2>Tigre<\/h2>\n<p><u>Altas<\/u><\/p>\n<ul>\n<li>Tiago Serrago (pr\u00e9stamo de River)<\/li>\n<li>Brian Leizza (vuelve de Los Andes)<\/li>\n<li>Sebasti\u00e1n S\u00e1nchez (vuelve de Def. Unidos)<\/li>\n<li>Mat\u00edas Esp\u00edndola (vuelve de Dep. Maldonado)<\/li>\n<li>Tom\u00e1s Lecanda (vuelve de San Mart\u00edn SJ)<\/li>\n<li>Ignacio Russo (Rosario Central)<\/li>\n<li>Nahuel Benegas (San Mart\u00edn de Tucum\u00e1n)<\/li>\n<li>David Romero (fichado a Talleres)<\/li>\n<li>Joaqu\u00edn Mosqueira (pr\u00e9stamo de Talleres)<\/li>\n<li>Juan Manuel Villalba (pr\u00e9stamo de V\u00e9lez)<\/li>\n<li>Jabes Saralegui (renueva pr\u00e9stamo con Boca)<\/li>\n<li>Santiago L\u00f3pez (pr\u00e9stamo de Independiente)<\/li>\n<\/ul>\n<p><u>Bajas<\/u><\/p>\n<ul>\n<li>El\u00edas Cabrera (vuelve a V\u00e9lez)<\/li>\n<li>Diego Sosa (libre a Instituto)<\/li>\n<li>Braian Mart\u00ednez (vuelve a Independiente)<\/li>\n<li>Juli\u00e1n L\u00f3pez (vuelve a Defensa y Justicia)<\/li>\n<li>H\u00e9ctor F\u00e9rtoli (vuelve a Racing)<\/li>\n<li>Mart\u00edn Ortega (libre)<\/li>\n<li>Tom\u00e1s Cardona (vuelve a Fortaleza -BRA-)<\/li>\n<li>Juan Cruz Esquivel (volvi\u00f3 de San Mart\u00edn de Tucum\u00e1n y se fue a pr\u00e9stamo a Deportivo Mor\u00f3n)<\/li>\n<li>Camilo Viganoni (volvi\u00f3 de Talleres RE y se fue a pr\u00e9stamo a Los Andes)<\/li>\n<li>Ezequiel Forclaz (volvi\u00f3 de Liverpool -URU- y se fue a pr\u00e9stamo a Estudiantes RC)<\/li>\n<li>Federico T\u00e9vez (volvi\u00f3 de Quilmes y se fue a pr\u00e9stamo a Ferro)<\/li>\n<\/ul>\n<p><i>DT: Diego Dabove (sigue)<\/i><\/p>\n<h2>Uni\u00f3n<\/h2>\n<p><u>Altas<\/u><\/p>\n<ul>\n<li>Junior Marabel (vuelve de CSKA Mosc\u00fa -RUS-)<\/li>\n<li>Enzo Rold\u00e1n (vuelve de Platense)<\/li>\n<li>Gast\u00f3n Arturia (vuelve de Orense -ECU-)<\/li>\n<li>Juan Ignacio Bircher (vuelve de Ben Hur)<\/li>\n<li>Lisandro Morales (vuelve de Atl\u00e9tico de Rafaela)<\/li>\n<li>Tom\u00e1s Gonz\u00e1lez (vuelve de Arsenal)<\/li>\n<li>Pablo Palacio (vuelve de Ferro)<\/li>\n<li>Jerem\u00edas Bustos (vuelve de 9 de Julio)<\/li>\n<li>Daniel Ju\u00e1rez (vuelve de Gimnasia Jujuy)<\/li>\n<li>Santino Vera (libre de Racing)<\/li>\n<li>Diego Armando D\u00edaz (Sportivo Las Parejas)<\/li>\n<li>Mat\u00edas Mansilla (pr\u00e9stamo de Estudiantes LP)<\/li>\n<\/ul>\n<p>Bajas<\/p>\n<ul>\n<li>Jer\u00f3nimo D\u00f3mina (libre)<\/li>\n<li>Lucas Gamba (libre)<\/li>\n<li>Tom\u00e1s Durso (vuelve a Atl\u00e9tico Tucum\u00e1n)<\/li>\n<li>Franco Godoy (pr\u00e9stamo a Deportivo Madryn)<\/li>\n<li>Mauricio Mart\u00ednez (vuelve a Rosario Central)<\/li>\n<li>Francisco Gerometta (libre a Godoy Cruz)<\/li>\n<\/ul>\n<p><i>DT: Leonardo Madel\u00f3n (sigue)<\/i><\/p>\n<h2>V\u00e9lez<\/h2>\n<p><u>Altas<\/u><\/p>\n<ul>\n<li>Thiago Vecino (vuelve de Pari NN -RUS-)<\/li>\n<li>Miguel Brizuela (vuelve de Atl\u00e9tico Tucum\u00e1n)<\/li>\n<li>Franco D\u00edaz (vuelve de Instituto)<\/li>\n<li>Nicol\u00e1s Garayalde (vuelve de Gimnasia LP)<\/li>\n<li>Randall Rodr\u00edguez (vuelve de Boston River -URU-)<\/li>\n<li>Santiago Coronel (vuelve de Atlanta)<\/li>\n<li>El\u00edas Cabrera (vuelve de Tigre)<\/li>\n<li>Rodrigo Pi\u00f1eiro (vuelve de Everton -CHI-)<\/li>\n<li>Jonathan Ber\u00f3n (vuelve de D. Mor\u00f3n)<\/li>\n<\/ul>\n<p><u>Bajas<\/u><\/p>\n<ul>\n<li>Thiago Fern\u00e1ndez (libre al Villarreal)<\/li>\n<li>Agust\u00edn Bouzat (Houston Dynamo)<\/li>\n<li>Ra\u00fal Cabral (pr\u00e9stamo a Sportivo Ameliano -PAR-)<\/li>\n<li>Luis Ayala (pr\u00e9stamo a Sportivo Ameliano -PAR-)<\/li>\n<li>Tom\u00e1s Galv\u00e1n (vuelve a River)<\/li>\n<li>Juan Manuel Villalba (pr\u00e9stamo a Tigre)<\/li>\n<li>Kevin V\u00e1zquez (a Independiente Rivadavia)<\/li>\n<\/ul>\n<p><i>DT: Guillermo Barros Schelotto (sigue)<\/i><\/p>\n<\/div>\n<\/section>\n<\/section>\n","protected":false},"excerpt":{"rendered":"<p>Racing oficializ\u00f3 la llegada de Valent\u00edn Carboni y ya puso la firma \u00abYa est\u00e1 ac\u00e1\u00bb, expres\u00f3 el club en sus redes sociales junto a un video con el futbolista. 8 de Enero, 2026 El \u00edtalo-argentino Valent\u00edn Carboni firm\u00f3 su contrato con Racing y este jueves se sumar\u00e1 a la pretemporada que el plantel realiza en &hellip;<\/p>\n","protected":false},"author":2,"featured_media":31052,"comment_status":"open","ping_status":"open","sticky":false,"template":"","format":"standard","meta":{"footnotes":""},"categories":[47],"tags":[],"class_list":["post-31051","post","type-post","status-publish","format-standard","has-post-thumbnail","hentry","category-nacionales"],"_links":{"self":[{"href":"https:\/\/www.sportchaco.com.ar\/index.php?rest_route=\/wp\/v2\/posts\/31051","targetHints":{"allow":["GET"]}}],"collection":[{"href":"https:\/\/www.sportchaco.com.ar\/index.php?rest_route=\/wp\/v2\/posts"}],"about":[{"href":"https:\/\/www.sportchaco.com.ar\/index.php?rest_route=\/wp\/v2\/types\/post"}],"author":[{"embeddable":true,"href":"https:\/\/www.sportchaco.com.ar\/index.php?rest_route=\/wp\/v2\/users\/2"}],"replies":[{"embeddable":true,"href":"https:\/\/www.sportchaco.com.ar\/index.php?rest_route=%2Fwp%2Fv2%2Fcomments&post=31051"}],"version-history":[{"count":1,"href":"https:\/\/www.sportchaco.com.ar\/index.php?rest_route=\/wp\/v2\/posts\/31051\/revisions"}],"predecessor-version":[{"id":31053,"href":"https:\/\/www.sportchaco.com.ar\/index.php?rest_route=\/wp\/v2\/posts\/31051\/revisions\/31053"}],"wp:featuredmedia":[{"embeddable":true,"href":"https:\/\/www.sportchaco.com.ar\/index.php?rest_route=\/wp\/v2\/media\/31052"}],"wp:attachment":[{"href":"https:\/\/www.sportchaco.com.ar\/index.php?rest_route=%2Fwp%2Fv2%2Fmedia&parent=31051"}],"wp:term":[{"taxonomy":"category","embeddable":true,"href":"https:\/\/www.sportchaco.com.ar\/index.php?rest_route=%2Fwp%2Fv2%2Fcategories&post=31051"},{"taxonomy":"post_tag","embeddable":true,"href":"https:\/\/www.sportchaco.com.ar\/index.php?rest_route=%2Fwp%2Fv2%2Ftags&post=31051"}],"curies":[{"name":"wp","href":"https:\/\/api.w.org\/{rel}","templated":true}]}}