{"id":31059,"date":"2026-01-09T10:17:34","date_gmt":"2026-01-09T13:17:34","guid":{"rendered":"https:\/\/www.sportchaco.com.ar\/?p=31059"},"modified":"2026-01-09T10:18:18","modified_gmt":"2026-01-09T13:18:18","slug":"con-cinco-chaquenos-la-liga-nacional-vuelve-a-escribir-su-historia-en-resistencia","status":"publish","type":"post","link":"https:\/\/www.sportchaco.com.ar\/?p=31059","title":{"rendered":"Con cinco chaque\u00f1os, la Liga Nacional vuelve a escribir su historia en Resistencia"},"content":{"rendered":"<header class=\"with-person\">\n<div class=\"person\">\n<div>\n<p><strong><em>Foto portada: El exRegatas Resistencia, Fortunato Rolfi. El base jug\u00f3 tambi\u00e9n en La rioja y en Santiago del Estero. Ahora, est\u00e1 en el equipo cordob\u00e9s de la ciudad de Oliva.<\/em><\/strong><\/p>\n<p>&nbsp;<\/p>\n<\/div>\n<\/div>\n<div>\n<p>Despu\u00e9s de casi cuatro d\u00e9cadas, el mejor b\u00e1squet del pa\u00eds regresa a Resistencia. Este domingo 11, el estadio de Villa San Mart\u00edn ser\u00e1 escenario por primera vez de un partido de Liga Nacional, con un cruce de alto vuelo entre protagonistas de la temporada. <strong>Resistencia volver\u00e1 a sentir el pulso grande del b\u00e1squet nacional. Este domingo 11, desde las 21, el estadio del Club Villa San Mart\u00edn ser\u00e1 sede, por primera vez en su historia, de un partido de la Liga Nacional de B\u00e1squet, en un acontecimiento que trasciende lo deportivo y se inscribe como una noche inolvidable para la ciudad y la provincia.\u00a0<\/strong><\/p>\n<h5 class=\"meta\"><em><strong>POR GUILLERMO KOSTER<\/strong><\/em><\/h5>\n<\/div>\n<\/header>\n<section class=\"body\">\n<section class=\"content\">\n<div class=\"main-text\">\n<div class=\"social\">\n<div class=\"share\"><\/div>\n<\/div>\n<div class=\" large m_image\"><\/div>\n<p>&nbsp;<\/p>\n<p>El duelo no ser\u00e1 uno m\u00e1s.\u00a0<strong>Regatas Corrientes e Independiente de Oliva<\/strong>\u00a0se medir\u00e1n en un choque directo entre aspirantes a meterse entre los cuatro mejores de la fase regular, una posici\u00f3n clave que otorga el pase directo a los cuartos de final del m\u00e1ximo certamen del b\u00e1squet argentino. A la jerarqu\u00eda del juego se suma un contexto particular: la presencia del conjunto correntino en Resistencia responde al derrumbe de su estadio y a la reconfiguraci\u00f3n de su local\u00eda. De hecho, este viernes por la noche, el Remero ser\u00e1 local en el estadio de San Mart\u00edn de Corrientes frente a Racing de Chivilcoy.<\/p>\n<div class=\" large m_image\">\n<figure><picture><source srcset=\"https:\/\/www.diarionorte.com\/content\/bucket\/6\/442626w790h527c.jpg.webp\" type=\"image\/webp\" media=\"(min-width: 640px)\" \/><source srcset=\"https:\/\/www.diarionorte.com\/content\/bucket\/6\/442626w440h293c.jpg.webp\" type=\"image\/webp\" media=\"(min-width: 300px)\" \/><source srcset=\"https:\/\/www.diarionorte.com\/content\/bucket\/6\/442626w790h527c.jpg\" media=\"(min-width: 300px)\" \/><img loading=\"lazy\" decoding=\"async\" class=\"pic\" src=\"https:\/\/www.diarionorte.com\/content\/bucket\/6\/442626w790h527c.jpg.webp\" alt=\"\" width=\"790\" height=\"527\" \/><\/picture><figcaption>El exVilla San Mart\u00edn, Juan Pablo Corbal\u00e1n, una de las figuras de Regatas Corrientes. Su hermano Gonzalo, brilla en Espa\u00f1a y en la Selecci\u00f3n Argentina de B\u00e1squet.<\/figcaption><\/figure>\n<\/div>\n<p><strong>Regatas llega como uno de los animadores del torneo.<\/strong>\u00a0Con los chaque\u00f1os\u00a0<strong>Juan Pablo Corbal\u00e1n y Sebasti\u00e1n Lugo<\/strong>\u00a0como protagonistas, el equipo correntino se ubica segundo en la tabla, con 10 victorias y cinco derrotas, s\u00f3lo por detr\u00e1s de Ferrocarril Oeste.<\/p>\n<div class=\" large m_image\">\n<figure><picture><source srcset=\"https:\/\/www.diarionorte.com\/content\/bucket\/7\/442627w790h527c.jpg.webp\" type=\"image\/webp\" media=\"(min-width: 640px)\" \/><source srcset=\"https:\/\/www.diarionorte.com\/content\/bucket\/7\/442627w440h293c.jpg.webp\" type=\"image\/webp\" media=\"(min-width: 300px)\" \/><source srcset=\"https:\/\/www.diarionorte.com\/content\/bucket\/7\/442627w790h527c.jpg\" media=\"(min-width: 300px)\" \/><img loading=\"lazy\" decoding=\"async\" class=\"pic\" src=\"https:\/\/www.diarionorte.com\/content\/bucket\/7\/442627w790h527c.jpg.webp\" alt=\"\" width=\"790\" height=\"527\" \/><\/picture><figcaption><em><strong>Sebasti\u00e1n Lugo, 27 a\u00f1os. El exHind\u00fa Club de Resistencia, tiene una gran temporada en la elite del b\u00e1squet nacional.<\/strong><\/em><\/figcaption><\/figure>\n<\/div>\n<p>Corbal\u00e1n promedia 10,5 puntos y 1,9 asistencias por partido, mientras que Lugo aporta 7,9 puntos y 4,8 rebotes por juego. El presente del Remero es s\u00f3lido: viene de vencer con autoridad a Ober\u00e1 Tenis Club por 78-66 en el Fort\u00edn Rojinegro, con 18 puntos de Corbal\u00e1n, y cerr\u00f3 el 2025 con un categ\u00f3rico triunfo cl\u00e1sico ante San Mart\u00edn de Corrientes por 84-64.<\/p>\n<div class=\" large m_image\">\n<figure><picture><source srcset=\"https:\/\/www.diarionorte.com\/content\/bucket\/9\/442629w790h441c.jpg.webp\" type=\"image\/webp\" media=\"(min-width: 640px)\" \/><source srcset=\"https:\/\/www.diarionorte.com\/content\/bucket\/9\/442629w440h246c.jpg.webp\" type=\"image\/webp\" media=\"(min-width: 300px)\" \/><source srcset=\"https:\/\/www.diarionorte.com\/content\/bucket\/9\/442629w790h441c.jpg\" media=\"(min-width: 300px)\" \/><img loading=\"lazy\" decoding=\"async\" class=\"pic\" src=\"https:\/\/www.diarionorte.com\/content\/bucket\/9\/442629w790h441c.jpg.webp\" alt=\"\" width=\"790\" height=\"441\" \/><\/picture><figcaption><em><strong>Francisco Conrradi, oriundo de Hermoso Campo, se destaca hace varias temporadas en la LNB. A su conducci\u00f3n y liderazgo, le aporta ahora un gran goleo.<\/strong><\/em><\/figcaption><\/figure>\n<\/div>\n<p>Independiente de Oliva, por su parte, marcha sexto, con 10 triunfos y seis ca\u00eddas, y cuenta con una fuerte impronta chaque\u00f1a en su plantel. El oriundo de Hermoso Campo,\u00a0<strong>Francisco Conrradi<\/strong>, de 22 a\u00f1os, es el goleador del equipo con 11,2 puntos de promedio.<\/p>\n<div class=\" large m_image\"><\/div>\n<p>Tambi\u00e9n integran el plantel el saenzpe\u00f1ense\u00a0<strong>Francisco Ferraro<\/strong>\u00a0y el resistenciano\u00a0<strong>Fortunato Rolfi.<\/strong>\u00a0Adem\u00e1s, estar\u00e1n los hermanos Esteban y Agust\u00edn Caffaro y Enzo Filippetti, entre otros nombres destacados.<\/p>\n<div class=\" large m_image\">\n<figure><picture><source srcset=\"https:\/\/www.diarionorte.com\/content\/bucket\/4\/442634w790h527c.jpg.webp\" type=\"image\/webp\" media=\"(min-width: 640px)\" \/><source srcset=\"https:\/\/www.diarionorte.com\/content\/bucket\/4\/442634w440h293c.jpg.webp\" type=\"image\/webp\" media=\"(min-width: 300px)\" \/><source srcset=\"https:\/\/www.diarionorte.com\/content\/bucket\/4\/442634w790h527c.jpg\" media=\"(min-width: 300px)\" \/><img loading=\"lazy\" decoding=\"async\" class=\"pic\" src=\"https:\/\/www.diarionorte.com\/content\/bucket\/4\/442634w790h527c.jpg.webp\" alt=\"\" width=\"790\" height=\"527\" \/><\/picture><figcaption><em><strong>El saenzpe\u00f1ense Francisco Ferraro integra el plantel de Regatas Corrientes. Lleg\u00f3 al equipo correntino, previo paso por Acci\u00f3n.<\/strong><\/em><\/figcaption><\/figure>\n<\/div>\n<p><strong>En contexto<\/strong><\/p>\n<p>La magnitud del acontecimiento se potencia al mirar hacia atr\u00e1s. El \u00faltimo partido de Liga Nacional disputado en Resistencia data de\u00a0<strong>1988,<\/strong>\u00a0cuando\u00a0<strong>Uni\u00f3n Progresista de Villa \u00c1ngela hizo de local en el estadio de Regatas Resistencia tras la suspensi\u00f3n de su cancha<\/strong>. En la temporada 1988 de la Liga Nacional de B\u00e1squet, el equipo dirigido por Aldo Marchesini concluy\u00f3 14\u00b0, con 11 triunfos y 19 derrotas, lo que deriv\u00f3 en su descenso esa misma temporada. Entre los integrantes m\u00e1s recordados de aquel plantel estuvieron: Jorge Lobera (base y capit\u00e1n del equipo); Orlando Salinas, Alejandro Gallardo, H\u00e9ctor Zeballos, Ricardo Giaccone y Lance Wayne Ball (pivote estadounidense que fue una de las figuras ofensivas del equipo).<\/p>\n<div class=\" large m_image\">\n<figure><picture><source srcset=\"https:\/\/www.diarionorte.com\/content\/bucket\/2\/442632w790h372c.jpg.webp\" type=\"image\/webp\" media=\"(min-width: 640px)\" \/><source srcset=\"https:\/\/www.diarionorte.com\/content\/bucket\/2\/442632w440h207c.jpg.webp\" type=\"image\/webp\" media=\"(min-width: 300px)\" \/><source srcset=\"https:\/\/www.diarionorte.com\/content\/bucket\/2\/442632w790h372c.jpg\" media=\"(min-width: 300px)\" \/><img loading=\"lazy\" decoding=\"async\" class=\"pic\" src=\"https:\/\/www.diarionorte.com\/content\/bucket\/2\/442632w790h372c.jpg.webp\" alt=\"\" width=\"790\" height=\"372\" \/><\/picture><figcaption><em><strong>El plantel de Uni\u00f3n Progresista, que en el a\u00f1o 1988 jug\u00f3 la Liga Nacional de B\u00e1squet.<\/strong><\/em><\/figcaption><\/figure>\n<\/div>\n<p>A\u00f1os m\u00e1s tarde, en<strong>\u00a02012<\/strong>, el conjunto villangelense logr\u00f3 su segundo ascenso a la elite, aunque su paso fue breve: gan\u00f3 cuatro de los 14 partidos de la fase regular en la temporada posterior al hist\u00f3rico t\u00edtulo 2011\/12 en la segunda categor\u00eda. Aquella fue la \u00faltima vez que la Liga Nacional desembarc\u00f3 en suelo chaque\u00f1o.<\/p>\n<p>En ese equipo se destacaban Darren Phillip (alero \/ figura del equipo), Greg Dilligard, V\u00edctor Hugo Cajal (base), Christian Schoppler (escolta chaque\u00f1o), Ernesto Zago (alero fuerte), Omar Canton, Cristian Vel\u00e1zquez (pivote), Gonzalo Leonel \u00c1lvarez (base), Marcos Nicol\u00e1s Areco, C\u00e9sar \u00abPepo\u00bb Avalle (ala), Diego Cavaco (alero) y \u00c1ngel Agust\u00edn Carabajal (base). El DT fue Jorge Lobera.<\/p>\n<div class=\" large m_image\">\n<figure><picture><source srcset=\"https:\/\/www.diarionorte.com\/content\/bucket\/3\/442633w790h463c.jpg.webp\" type=\"image\/webp\" media=\"(min-width: 640px)\" \/><source srcset=\"https:\/\/www.diarionorte.com\/content\/bucket\/3\/442633w440h258c.jpg.webp\" type=\"image\/webp\" media=\"(min-width: 300px)\" \/><source srcset=\"https:\/\/www.diarionorte.com\/content\/bucket\/3\/442633w790h463c.jpg\" media=\"(min-width: 300px)\" \/><img loading=\"lazy\" decoding=\"async\" class=\"pic\" src=\"https:\/\/www.diarionorte.com\/content\/bucket\/3\/442633w790h463c.jpg.webp\" alt=\"\" width=\"790\" height=\"463\" \/><\/picture><figcaption>Equipo de Uni\u00f3n Progresista de Villa \u00c1ngela que logr\u00f3 por segunda vez en su historia el ascenso a la m\u00e1xima categor\u00eda del b\u00e1squetbol argentino, al eliminar a Argentino de Jun\u00edn por 3 a 0, con un triunfo de visitante por 70 a 67. As\u00ed fue uno de los 16 habitantes de la Liga Nacional (LNB) 2012-2013.<\/figcaption><\/figure>\n<\/div>\n<p><strong>Este domingo, la historia vuelve a escribirse. Con tribunas colmadas, protagonistas de primer nivel y el orgullo de volver a estar en el mapa grande del b\u00e1squet argentino, Resistencia se prepara para una noche que quedar\u00e1 en la memoria colectiva del deporte chaque\u00f1o.<\/strong><\/p>\n<div class=\"person-desc floatFix\">\n<h5><picture><source srcset=\"https:\/\/www.diarionorte.com\/content\/bucket\/1\/422521w80h80c.jpg\" media=\"(min-width: 300px)\" \/><img loading=\"lazy\" decoding=\"async\" src=\"https:\/\/www.diarionorte.com\/content\/bucket\/1\/422521w80h80c.jpg.webp\" alt=\"\" width=\"80\" height=\"80\" \/> Por Guillermo Koster\u00a0<\/picture><em><strong>Redactor Diario Norte<\/strong><\/em><\/h5>\n<p><img decoding=\"async\" src=\"https:\/\/www.sportchaco.com.ar\/wp-content\/uploads\/2025\/10\/WhatsApp-Image-2025-10-18-at-18.58.07-1-300x224.jpeg\" \/>\u00a0 \u00a0 \u00a0 \u00a0 \u00a0 \u00a0 \u00a0 \u00a0 \u00a0 <img decoding=\"async\" src=\"https:\/\/www.sportchaco.com.ar\/wp-content\/uploads\/2025\/10\/WhatsApp-Image-2025-10-18-at-18.58.07-2-300x224.jpeg\" \/><\/p>\n<\/div>\n<\/div>\n<\/section>\n<\/section>\n","protected":false},"excerpt":{"rendered":"<p>Foto portada: El exRegatas Resistencia, Fortunato Rolfi. El base jug\u00f3 tambi\u00e9n en La rioja y en Santiago del Estero. Ahora, est\u00e1 en el equipo cordob\u00e9s de la ciudad de Oliva. &nbsp; Despu\u00e9s de casi cuatro d\u00e9cadas, el mejor b\u00e1squet del pa\u00eds regresa a Resistencia. Este domingo 11, el estadio de Villa San Mart\u00edn ser\u00e1 escenario &hellip;<\/p>\n","protected":false},"author":2,"featured_media":31060,"comment_status":"open","ping_status":"open","sticky":false,"template":"","format":"standard","meta":{"footnotes":""},"categories":[3],"tags":[],"class_list":["post-31059","post","type-post","status-publish","format-standard","has-post-thumbnail","hentry","category-basquetbol"],"_links":{"self":[{"href":"https:\/\/www.sportchaco.com.ar\/index.php?rest_route=\/wp\/v2\/posts\/31059","targetHints":{"allow":["GET"]}}],"collection":[{"href":"https:\/\/www.sportchaco.com.ar\/index.php?rest_route=\/wp\/v2\/posts"}],"about":[{"href":"https:\/\/www.sportchaco.com.ar\/index.php?rest_route=\/wp\/v2\/types\/post"}],"author":[{"embeddable":true,"href":"https:\/\/www.sportchaco.com.ar\/index.php?rest_route=\/wp\/v2\/users\/2"}],"replies":[{"embeddable":true,"href":"https:\/\/www.sportchaco.com.ar\/index.php?rest_route=%2Fwp%2Fv2%2Fcomments&post=31059"}],"version-history":[{"count":2,"href":"https:\/\/www.sportchaco.com.ar\/index.php?rest_route=\/wp\/v2\/posts\/31059\/revisions"}],"predecessor-version":[{"id":31062,"href":"https:\/\/www.sportchaco.com.ar\/index.php?rest_route=\/wp\/v2\/posts\/31059\/revisions\/31062"}],"wp:featuredmedia":[{"embeddable":true,"href":"https:\/\/www.sportchaco.com.ar\/index.php?rest_route=\/wp\/v2\/media\/31060"}],"wp:attachment":[{"href":"https:\/\/www.sportchaco.com.ar\/index.php?rest_route=%2Fwp%2Fv2%2Fmedia&parent=31059"}],"wp:term":[{"taxonomy":"category","embeddable":true,"href":"https:\/\/www.sportchaco.com.ar\/index.php?rest_route=%2Fwp%2Fv2%2Fcategories&post=31059"},{"taxonomy":"post_tag","embeddable":true,"href":"https:\/\/www.sportchaco.com.ar\/index.php?rest_route=%2Fwp%2Fv2%2Ftags&post=31059"}],"curies":[{"name":"wp","href":"https:\/\/api.w.org\/{rel}","templated":true}]}}