{"id":31079,"date":"2026-01-09T23:53:03","date_gmt":"2026-01-10T02:53:03","guid":{"rendered":"https:\/\/www.sportchaco.com.ar\/?p=31079"},"modified":"2026-01-10T20:35:53","modified_gmt":"2026-01-10T23:35:53","slug":"edison-omar-rodriguez-un-periodista-todo-terreno","status":"publish","type":"post","link":"https:\/\/www.sportchaco.com.ar\/?p=31079","title":{"rendered":"Edison Omar Rodr\u00edguez: un periodista todo terreno"},"content":{"rendered":"<p>&nbsp;<\/p>\n<h5><\/h5>\n<h5>El 10 de enero de 2013 falleci\u00f3 en Resistencia, a los 75 a\u00f1os, <strong>Edison Omar Rodr\u00edguez<\/strong>, uno de los grandes nombres del periodismo deportivo del Chaco. Su trayectoria abarc\u00f3 m\u00e1s de medio siglo de trabajo en los tres medios m\u00e1s influyentes de su \u00e9poca: <strong>el diario <em>El Territorio<\/em>, Radio Chaco y Canal 9<\/strong>.<\/h5>\n<p>&nbsp;<\/p>\n<p><img loading=\"lazy\" decoding=\"async\" class=\"\" src=\"https:\/\/ci3.googleusercontent.com\/meips\/ADKq_NbE3wVDyqEbwXKTbWWneGCTIRlEsv0h49PgePnnwXD_woqfdDvDxshDPu9kIR4xsW0CpIWCPVUHmLNz3JOMoxxISjSaBID5WqqRYLJRxRBtf-pqcSlBktLnc_jXTIfr9HZTYTuJIMwQFhQU1W4QYgM=s0-d-e1-ft#https:\/\/www.sportchaco.com.ar\/wp-content\/uploads\/2026\/01\/Luis-Dario-Molodezky-2025-1-1.jpg\" width=\"79\" height=\"87\" \/><em><strong> POR LUIS DARIO MOLODEZKY<\/strong><\/em><\/p>\n<p>&nbsp;<\/p>\n<p>Nacido en <strong>Rafaela, provincia de Santa Fe<\/strong>, Rodr\u00edguez lleg\u00f3 al Chaco a los siete a\u00f1os junto a su familia, estableci\u00e9ndose en <strong>Presidencia Roque S\u00e1enz Pe\u00f1a<\/strong>. All\u00ed comenz\u00f3 su v\u00ednculo con la prensa en el diario <em>La Acci\u00f3n<\/em> y, m\u00e1s tarde, en <em>La Humanidad<\/em> de Resistencia. Curs\u00f3 la primaria en la <strong>Escuela Benjam\u00edn Zorrilla<\/strong> y complet\u00f3 sus estudios secundarios en el <strong>Colegio Nacional Jos\u00e9 Mar\u00eda Paz<\/strong>, egresando en 1955.<\/p>\n<p>Con apenas 15 a\u00f1os ingres\u00f3 a trabajar en <em>El Territorio<\/em>, bajo la direcci\u00f3n de <strong>Orlando Cocchia<\/strong>, como aspirante en la secci\u00f3n Deportes. All\u00ed conoci\u00f3 a su gran maestro, <strong>Hern\u00e1n Osvaldo Polo<\/strong>, quien lo orient\u00f3 en sus primeros pasos. Su crecimiento profesional fue constante: pas\u00f3 de cronista a redactor, luego jefe de Deportes, secretario, jefe de Redacci\u00f3n y finalmente <strong>subdirector del diario<\/strong>, cargo que desempe\u00f1\u00f3 hasta su cierre en 1989.<\/p>\n<p>Rodr\u00edguez fue un <strong>periodista todo terreno<\/strong>. En <strong>Radio Chaco LT5<\/strong> (hoy LRH 251) se destac\u00f3 como informativista, comentarista y relator, tanto en transmisiones locales como nacionales. Fue corresponsal de la revista <em>El Gr\u00e1fico<\/em> y uno de los pioneros de la televisi\u00f3n chaque\u00f1a, llevando a <strong>Canal 9<\/strong> los primeros programas deportivos de producci\u00f3n local.<\/p>\n<p>A los 21 a\u00f1os transmiti\u00f3 su <strong>primer Campeonato Argentino de B\u00e1squetbol<\/strong>, en Neuqu\u00e9n, iniciando una serie de coberturas que lo llevar\u00edan a recorrer el pa\u00eds durante d\u00e9cadas. Estuvo presente en momentos hist\u00f3ricos, como el <strong>debut de Chaco For Ever en Primera Divisi\u00f3n en 1967<\/strong>, en La Bombonera.<\/p>\n<p>A lo largo de su carrera comparti\u00f3 micr\u00f3fonos y redacciones con figuras reconocidas del periodismo chaque\u00f1o, entre ellos <strong>Carlos Rodolfo Monti, Edmundo Duncan Molina, N\u00e9stor Pareja, Mario Ismael Nali, Emilio Miguel Lagranja, Jos\u00e9 V\u00e1zquez Gualtieri, Julio Cocchia, Ernesto Ra\u00fal Acosta, Jos\u00e9 Luis Meana, Ar\u00edstides Cocchia, Omar Sotelo, Miguel Omar Retamozo, Eduardo Rub\u00e9n Ferreyra, Ricardo C\u00e1rdenas, Jorge Diel, Jorge Altamirano y Julio Silgueiro<\/strong>, entre muchos otros.<\/p>\n<p><img decoding=\"async\" src=\"https:\/\/scontent.fcnq2-2.fna.fbcdn.net\/v\/t39.30808-6\/612837969_3791548741154818_5564576143541082317_n.jpg?_nc_cat=110&amp;ccb=1-7&amp;_nc_sid=127cfc&amp;_nc_ohc=JYQPzh6bGakQ7kNvwEvIwDW&amp;_nc_oc=AdlJMeaYYKcZryALrfRdkqpc3la5v2ZXSHtO5QDA80pk3ws19zSBlCOAXQgQP0YJLmk&amp;_nc_zt=23&amp;_nc_ht=scontent.fcnq2-2.fna&amp;_nc_gid=TTT7UXrPmsr85XBm-pzjkw&amp;oh=00_AfqSghMsdYqXM1AMElsdyCqMxPwsNUt2lhYhhr9iyy2WLw&amp;oe=6966DF60\" alt=\"No hay ninguna descripci\u00f3n de la foto disponible.\" \/><\/p>\n<p>A principios de los 2000 public\u00f3 el libro <strong>\u201cPinceladas Deportivas\u201d<\/strong>, una recopilaci\u00f3n de historias, recuerdos y an\u00e9cdotas de su extensa trayectoria. Ya retirado de la redacci\u00f3n, sigui\u00f3 colaborando con art\u00edculos especiales en el diario <em>Norte<\/em>.<\/p>\n<p>El <strong>7 de junio de 2005<\/strong>, en el D\u00eda del Periodista, recibi\u00f3 un merecido <strong>homenaje de la C\u00e1mara de Diputados del Chaco<\/strong> por su aporte a la comunicaci\u00f3n y al deporte regional.<\/p>\n<p>Hasta pocos meses antes de su fallecimiento, Rodr\u00edguez continu\u00f3 en los estudios de <strong>Radio Chaco<\/strong>, haciendo lo que m\u00e1s amaba: contar el deporte, narrar sus protagonistas y reflejar la pasi\u00f3n chaque\u00f1a por la competencia.<\/p>\n<p>Su voz, su estilo y su compromiso profesional quedaron grabados en la memoria de colegas y oyentes. Edison Omar Rodr\u00edguez fue, sin dudas, un periodista de raza, un <strong>referente del deporte chaque\u00f1o<\/strong> y un ejemplo de vocaci\u00f3n sostenida por la pasi\u00f3n.<\/p>\n<p><img decoding=\"async\" src=\"https:\/\/www.sportchaco.com.ar\/wp-content\/uploads\/2024\/01\/Luis-con-Rodriguez-Luis-Monti-780x470.jpg\" \/><\/p>\n<p><strong>Por cosas del destino, dos grandes periodistas deportivos como Edison Omar Rodr\u00edguez y Carlos Rodolfo Monti fallecieron un 10 de enero de 2013 y 2015 respectivamente. El reconocimiento para ambos que escribieron y describieron gran parte de la historia del deporte chaque\u00f1o en medios escritos, radiales y el principio de la TV.<\/strong><\/p>\n<p>:<\/p>\n<div style=\"width: 418px;\" class=\"wp-video\"><video class=\"wp-video-shortcode\" id=\"video-31079-1\" width=\"418\" height=\"418\" preload=\"metadata\" controls=\"controls\"><source type=\"video\/mp4\" src=\"https:\/\/www.sportchaco.com.ar\/wp-content\/uploads\/2026\/01\/WhatsApp-Video-2026-01-08-at-23.11.22.mp4?_=1\" \/><a href=\"https:\/\/www.sportchaco.com.ar\/wp-content\/uploads\/2026\/01\/WhatsApp-Video-2026-01-08-at-23.11.22.mp4\">https:\/\/www.sportchaco.com.ar\/wp-content\/uploads\/2026\/01\/WhatsApp-Video-2026-01-08-at-23.11.22.mp4<\/a><\/video><\/div>\n<p><strong>&#x1f4d8;<\/strong><strong> Ficha biogr\u00e1fica \u2013 Edison Omar Rodr\u00edguez<\/strong><\/p>\n<ul>\n<li><strong>Nombre completo:<\/strong> Edison Omar Rodr\u00edguez<\/li>\n<li><strong>Lugar y fecha de nacimiento:<\/strong> Rafaela (Santa Fe), 1937<\/li>\n<li><strong>Fallecimiento:<\/strong> 10 de enero de 2013, en Resistencia (Chaco)<\/li>\n<li><strong>Formaci\u00f3n:<\/strong> Escuela Benjam\u00edn Zorrilla y Colegio Nacional Jos\u00e9 Mar\u00eda Paz (Resistencia)<\/li>\n<li><strong>Primeros pasos en el periodismo:<\/strong> Diario <em>La Acci\u00f3n<\/em> (S\u00e1enz Pe\u00f1a) y <em>La Humanidad<\/em> (Resistencia)<\/li>\n<li><strong>Ingreso a <em>El Territorio<\/em>:<\/strong> 1952, como aspirante en Deportes<\/li>\n<li><strong>Cargos desempe\u00f1ados:<\/strong> Cronista, redactor, jefe de Deportes, secretario, jefe de Redacci\u00f3n y subdirector<\/li>\n<li><strong>Otros medios:<\/strong>\n<ul>\n<li><strong>Radio Chaco (LT5 \/ LRH 251):<\/strong> informativista, relator y comentarista deportivo<\/li>\n<li><strong>Canal 9:<\/strong> pionero en programas deportivos locales<\/li>\n<li><strong>Revista <em>El Gr\u00e1fico<\/em>:<\/strong> corresponsal en el Nordeste Argentino<\/li>\n<\/ul>\n<\/li>\n<li><strong>Coberturas destacadas:<\/strong> Campeonatos Argentinos de B\u00e1squetbol; debut de Chaco For Ever en Primera Divisi\u00f3n (1967, La Bombonera)<\/li>\n<li><strong>Publicaci\u00f3n:<\/strong> <em>Pinceladas Deportivas<\/em> (2000)<\/li>\n<li><strong>Reconocimientos:<\/strong> Homenaje de la C\u00e1mara de Diputados del Chaco, D\u00eda del Periodista (2005)<\/li>\n<li><strong>Frase que lo define:<\/strong> <em>\u201cEl periodismo no se abandona: se vive hasta el \u00faltimo d\u00eda.\u201d<\/em><\/li>\n<\/ul>\n<p>&nbsp;<\/p>\n<p><img loading=\"lazy\" decoding=\"async\" class=\"\" src=\"https:\/\/ci3.googleusercontent.com\/meips\/ADKq_NbE3wVDyqEbwXKTbWWneGCTIRlEsv0h49PgePnnwXD_woqfdDvDxshDPu9kIR4xsW0CpIWCPVUHmLNz3JOMoxxISjSaBID5WqqRYLJRxRBtf-pqcSlBktLnc_jXTIfr9HZTYTuJIMwQFhQU1W4QYgM=s0-d-e1-ft#https:\/\/www.sportchaco.com.ar\/wp-content\/uploads\/2026\/01\/Luis-Dario-Molodezky-2025-1-1.jpg\" width=\"79\" height=\"87\" \/><em><strong> POR LUIS DARIO MOLODEZKY<\/strong><\/em><\/p>\n<p>&nbsp;<\/p>\n<p><img loading=\"lazy\" decoding=\"async\" class=\"alignnone size-medium wp-image-31104 aligncenter\" src=\"https:\/\/www.sportchaco.com.ar\/wp-content\/uploads\/2026\/01\/Agua-Segura_1080x1350-37-240x300.gif\" alt=\"\" width=\"240\" height=\"300\" srcset=\"https:\/\/www.sportchaco.com.ar\/wp-content\/uploads\/2026\/01\/Agua-Segura_1080x1350-37-240x300.gif 240w, https:\/\/www.sportchaco.com.ar\/wp-content\/uploads\/2026\/01\/Agua-Segura_1080x1350-37-819x1024.gif 819w, https:\/\/www.sportchaco.com.ar\/wp-content\/uploads\/2026\/01\/Agua-Segura_1080x1350-37-768x960.gif 768w\" sizes=\"auto, (max-width: 240px) 100vw, 240px\" \/><\/p>\n","protected":false},"excerpt":{"rendered":"<p>&nbsp; El 10 de enero de 2013 falleci\u00f3 en Resistencia, a los 75 a\u00f1os, Edison Omar Rodr\u00edguez, uno de los grandes nombres del periodismo deportivo del Chaco. Su trayectoria abarc\u00f3 m\u00e1s de medio siglo de trabajo en los tres medios m\u00e1s influyentes de su \u00e9poca: el diario El Territorio, Radio Chaco y Canal 9. &nbsp; &hellip;<\/p>\n","protected":false},"author":2,"featured_media":31080,"comment_status":"open","ping_status":"open","sticky":false,"template":"","format":"standard","meta":{"footnotes":""},"categories":[1],"tags":[],"class_list":["post-31079","post","type-post","status-publish","format-standard","has-post-thumbnail","hentry","category-fotos-del-recuerdo"],"_links":{"self":[{"href":"https:\/\/www.sportchaco.com.ar\/index.php?rest_route=\/wp\/v2\/posts\/31079","targetHints":{"allow":["GET"]}}],"collection":[{"href":"https:\/\/www.sportchaco.com.ar\/index.php?rest_route=\/wp\/v2\/posts"}],"about":[{"href":"https:\/\/www.sportchaco.com.ar\/index.php?rest_route=\/wp\/v2\/types\/post"}],"author":[{"embeddable":true,"href":"https:\/\/www.sportchaco.com.ar\/index.php?rest_route=\/wp\/v2\/users\/2"}],"replies":[{"embeddable":true,"href":"https:\/\/www.sportchaco.com.ar\/index.php?rest_route=%2Fwp%2Fv2%2Fcomments&post=31079"}],"version-history":[{"count":4,"href":"https:\/\/www.sportchaco.com.ar\/index.php?rest_route=\/wp\/v2\/posts\/31079\/revisions"}],"predecessor-version":[{"id":31151,"href":"https:\/\/www.sportchaco.com.ar\/index.php?rest_route=\/wp\/v2\/posts\/31079\/revisions\/31151"}],"wp:featuredmedia":[{"embeddable":true,"href":"https:\/\/www.sportchaco.com.ar\/index.php?rest_route=\/wp\/v2\/media\/31080"}],"wp:attachment":[{"href":"https:\/\/www.sportchaco.com.ar\/index.php?rest_route=%2Fwp%2Fv2%2Fmedia&parent=31079"}],"wp:term":[{"taxonomy":"category","embeddable":true,"href":"https:\/\/www.sportchaco.com.ar\/index.php?rest_route=%2Fwp%2Fv2%2Fcategories&post=31079"},{"taxonomy":"post_tag","embeddable":true,"href":"https:\/\/www.sportchaco.com.ar\/index.php?rest_route=%2Fwp%2Fv2%2Ftags&post=31079"}],"curies":[{"name":"wp","href":"https:\/\/api.w.org\/{rel}","templated":true}]}}