{"id":31101,"date":"2026-01-09T15:21:19","date_gmt":"2026-01-09T18:21:19","guid":{"rendered":"https:\/\/www.sportchaco.com.ar\/?p=31101"},"modified":"2026-01-09T23:00:18","modified_gmt":"2026-01-10T02:00:18","slug":"sarmiento-planifica-su-pretemporada","status":"publish","type":"post","link":"https:\/\/www.sportchaco.com.ar\/?p=31101","title":{"rendered":"Sarmiento planifica su pretemporada"},"content":{"rendered":"<p><strong>09-01-2026<\/strong><\/p>\n<p><img loading=\"lazy\" decoding=\"async\" class=\"alignnone size-medium wp-image-31103\" src=\"https:\/\/www.sportchaco.com.ar\/wp-content\/uploads\/2026\/01\/1080x1350-240x300.gif\" alt=\"\" width=\"240\" height=\"300\" srcset=\"https:\/\/www.sportchaco.com.ar\/wp-content\/uploads\/2026\/01\/1080x1350-240x300.gif 240w, https:\/\/www.sportchaco.com.ar\/wp-content\/uploads\/2026\/01\/1080x1350-819x1024.gif 819w, https:\/\/www.sportchaco.com.ar\/wp-content\/uploads\/2026\/01\/1080x1350-768x960.gif 768w\" sizes=\"auto, (max-width: 240px) 100vw, 240px\" \/><\/p>\n<p>Con jugadores juveniles y a la espera del resto del plantel y de los refuerzos de cara a la pr\u00f3xima temporada del torneo Federal \u00abA\u00bb, Sarmiento comenzar\u00e1 el pr\u00f3ximo 15 de enero con los entrenamientos.<\/p>\n<p>En cuanto al certamen, y a la espera de los cuatro ascensos que tendr\u00e1 el Torneo Regional Amateur, el Consejo Federal defini\u00f3 que el torneo Federal \u00abA\u00bb tendr\u00e1 un formato similar al de la \u00faltima temporada. En principio comenzar\u00eda a medidos de marzo y se mantendr\u00e1 el esquema de cuatro zonas, las cuales se definir\u00e1n en su composici\u00f3n cuando se cuente con todos los equipos.<\/p>\n<p>As\u00ed, los 37 equipos ser\u00e1n divididos geogr\u00e1ficamente en cuatro zonas que dar\u00e1n 18 clasificados a una nueva liguilla. Los ocho mejores seguir\u00e1n avanzando en series de mano a mano hasta definir al campe\u00f3n y primer ascenso. Los clubes eliminados acceder\u00e1n a la Fase Rev\u00e1lida, instancia que define descensos y abre el camino hacia el segundo ascenso a la Primera Nacional.<\/p>\n<p>Ya en lo que se refiere al \u00abDecano\u00bb, y luego de un 2025 donde fue de menor a mayor, Roberto Marioni logr\u00f3 mantenerse un a\u00f1o m\u00e1s en la categor\u00eda y desplegar un juego aceptable en el campo de juego, y ahora apuesta a otro a\u00f1o en el torneo Federal \u00abA\u00bb, con el desaf\u00edo de conformar un plantel que est\u00e9 a la altura de los objetivos propuestos.<\/p>\n<p>Luego de la eliminaci\u00f3n en octubre frente a Sportivo Atenas por 32vos de la rev\u00e1lida, muchos jugadores fueron a jugar el torneo Regional Amateur, algunos a pr\u00e9stamo, pero otros decidieron romper su v\u00ednculo contractual con el elenco chaque\u00f1o. Son ocho jugadores los que Roberto Marioni sabe que no contar\u00e1 para este a\u00f1o: Germ\u00e1n Yacaruso, Facundo S\u00e1nchez, Rodrigo Gim\u00e9nez, Santiago Piccioni, Carlos Di Pietro, Sebasti\u00e1n Parera, Lautaro Ruiz Mart\u00ednez y Enzo Vargas.<\/p>\n<p>Mientras tanto, hay otro grupo de jugadores que a\u00fan siguen en competencia con sus equipos actuales en el Regional Amateur y que deber\u00e1n sentarse a hablar con los dirigentes del \u00abDecano\u00bb para definir la continuidad por una temporada m\u00e1s. Lo cierto es que en los \u00faltimos meses de 2025, el entrenador sigui\u00f3 trabajando con jugadores como Gabriel Moreno y L\u00e1zaro Barlessi, que finalizaron su etapa de recuperaci\u00f3n de sus lesiones, Brian Berlo, Diego Gonz\u00e1lez, Tom\u00e1s Bacas, Carlos Arriola y con jugadores del equipo de la Liga Chaque\u00f1a de F\u00fatbol.<\/p>\n<p>El pr\u00f3ximo 15 de enero ser\u00e1 el regreso a los entrenamientos con un parte del plantel, la misma del \u00faltimo tiempo del a\u00f1o anterior y el 2 de febrero es la fecha estimulada por el cuerpo t\u00e9cnico para comenzar con la puesta a punto f\u00edsicamente con el plantel completo, incluyendo a los refuerzos. La idea del entrenador es traer al menos ocho futbolistas en este mercado de pases para formar un plantel competitivo.<\/p>\n<p><em><strong>Fuente: Diario NORTE\u00a0<\/strong><\/em><\/p>\n<p><img loading=\"lazy\" decoding=\"async\" class=\"alignnone size-medium wp-image-31123\" src=\"https:\/\/www.sportchaco.com.ar\/wp-content\/uploads\/2026\/01\/Ahorros-de-Verano-BANNERS-WEB_300x250-11-300x250.gif\" alt=\"\" width=\"300\" height=\"250\" \/><\/p>\n","protected":false},"excerpt":{"rendered":"<p>09-01-2026 Con jugadores juveniles y a la espera del resto del plantel y de los refuerzos de cara a la pr\u00f3xima temporada del torneo Federal \u00abA\u00bb, Sarmiento comenzar\u00e1 el pr\u00f3ximo 15 de enero con los entrenamientos. En cuanto al certamen, y a la espera de los cuatro ascensos que tendr\u00e1 el Torneo Regional Amateur, el &hellip;<\/p>\n","protected":false},"author":3,"featured_media":21913,"comment_status":"open","ping_status":"open","sticky":false,"template":"","format":"standard","meta":{"footnotes":""},"categories":[5],"tags":[],"class_list":["post-31101","post","type-post","status-publish","format-standard","has-post-thumbnail","hentry","category-futbol"],"_links":{"self":[{"href":"https:\/\/www.sportchaco.com.ar\/index.php?rest_route=\/wp\/v2\/posts\/31101","targetHints":{"allow":["GET"]}}],"collection":[{"href":"https:\/\/www.sportchaco.com.ar\/index.php?rest_route=\/wp\/v2\/posts"}],"about":[{"href":"https:\/\/www.sportchaco.com.ar\/index.php?rest_route=\/wp\/v2\/types\/post"}],"author":[{"embeddable":true,"href":"https:\/\/www.sportchaco.com.ar\/index.php?rest_route=\/wp\/v2\/users\/3"}],"replies":[{"embeddable":true,"href":"https:\/\/www.sportchaco.com.ar\/index.php?rest_route=%2Fwp%2Fv2%2Fcomments&post=31101"}],"version-history":[{"count":4,"href":"https:\/\/www.sportchaco.com.ar\/index.php?rest_route=\/wp\/v2\/posts\/31101\/revisions"}],"predecessor-version":[{"id":31124,"href":"https:\/\/www.sportchaco.com.ar\/index.php?rest_route=\/wp\/v2\/posts\/31101\/revisions\/31124"}],"wp:featuredmedia":[{"embeddable":true,"href":"https:\/\/www.sportchaco.com.ar\/index.php?rest_route=\/wp\/v2\/media\/21913"}],"wp:attachment":[{"href":"https:\/\/www.sportchaco.com.ar\/index.php?rest_route=%2Fwp%2Fv2%2Fmedia&parent=31101"}],"wp:term":[{"taxonomy":"category","embeddable":true,"href":"https:\/\/www.sportchaco.com.ar\/index.php?rest_route=%2Fwp%2Fv2%2Fcategories&post=31101"},{"taxonomy":"post_tag","embeddable":true,"href":"https:\/\/www.sportchaco.com.ar\/index.php?rest_route=%2Fwp%2Fv2%2Ftags&post=31101"}],"curies":[{"name":"wp","href":"https:\/\/api.w.org\/{rel}","templated":true}]}}