{"id":31159,"date":"2026-01-10T23:10:33","date_gmt":"2026-01-11T02:10:33","guid":{"rendered":"https:\/\/www.sportchaco.com.ar\/?p=31159"},"modified":"2026-01-10T23:10:57","modified_gmt":"2026-01-11T02:10:57","slug":"ramon-gonzalez-25-anos-despues-el-futbol-el-periodismo-y-la-amistad-como-forma-de-vida","status":"publish","type":"post","link":"https:\/\/www.sportchaco.com.ar\/?p=31159","title":{"rendered":"Ram\u00f3n Gonz\u00e1lez, 25 a\u00f1os despu\u00e9s: el f\u00fatbol, el periodismo y la amistad como forma de vida"},"content":{"rendered":"<h3 data-start=\"0\" data-end=\"37\">10<\/h3>\n<h5 data-start=\"100\" data-end=\"480\">A 25 a\u00f1os de su fallecimiento, el recuerdo de <strong data-start=\"146\" data-end=\"164\">Ram\u00f3n Gonz\u00e1lez<\/strong> sigue intacto en cada cancha, en cada redacci\u00f3n y en cada charla de f\u00fatbol donde todav\u00eda se lo nombra con afecto. Porque Ram\u00f3n fue muchas cosas a la vez \u2014jugador, t\u00e9cnico, dirigente, periodista, trabajador telef\u00f3nico, militante gremial\u2014, pero <strong data-start=\"408\" data-end=\"479\">por sobre todas ellas fue una gran persona y un amigo incondicional<\/strong>.<\/h5>\n<p>&nbsp;<\/p>\n<p><img loading=\"lazy\" decoding=\"async\" class=\"alignnone wp-image-31075\" src=\"https:\/\/www.sportchaco.com.ar\/wp-content\/uploads\/2026\/01\/Luis-Dario-Molodezky-2025-1-1.jpg\" alt=\"\" width=\"67\" height=\"74\" \/><em><strong> POR LUIS DARIO MOLODEZKY<\/strong><\/em><\/p>\n<p data-start=\"482\" data-end=\"956\">Ram\u00f3n Gonz\u00e1lez falleci\u00f3 el <strong data-start=\"509\" data-end=\"532\">11 de enero de 1999<\/strong>, en la Capital Federal, a los <strong data-start=\"563\" data-end=\"574\">66 a\u00f1os<\/strong>. Hab\u00eda nacido para el f\u00fatbol y para todo lo que lo rodea. Como jugador visti\u00f3 las camisetas de <strong data-start=\"670\" data-end=\"692\">Ministro Le Breton<\/strong>, <strong data-start=\"694\" data-end=\"705\">Fontana<\/strong> y <strong data-start=\"708\" data-end=\"731\">Argentino del Norte<\/strong>, el club de sus amores, adem\u00e1s de tener su paso por instituciones del f\u00fatbol grande como <strong data-start=\"821\" data-end=\"837\">Boca Juniors<\/strong> y <strong data-start=\"840\" data-end=\"859\">Almirante Brown<\/strong>. Siempre dec\u00eda que el f\u00fatbol no solo se juega: se siente, se discute, se defiende y se comparte.<\/p>\n<p data-start=\"958\" data-end=\"1232\">Paralelamente, fue trabajador de <strong data-start=\"991\" data-end=\"1000\">ENTel<\/strong>, de donde fue despedido por cuestiones gremiales durante la etapa m\u00e1s oscura del pa\u00eds, sin renunciar nunca a sus convicciones. Esa misma coherencia la traslad\u00f3 al periodismo, actividad que abraz\u00f3 con la misma pasi\u00f3n que al deporte.<\/p>\n<p data-start=\"1234\" data-end=\"1802\">En el <strong data-start=\"1240\" data-end=\"1256\">diario NORTE<\/strong> integr\u00f3 una recordada camada de periodistas deportivos junto a Andy Villa, Pablo Sansone, An\u00edbal Castro, Carlos Guido Obreg\u00f3n, Pedro Mart\u00edn Vera y quien hoy lo evoca, <strong data-start=\"1424\" data-end=\"1448\">Luis Dar\u00edo Molodezky<\/strong>. Cubr\u00eda incansablemente los fines de semana del f\u00fatbol chaque\u00f1o, los torneos de AFA y del Consejo Federal. Ram\u00f3n era de esos que no faltaban nunca. Tanto, que alguna vez <strong data-start=\"1619\" data-end=\"1672\">se escap\u00f3 de la terapia intensiva de un sanatorio<\/strong> para cubrir un partido porque no hab\u00eda podido avisar a nadie que lo reemplazara. As\u00ed entend\u00eda la responsabilidad y el compromiso.<\/p>\n<p data-start=\"1804\" data-end=\"2118\">Su v\u00ednculo con el f\u00fatbol no se agot\u00f3 en la cr\u00f3nica. Fue <strong data-start=\"1860\" data-end=\"1917\">consejero y asamble\u00edsta de la Liga Chaque\u00f1a de F\u00fatbol<\/strong> en representaci\u00f3n de Argentino del Norte, club del que tambi\u00e9n fue <strong data-start=\"1985\" data-end=\"2017\">dirigente, t\u00e9cnico y jugador<\/strong>. Conoc\u00eda cada rinc\u00f3n del f\u00fatbol local y defend\u00eda sus instituciones con una convicci\u00f3n inclaudicable.<\/p>\n<p data-start=\"2120\" data-end=\"2667\">Dentro del periodismo organizado, Ram\u00f3n dej\u00f3 una huella profunda. Fue <strong data-start=\"2190\" data-end=\"2280\">fundador e integrante de la conducci\u00f3n del C\u00edrculo de Periodistas Deportivos del Chaco<\/strong>, ocup\u00f3 todos los cargos posibles \u2014menos el de presidente, solo porque no lo quiso\u2014 y fue durante a\u00f1os <strong data-start=\"2383\" data-end=\"2468\">delegado del Chaco ante la Federaci\u00f3n Argentina de Periodistas Deportivos (FAPED)<\/strong>, donde supo ganarse el respeto de colegas de todo el pa\u00eds. Tambi\u00e9n fue directivo del <strong data-start=\"2554\" data-end=\"2587\">Sindicato de Prensa del Chaco<\/strong>, porque entend\u00eda al periodismo como profesi\u00f3n, vocaci\u00f3n y compromiso colectivo.<\/p>\n<p data-start=\"2669\" data-end=\"2900\">En la <strong data-start=\"2675\" data-end=\"2705\">Fiesta del Deporte de 1998<\/strong>, apenas un mes antes de su muerte, fue <strong data-start=\"2745\" data-end=\"2804\">abanderado y recibi\u00f3 un reconocimiento a su trayectoria<\/strong>, distinci\u00f3n que tambi\u00e9n le otorg\u00f3 la Liga Chaque\u00f1a. Fue un homenaje en vida, justo y necesario.<\/p>\n<p data-start=\"2902\" data-end=\"3210\">Casado con <strong data-start=\"2913\" data-end=\"2928\">Amada Borba<\/strong>, padre de <strong data-start=\"2939\" data-end=\"2955\">cuatro hijos<\/strong>, Ram\u00f3n era de esos hombres que pensaban siempre en los dem\u00e1s: en su familia, en sus amigos, en los chicos de la villa, en su club, en la Liga, en el C\u00edrculo, en el f\u00fatbol. <strong data-start=\"3128\" data-end=\"3178\">Pens\u00f3 tanto en todos que se olvid\u00f3 de cuidarse<\/strong>, y as\u00ed lo sorprendi\u00f3 la muerte.<\/p>\n<p data-start=\"2902\" data-end=\"3210\">\u00a0<img loading=\"lazy\" decoding=\"async\" class=\"size-medium wp-image-31161 aligncenter\" src=\"https:\/\/www.sportchaco.com.ar\/wp-content\/uploads\/2026\/01\/Ramon-Gonzalez-con-el-Fanfa-Veloso-Rolando-300x225.jpg\" alt=\"\" width=\"300\" height=\"225\" srcset=\"https:\/\/www.sportchaco.com.ar\/wp-content\/uploads\/2026\/01\/Ramon-Gonzalez-con-el-Fanfa-Veloso-Rolando-300x225.jpg 300w, https:\/\/www.sportchaco.com.ar\/wp-content\/uploads\/2026\/01\/Ramon-Gonzalez-con-el-Fanfa-Veloso-Rolando-1024x768.jpg 1024w, https:\/\/www.sportchaco.com.ar\/wp-content\/uploads\/2026\/01\/Ramon-Gonzalez-con-el-Fanfa-Veloso-Rolando-768x576.jpg 768w, https:\/\/www.sportchaco.com.ar\/wp-content\/uploads\/2026\/01\/Ramon-Gonzalez-con-el-Fanfa-Veloso-Rolando-1536x1152.jpg 1536w, https:\/\/www.sportchaco.com.ar\/wp-content\/uploads\/2026\/01\/Ramon-Gonzalez-con-el-Fanfa-Veloso-Rolando-2048x1536.jpg 2048w\" sizes=\"auto, (max-width: 300px) 100vw, 300px\" \/><\/p>\n<p style=\"text-align: center;\" data-start=\"2902\" data-end=\"3210\"><em><strong>Ram\u00f3n Gonz\u00e1lez entregando un reconocimiento al Fanfa Veloso. En el centro el conductor y relato Edmundo Duncan Molina.\u00a0<\/strong><\/em><\/p>\n<p data-start=\"3212\" data-end=\"3532\">Como escribi\u00f3 Luis Dar\u00edo Molodezky, su amigo: <em data-start=\"3258\" data-end=\"3390\">\u201cPara ser mi padre era un poco joven, y para ser mi hermano un poco grande. Sin embargo, era las dos cosas. M\u00e1s todav\u00eda, un amigo\u201d<\/em>. Ten\u00eda esa virtud tan escasa: <strong data-start=\"3421\" data-end=\"3490\">ponerse en el lugar del otro y dar el consejo justo, el necesario<\/strong>. Recto, solidario, incorruptible, humano.<\/p>\n<p data-start=\"3534\" data-end=\"3800\">Su partida golpe\u00f3 duro. Pero dej\u00f3 algo que no se detiene: el ejemplo.<br data-start=\"3603\" data-end=\"3606\" \/>A 25 a\u00f1os de su ausencia f\u00edsica, <strong data-start=\"3639\" data-end=\"3672\">Ram\u00f3n Gonz\u00e1lez sigue presente<\/strong> en la memoria del deporte chaque\u00f1o, del periodismo y, sobre todo, en el coraz\u00f3n de quienes tuvieron el privilegio de conocerlo.<\/p>\n<p data-start=\"3802\" data-end=\"3888\" data-is-last-node=\"\" data-is-only-node=\"\">Porque hay personas que no se van nunca del todo. Y Ram\u00f3n es, sin dudas, una de ellas.<\/p>\n<p style=\"text-align: center;\" data-start=\"3802\" data-end=\"3888\" data-is-last-node=\"\" data-is-only-node=\"\"><img loading=\"lazy\" decoding=\"async\" class=\"alignnone size-medium wp-image-31103\" src=\"https:\/\/www.sportchaco.com.ar\/wp-content\/uploads\/2026\/01\/1080x1350-240x300.gif\" alt=\"\" width=\"240\" height=\"300\" srcset=\"https:\/\/www.sportchaco.com.ar\/wp-content\/uploads\/2026\/01\/1080x1350-240x300.gif 240w, https:\/\/www.sportchaco.com.ar\/wp-content\/uploads\/2026\/01\/1080x1350-819x1024.gif 819w, https:\/\/www.sportchaco.com.ar\/wp-content\/uploads\/2026\/01\/1080x1350-768x960.gif 768w\" sizes=\"auto, (max-width: 240px) 100vw, 240px\" \/><\/p>\n","protected":false},"excerpt":{"rendered":"<p>10 A 25 a\u00f1os de su fallecimiento, el recuerdo de Ram\u00f3n Gonz\u00e1lez sigue intacto en cada cancha, en cada redacci\u00f3n y en cada charla de f\u00fatbol donde todav\u00eda se lo nombra con afecto. Porque Ram\u00f3n fue muchas cosas a la vez \u2014jugador, t\u00e9cnico, dirigente, periodista, trabajador telef\u00f3nico, militante gremial\u2014, pero por sobre todas ellas fue &hellip;<\/p>\n","protected":false},"author":2,"featured_media":31160,"comment_status":"open","ping_status":"open","sticky":false,"template":"","format":"standard","meta":{"footnotes":""},"categories":[78,8],"tags":[],"class_list":["post-31159","post","type-post","status-publish","format-standard","has-post-thumbnail","hentry","category-historias","category-sport-nea"],"_links":{"self":[{"href":"https:\/\/www.sportchaco.com.ar\/index.php?rest_route=\/wp\/v2\/posts\/31159","targetHints":{"allow":["GET"]}}],"collection":[{"href":"https:\/\/www.sportchaco.com.ar\/index.php?rest_route=\/wp\/v2\/posts"}],"about":[{"href":"https:\/\/www.sportchaco.com.ar\/index.php?rest_route=\/wp\/v2\/types\/post"}],"author":[{"embeddable":true,"href":"https:\/\/www.sportchaco.com.ar\/index.php?rest_route=\/wp\/v2\/users\/2"}],"replies":[{"embeddable":true,"href":"https:\/\/www.sportchaco.com.ar\/index.php?rest_route=%2Fwp%2Fv2%2Fcomments&post=31159"}],"version-history":[{"count":2,"href":"https:\/\/www.sportchaco.com.ar\/index.php?rest_route=\/wp\/v2\/posts\/31159\/revisions"}],"predecessor-version":[{"id":31175,"href":"https:\/\/www.sportchaco.com.ar\/index.php?rest_route=\/wp\/v2\/posts\/31159\/revisions\/31175"}],"wp:featuredmedia":[{"embeddable":true,"href":"https:\/\/www.sportchaco.com.ar\/index.php?rest_route=\/wp\/v2\/media\/31160"}],"wp:attachment":[{"href":"https:\/\/www.sportchaco.com.ar\/index.php?rest_route=%2Fwp%2Fv2%2Fmedia&parent=31159"}],"wp:term":[{"taxonomy":"category","embeddable":true,"href":"https:\/\/www.sportchaco.com.ar\/index.php?rest_route=%2Fwp%2Fv2%2Fcategories&post=31159"},{"taxonomy":"post_tag","embeddable":true,"href":"https:\/\/www.sportchaco.com.ar\/index.php?rest_route=%2Fwp%2Fv2%2Ftags&post=31159"}],"curies":[{"name":"wp","href":"https:\/\/api.w.org\/{rel}","templated":true}]}}