{"id":31164,"date":"2026-01-10T23:12:03","date_gmt":"2026-01-11T02:12:03","guid":{"rendered":"https:\/\/www.sportchaco.com.ar\/?p=31164"},"modified":"2026-01-10T23:12:41","modified_gmt":"2026-01-11T02:12:41","slug":"carlos-alfredo-got-a-88-anos-de-su-nacimiento","status":"publish","type":"post","link":"https:\/\/www.sportchaco.com.ar\/?p=31164","title":{"rendered":"Carlos Alfredo Got, a 88 a\u00f1os de su nacimiento"},"content":{"rendered":"<h5 data-start=\"53\" data-end=\"111\"><\/h5>\n<h5 data-start=\"113\" data-end=\"543\">El calendario marca lo que hubiera sido el <strong data-start=\"156\" data-end=\"206\">88\u00b0 cumplea\u00f1os del profesor Carlos Alfredo Got<\/strong>, y en el Chaco de las artes marciales el recuerdo vuelve a ponerse de pie, en silencio y con respeto, como se ingresa a un dojo. Porque Got no fue solo un instructor: <strong data-start=\"374\" data-end=\"405\">fue un formador de personas<\/strong>, un pionero que sembr\u00f3 disciplina, filosof\u00eda y valores cuando hablar de judo y artes marciales todav\u00eda era una rareza en estas latitudes.<\/h5>\n<p>&nbsp;<\/p>\n<p><img loading=\"lazy\" decoding=\"async\" class=\"alignnone wp-image-30924\" src=\"https:\/\/www.sportchaco.com.ar\/wp-content\/uploads\/2026\/01\/Luis-2025-marzo-carita-sonriente-300x287.jpg\" alt=\"\" width=\"67\" height=\"64\" srcset=\"https:\/\/www.sportchaco.com.ar\/wp-content\/uploads\/2026\/01\/Luis-2025-marzo-carita-sonriente-300x287.jpg 300w, https:\/\/www.sportchaco.com.ar\/wp-content\/uploads\/2026\/01\/Luis-2025-marzo-carita-sonriente.jpg 383w\" sizes=\"auto, (max-width: 67px) 100vw, 67px\" \/> <em><strong>POR LUIS DARIO MOLODEZKY<\/strong><\/em><\/p>\n<p data-start=\"545\" data-end=\"1045\">Carlos Alfredo Got naci\u00f3 en <strong data-start=\"573\" data-end=\"581\">1938<\/strong> y comenz\u00f3 su camino en la d\u00e9cada del <strong data-start=\"619\" data-end=\"626\">\u201950<\/strong>, cuando el Chaco apenas asomaba a un mundo marcial que llegaba de lejos, cargado de rituales, c\u00f3digos y una \u00e9tica que iba mucho m\u00e1s all\u00e1 del combate. Sus primeros pasos los dio en el <strong data-start=\"810\" data-end=\"849\">C\u00edrculo de Armas General San Mart\u00edn<\/strong>, instituci\u00f3n desde la cual empez\u00f3 a difundir una pr\u00e1ctica que entonces era casi desconocida. Luego pas\u00f3 por distintos clubes, dejando siempre la misma marca: seriedad, respeto y vocaci\u00f3n docente.<\/p>\n<p data-start=\"1047\" data-end=\"1312\">Con el tiempo, ese recorrido lo llev\u00f3 a concretar un sue\u00f1o propio: <strong data-start=\"1114\" data-end=\"1145\">la creaci\u00f3n de su instituto<\/strong>, un espacio que no fue solo un lugar de entrenamiento f\u00edsico, sino un \u00e1mbito de formaci\u00f3n integral. All\u00ed se aprend\u00eda a caer y a levantarse, dentro y fuera del tatami.<\/p>\n<p data-start=\"1314\" data-end=\"1690\">Su trayectoria profesional tambi\u00e9n estuvo ligada al Estado. Fue <strong data-start=\"1378\" data-end=\"1415\">profesor de la Escuela de Polic\u00eda<\/strong> y <strong data-start=\"1418\" data-end=\"1469\">instructor en el Servicio Penitenciario Federal<\/strong>, donde se jubil\u00f3 dejando una huella profunda. Quienes lo conocieron en ese \u00e1mbito recuerdan su firmeza sin violencia, su autoridad sin gritos y su convicci\u00f3n de que la disciplina aut\u00e9ntica nace del respeto, no del miedo.<\/p>\n<p data-start=\"1314\" data-end=\"1690\">\u00a0<img loading=\"lazy\" decoding=\"async\" class=\"size-medium wp-image-31167 aligncenter\" src=\"https:\/\/www.sportchaco.com.ar\/wp-content\/uploads\/2026\/01\/CARLOS-GOT-EXTRA-2-1-300x225.jpg\" alt=\"\" width=\"300\" height=\"225\" srcset=\"https:\/\/www.sportchaco.com.ar\/wp-content\/uploads\/2026\/01\/CARLOS-GOT-EXTRA-2-1-300x225.jpg 300w, https:\/\/www.sportchaco.com.ar\/wp-content\/uploads\/2026\/01\/CARLOS-GOT-EXTRA-2-1-1024x768.jpg 1024w, https:\/\/www.sportchaco.com.ar\/wp-content\/uploads\/2026\/01\/CARLOS-GOT-EXTRA-2-1-768x576.jpg 768w, https:\/\/www.sportchaco.com.ar\/wp-content\/uploads\/2026\/01\/CARLOS-GOT-EXTRA-2-1.jpg 1280w\" sizes=\"auto, (max-width: 300px) 100vw, 300px\" \/><\/p>\n<p data-start=\"1692\" data-end=\"2207\">Pero quiz\u00e1s uno de los rasgos m\u00e1s distintivos de Carlos Got fue su <strong data-start=\"1759\" data-end=\"1783\">b\u00fasqueda intelectual<\/strong>. Se volc\u00f3 de lleno al estudio de la <strong data-start=\"1820\" data-end=\"1856\">filosof\u00eda de las artes marciales<\/strong>, entendiendo que el judo y las disciplinas afines no son solo t\u00e9cnicas de defensa, sino caminos de vida. Fruto de esa pasi\u00f3n, form\u00f3 una <strong data-start=\"1993\" data-end=\"2042\">biblioteca personal de m\u00e1s de 2.000 vol\u00famenes<\/strong>, dedicada exclusivamente a las artes marciales, su historia, su pensamiento y su proyecci\u00f3n cultural. Un verdadero tesoro, reflejo de una mente inquieta y profunda.<\/p>\n<p data-start=\"2209\" data-end=\"2647\">El reconocimiento no tard\u00f3 en llegar. En <strong data-start=\"2250\" data-end=\"2258\">2004<\/strong>, la revista especializada <strong data-start=\"2285\" data-end=\"2300\">Judo Karate<\/strong> le otorg\u00f3 el <strong data-start=\"2314\" data-end=\"2359\">premio al m\u00e9rito por la difusi\u00f3n del judo<\/strong>, un homenaje a d\u00e9cadas de trabajo silencioso. Ese mismo a\u00f1o, la <strong data-start=\"2424\" data-end=\"2462\">Confederaci\u00f3n Sudamericana de Judo<\/strong> lo gradu\u00f3 como <strong data-start=\"2478\" data-end=\"2488\">7\u00b0 Dan<\/strong>, uno de los m\u00e1ximos rangos, reservado para quienes no solo dominan la t\u00e9cnica, sino que han dedicado su vida a la ense\u00f1anza y al crecimiento de la disciplina.<\/p>\n<p data-start=\"2649\" data-end=\"2894\">Carlos Alfredo Got falleci\u00f3 en <strong data-start=\"2680\" data-end=\"2722\">Resistencia el 20 de noviembre de 2019<\/strong>, pero su legado sigue vivo en cada alumno, en cada instructor que se form\u00f3 bajo su mirada atenta, en cada gesto de respeto que a\u00fan se repite antes y despu\u00e9s de un combate.<\/p>\n<p data-start=\"2896\" data-end=\"3154\" data-is-last-node=\"\" data-is-only-node=\"\">A 88 a\u00f1os de su nacimiento, el recuerdo no es solo nostalgia. Es gratitud.<br data-start=\"2970\" data-end=\"2973\" \/>Porque hubo maestros que ense\u00f1aron a golpear mejor, pero <strong data-start=\"3030\" data-end=\"3065\">Carlos Got ense\u00f1\u00f3 a ser mejores<\/strong>. Y eso, en el mundo de las artes marciales y en la vida, es el verdadero cintur\u00f3n negro.<\/p>\n<div style=\"width: 418px;\" class=\"wp-video\"><video class=\"wp-video-shortcode\" id=\"video-31164-1\" width=\"418\" height=\"418\" preload=\"metadata\" controls=\"controls\"><source type=\"video\/mp4\" src=\"https:\/\/www.sportchaco.com.ar\/wp-content\/uploads\/2026\/01\/WhatsApp-Video-2026-01-08-at-23.11.22-2.mp4?_=1\" \/><a href=\"https:\/\/www.sportchaco.com.ar\/wp-content\/uploads\/2026\/01\/WhatsApp-Video-2026-01-08-at-23.11.22-2.mp4\">https:\/\/www.sportchaco.com.ar\/wp-content\/uploads\/2026\/01\/WhatsApp-Video-2026-01-08-at-23.11.22-2.mp4<\/a><\/video><\/div>\n","protected":false},"excerpt":{"rendered":"<p>El calendario marca lo que hubiera sido el 88\u00b0 cumplea\u00f1os del profesor Carlos Alfredo Got, y en el Chaco de las artes marciales el recuerdo vuelve a ponerse de pie, en silencio y con respeto, como se ingresa a un dojo. Porque Got no fue solo un instructor: fue un formador de personas, un pionero &hellip;<\/p>\n","protected":false},"author":2,"featured_media":31166,"comment_status":"open","ping_status":"open","sticky":false,"template":"","format":"standard","meta":{"footnotes":""},"categories":[62,78],"tags":[],"class_list":["post-31164","post","type-post","status-publish","format-standard","has-post-thumbnail","hentry","category-artes-marciales","category-historias"],"_links":{"self":[{"href":"https:\/\/www.sportchaco.com.ar\/index.php?rest_route=\/wp\/v2\/posts\/31164","targetHints":{"allow":["GET"]}}],"collection":[{"href":"https:\/\/www.sportchaco.com.ar\/index.php?rest_route=\/wp\/v2\/posts"}],"about":[{"href":"https:\/\/www.sportchaco.com.ar\/index.php?rest_route=\/wp\/v2\/types\/post"}],"author":[{"embeddable":true,"href":"https:\/\/www.sportchaco.com.ar\/index.php?rest_route=\/wp\/v2\/users\/2"}],"replies":[{"embeddable":true,"href":"https:\/\/www.sportchaco.com.ar\/index.php?rest_route=%2Fwp%2Fv2%2Fcomments&post=31164"}],"version-history":[{"count":2,"href":"https:\/\/www.sportchaco.com.ar\/index.php?rest_route=\/wp\/v2\/posts\/31164\/revisions"}],"predecessor-version":[{"id":31177,"href":"https:\/\/www.sportchaco.com.ar\/index.php?rest_route=\/wp\/v2\/posts\/31164\/revisions\/31177"}],"wp:featuredmedia":[{"embeddable":true,"href":"https:\/\/www.sportchaco.com.ar\/index.php?rest_route=\/wp\/v2\/media\/31166"}],"wp:attachment":[{"href":"https:\/\/www.sportchaco.com.ar\/index.php?rest_route=%2Fwp%2Fv2%2Fmedia&parent=31164"}],"wp:term":[{"taxonomy":"category","embeddable":true,"href":"https:\/\/www.sportchaco.com.ar\/index.php?rest_route=%2Fwp%2Fv2%2Fcategories&post=31164"},{"taxonomy":"post_tag","embeddable":true,"href":"https:\/\/www.sportchaco.com.ar\/index.php?rest_route=%2Fwp%2Fv2%2Ftags&post=31164"}],"curies":[{"name":"wp","href":"https:\/\/api.w.org\/{rel}","templated":true}]}}