{"id":31193,"date":"2026-01-11T20:26:55","date_gmt":"2026-01-11T23:26:55","guid":{"rendered":"https:\/\/www.sportchaco.com.ar\/?p=31193"},"modified":"2026-01-11T20:26:55","modified_gmt":"2026-01-11T23:26:55","slug":"francisco-cerundolo-ira-en-busca-del-atp-250-de-adelaida","status":"publish","type":"post","link":"https:\/\/www.sportchaco.com.ar\/?p=31193","title":{"rendered":"Francisco Cer\u00fandolo ir\u00e1 en busca del ATP 250 de Adelaida"},"content":{"rendered":"<header class=\"article-header\" data-tadevel-template=\"web\/article-header\">\n<h1 class=\"article-title\"><span style=\"font-size: 16px; font-weight: 400;\">\u00a011 de enero de 2026\u00a0<\/span><\/h1>\n<h2 class=\"article-deck\">El certamen tendr\u00e1 lugar entre el 12 y el 17 de enero, donde el tenista argentino intentar\u00e1 hacerse con el t\u00edtulo.<\/h2>\n<div class=\"style-scope share-button-set\"><\/div>\n<\/header>\n<div class=\"columns\" data-tadevel-template=\"web\/article-columns\">\n<div class=\"column-main\">\n<figure class=\"multimedia\" data-tadevel-template=\"web\/multimedia\" data-type=\"photo\">\n<div class=\"content\">\n<div class=\"sizer\" data-sizer=\"aspect-ratio\" data-tadevel-template=\"web\/aspect-ratio\">\n<div class=\"backdrop\" data-tadevel-template=\"web\/picture\">\n<div class=\"content\"><\/div>\n<\/div>\n<div class=\"overlay\"><\/div>\n<\/div>\n<\/div><figcaption class=\"caption\">\n<ul>\n<li class=\"description\"><strong>Foto portada: Francisco Cer\u00fandolo ir\u00e1 en busca del ATP 250 de Adelaida. Foto: Agencia NA (ATP Tour)<\/strong><\/li>\n<\/ul>\n<div class=\"attribution\"><\/div>\n<\/figcaption><\/figure>\n<div class=\"article-body\" data-tadevel-template=\"web\/article-body\">\n<div class=\"article-body-content\">\n<h5><i><\/i><strong>\u00a0La temporada 2026 de tenis continuar\u00e1 su calendario con el\u00a0ATP 250 de Adelaida, Australia entre el 12 y el 17 de enero en superficie dura y contar\u00e1 con la participaci\u00f3n del argentino\u00a0Francisco Cer\u00fandolo.<\/strong><\/h5>\n<h5><strong>Luego del evento de Brisbane, que tuvo a\u00a0Daniil Medvedev\u00a0como campe\u00f3n, el deporte contin\u00faa con la gira australiana que antecede al\u00a0Abierto de Australia\u00a0y coincidir\u00e1 con el\u00a0ATP 250 de Auckland, Nueva Zelanda. El certamen \u201caussie\u201d, que tuvo a campeones de la envergadura de\u00a0Jannik Sinner\u00a0(actual n\u00famero dos del mundo del ranking ATP) y\u00a0Andrey Rublev, contar\u00e1 con la cobertura de la\u00a0<i>Agencia Noticias Argentinas\u00a0<\/i>y seguir\u00e1 el camino del albiceleste, que iniciar\u00e1 el torneo desde los octavos de final y enfrentar\u00e1 al ganador del duelo entre\u00a0Daniel Altmaier\u00a0(Alemania) y\u00a0Jaume Munar\u00a0(Espa\u00f1a).<\/strong><\/h5>\n<p>El canadiense\u00a0<strong>Felix Auger-Aliassime<\/strong>\u00a0(Nro. 5 del ranking mundial) fue el campe\u00f3n del campeonato australiano en 2025, pero no participar\u00e1 de esta edici\u00f3n para defender el t\u00edtulo, por lo que le favorito para quedarse con la corona es el espa\u00f1ol\u00a0<strong>Alejandro Davidovich-Fokina<\/strong>.<\/p>\n<p title=\"__IP__\" data-ipspy=\"__IP__\">Adem\u00e1s de\u00a0<strong>Cer\u00fandolo<\/strong>, tercer cabeza de serie, y el propio\u00a0<strong>Davidovich-Fokina<\/strong>, los destacados que integrar\u00e1n el cuadro principal ser\u00e1n el estadounidense\u00a0<strong>Tommy Paul<\/strong>\u00a0y el neerland\u00e9s\u00a0<strong>Tallon Griekspoor<\/strong>, aunque cabe destacar que el campeonato oce\u00e1nico no contar\u00e1 con ning\u00fan tenista dentro del\u00a0<strong>top 10 mundial<\/strong>.<span data-nosnippet=\"\">__IP__<\/span><\/p>\n<p><i>\u00abCreo que hay muchos jugadores del cuadro que compitieron esta semana en otros torneos, as\u00ed que probablemente est\u00e9n m\u00e1s preparados que yo. Voy a ir partido a partido, a ver c\u00f3mo me siento. Siempre es complicado el primer torneo del a\u00f1o. El \u00faltimo partido que jugu\u00e9 fue en noviembre, as\u00ed que la competici\u00f3n es totalmente diferente a los entrenamientos. Ver\u00e9 c\u00f3mo me siento en mi primer partido, pero espero poder llegar lejos\u00bb<\/i>, dijo el mejor argentino clasificado en la actualidad palpitando el ATP de Adelaida.<\/p>\n<p>&nbsp;<\/p>\n<\/div>\n<\/div>\n<\/div>\n<\/div>\n","protected":false},"excerpt":{"rendered":"<p>\u00a011 de enero de 2026\u00a0 El certamen tendr\u00e1 lugar entre el 12 y el 17 de enero, donde el tenista argentino intentar\u00e1 hacerse con el t\u00edtulo. Foto portada: Francisco Cer\u00fandolo ir\u00e1 en busca del ATP 250 de Adelaida. Foto: Agencia NA (ATP Tour) \u00a0La temporada 2026 de tenis continuar\u00e1 su calendario con el\u00a0ATP 250 de &hellip;<\/p>\n","protected":false},"author":2,"featured_media":31194,"comment_status":"open","ping_status":"open","sticky":false,"template":"","format":"standard","meta":{"footnotes":""},"categories":[46],"tags":[],"class_list":["post-31193","post","type-post","status-publish","format-standard","has-post-thumbnail","hentry","category-tenis"],"_links":{"self":[{"href":"https:\/\/www.sportchaco.com.ar\/index.php?rest_route=\/wp\/v2\/posts\/31193","targetHints":{"allow":["GET"]}}],"collection":[{"href":"https:\/\/www.sportchaco.com.ar\/index.php?rest_route=\/wp\/v2\/posts"}],"about":[{"href":"https:\/\/www.sportchaco.com.ar\/index.php?rest_route=\/wp\/v2\/types\/post"}],"author":[{"embeddable":true,"href":"https:\/\/www.sportchaco.com.ar\/index.php?rest_route=\/wp\/v2\/users\/2"}],"replies":[{"embeddable":true,"href":"https:\/\/www.sportchaco.com.ar\/index.php?rest_route=%2Fwp%2Fv2%2Fcomments&post=31193"}],"version-history":[{"count":1,"href":"https:\/\/www.sportchaco.com.ar\/index.php?rest_route=\/wp\/v2\/posts\/31193\/revisions"}],"predecessor-version":[{"id":31195,"href":"https:\/\/www.sportchaco.com.ar\/index.php?rest_route=\/wp\/v2\/posts\/31193\/revisions\/31195"}],"wp:featuredmedia":[{"embeddable":true,"href":"https:\/\/www.sportchaco.com.ar\/index.php?rest_route=\/wp\/v2\/media\/31194"}],"wp:attachment":[{"href":"https:\/\/www.sportchaco.com.ar\/index.php?rest_route=%2Fwp%2Fv2%2Fmedia&parent=31193"}],"wp:term":[{"taxonomy":"category","embeddable":true,"href":"https:\/\/www.sportchaco.com.ar\/index.php?rest_route=%2Fwp%2Fv2%2Fcategories&post=31193"},{"taxonomy":"post_tag","embeddable":true,"href":"https:\/\/www.sportchaco.com.ar\/index.php?rest_route=%2Fwp%2Fv2%2Ftags&post=31193"}],"curies":[{"name":"wp","href":"https:\/\/api.w.org\/{rel}","templated":true}]}}