{"id":31196,"date":"2026-01-11T20:31:04","date_gmt":"2026-01-11T23:31:04","guid":{"rendered":"https:\/\/www.sportchaco.com.ar\/?p=31196"},"modified":"2026-01-11T20:31:04","modified_gmt":"2026-01-11T23:31:04","slug":"cambio-fisico-de-colapinto-genero-impacto-en-la-formula-1","status":"publish","type":"post","link":"https:\/\/www.sportchaco.com.ar\/?p=31196","title":{"rendered":"Cambio f\u00edsico de Colapinto gener\u00f3 impacto en la F\u00f3rmula 1"},"content":{"rendered":"<header class=\"article-header-wrapper\">\n<div class=\"article-header with-follow-button-ctn\">\n<h1 id=\"el-rotundo-cambio-fisico-de-colapinto-que-genero-impacto-en-la-formula-1\" class=\"display-block article-headline text_align_left\"><\/h1>\n<h2 class=\"article-subheadline text_align_left\">El argentino prepara su regreso a Europa mientras Alpine ajusta detalles para la temporada 2026 de la M\u00e1xima<\/h2>\n<div class=\"display_flex align_items_center flex_row byline follow-button-ctn no-author\"><\/div>\n<\/div>\n<\/header>\n<article class=\"article\">\n<div class=\"sharebar-container display_flex\">\n<div class=\"share-bar-article-date-container \"><span class=\"sharebar-article-date\">11 Ene, 2026 07:56 p.m. AR<\/span><\/div>\n<div class=\"sharebar-buttons-container display_flex\">\n<div class=\"sharebar-buttons button-save\" tabindex=\"0\" role=\"button\" aria-label=\"Guardar\"><span class=\"buttons-save-text\">Guardar<\/span><\/div>\n<div class=\"sharebar-buttons-separator\"><\/div>\n<\/div>\n<\/div>\n<div class=\"body-article \">\n<div class=\"visual__image image-initial-width\"><picture><source srcset=\"https:\/\/www.infobae.com\/resizer\/v2\/J5P7XZJBCJB2BHIKKEBGMYTK5E.gif?auth=d70dcbbe22298692f39f139b9550ffea5a72a9e7735687f510c453dad830ed07&amp;smart=true&amp;width=992&amp;height=558&amp;quality=85\" media=\"(min-width: 1000px)\" \/><source srcset=\"https:\/\/www.infobae.com\/resizer\/v2\/J5P7XZJBCJB2BHIKKEBGMYTK5E.gif?auth=d70dcbbe22298692f39f139b9550ffea5a72a9e7735687f510c453dad830ed07&amp;smart=true&amp;width=768&amp;height=432&amp;quality=85\" media=\"(min-width: 768px)\" \/><source srcset=\"https:\/\/www.infobae.com\/resizer\/v2\/J5P7XZJBCJB2BHIKKEBGMYTK5E.gif?auth=d70dcbbe22298692f39f139b9550ffea5a72a9e7735687f510c453dad830ed07&amp;smart=true&amp;width=577&amp;height=325&amp;quality=85\" media=\"(min-width: 580px)\" \/><source srcset=\"https:\/\/www.infobae.com\/resizer\/v2\/J5P7XZJBCJB2BHIKKEBGMYTK5E.gif?auth=d70dcbbe22298692f39f139b9550ffea5a72a9e7735687f510c453dad830ed07&amp;smart=true&amp;width=420&amp;height=236&amp;quality=85\" media=\"(min-width: 350px)\" \/><source srcset=\"https:\/\/www.infobae.com\/resizer\/v2\/J5P7XZJBCJB2BHIKKEBGMYTK5E.gif?auth=d70dcbbe22298692f39f139b9550ffea5a72a9e7735687f510c453dad830ed07&amp;smart=true&amp;width=350&amp;height=197&amp;quality=85\" media=\"(min-width: 80px)\" \/><img loading=\"lazy\" decoding=\"async\" class=\"global-image\" src=\"https:\/\/www.infobae.com\/resizer\/v2\/J5P7XZJBCJB2BHIKKEBGMYTK5E.gif?auth=d70dcbbe22298692f39f139b9550ffea5a72a9e7735687f510c453dad830ed07&amp;smart=true&amp;width=350&amp;height=197&amp;quality=85\" alt=\"El piloto argentino sorprendi\u00f3 con\" width=\"1920\" height=\"1080\" \/><\/picture><\/div>\n<\/div>\n<div><\/div>\n<div class=\"body-article \">\n<div class=\"visual__image image-initial-width\">El piloto argentino sorprendi\u00f3 con su entrenamiento sin remera bajo la lluvia y un f\u00edsico renovado<\/div>\n<p class=\"paragraph\">Antes de su regreso a bordo del\u00a0<b>Alpine, Franco Colapinto<\/b>\u00a0decidi\u00f3 pasar unos d\u00edas en\u00a0<b>Sudam\u00e9rica<\/b>, donde se viraliz\u00f3 un video en el que\u00a0<b>apareci\u00f3 corriendo bajo la lluvia, sin remera, con un cambio f\u00edsico que sorprendi\u00f3<\/b>\u00a0y despert\u00f3 comentarios entre sus seguidores. Las im\u00e1genes, tomadas desde una camioneta, muestran\u00a0<b>un aumento significativo en su masa muscular<\/b>, especialmente en la parte superior del cuerpo.<\/p>\n<p class=\"paragraph\">El piloto argentino no descuida sus entrenamientos para afrontar su tercer a\u00f1o en la m\u00e1xima categor\u00eda del automovilismo con la expectativa de rendir al m\u00e1ximo en 2026.\u00a0<b>Una foto compartida por Colapinto en su cuenta de Instagram en agosto de 2022 permiti\u00f3 comparar el antes y el despu\u00e9s de su cambio f\u00edsico.<\/b>\u00a0A simple vista se exhibe el grosor del cuello, los hombros, tanto como el tama\u00f1o del pecho, adem\u00e1s de las adaptaciones f\u00edsicas propias para competir en la\u00a0<b>F\u00f3rmula 1<\/b>.<\/p>\n<div class=\"jwplayer-ctn\">\n<div>\n<div id=\"ZB45WUGYJNAOBNW4XQZHK7KJYA-custom_embed3\" class=\"jwplayer jw-reset jw-state-idle jw-stretch-uniform jw-flag-aspect-mode jw-breakpoint-5 jw-floating-dismissible jw-keep-thumbnail jw-flag-user-inactive\" tabindex=\"0\" role=\"application\" aria-label=\"Video Player - El entrenamiento de Franco Colapinto bajo la lluvia\" aria-describedby=\"jw-ZB45WUGYJNAOBNW4XQZHK7KJYA-custom_embed3-shortcuts-tooltip-explanation\">\n<div class=\"jw-wrapper jw-reset\">\n<div class=\"jw-media jw-reset\"><\/div>\n<div class=\"jw-controls jw-reset\">\n<div class=\"jw-display jw-reset\">\n<div class=\"jw-display-container jw-reset\">\n<div class=\"jw-display-controls jw-reset\">\n<div class=\"jw-display-icon-container jw-display-icon-display jw-reset\">\n<div class=\"jw-icon jw-icon-display jw-button-color jw-reset\" tabindex=\"0\" role=\"button\" aria-label=\"Reproducir\"><\/div>\n<\/div>\n<\/div>\n<\/div>\n<\/div>\n<\/div>\n<\/div>\n<\/div>\n<\/div>\n<p>El piloto argentino de Alpine corri\u00f3 en la ruta a la espera de comenzar la nueva temporada de la F\u00f3rmula 1<\/p><\/div>\n<p class=\"paragraph\"><b>El argentino oriundo de Pilar comenz\u00f3 el a\u00f1o enfocado con rutinas intensas que combinan fuerza, estabilidad y resistencia<\/b>, incluso desafi\u00f3 a las condiciones clim\u00e1ticas, como respuesta al compromiso fuera de las pistas para la temporada que se acerca. Durante esta etapa de entrenamiento fue acompa\u00f1ado por sus preparadores f\u00edsicos,\u00a0<b>Lucas Benamo y Lucas Colombo Russell.<\/b><\/p>\n<p class=\"paragraph\">En su estad\u00eda en Argentina, Colapinto comparti\u00f3 momentos con sus seres queridos y mantuvo contacto con sus fan\u00e1ticos en\u00a0<b>San Andr\u00e9s de Giles<\/b>, recibiendo muestras de apoyo. Durante este per\u00edodo, el piloto tambi\u00e9n tuvo la oportunidad de visitar\u00a0<b>Uruguay<\/b>\u00a0y expres\u00f3 su gratitud en redes sociales: \u00ab<b>Feliz de haber conocido y recorrido este pa\u00eds antes de volver a Europa. Nos vemos pronto<\/b>\u201d.<\/p>\n<div class=\"visual__image\"><picture><source srcset=\"https:\/\/www.infobae.com\/resizer\/v2\/L4MCE3CCBRDHTKUPUIFTGEAKSE.jpg?auth=e642e3b689c43d3a86da7a8ea7c9fc821438d1773a27fd773397c0e5bf0824ce&amp;smart=true&amp;width=992&amp;height=558&amp;quality=85\" media=\"(min-width: 1000px)\" \/><source srcset=\"https:\/\/www.infobae.com\/resizer\/v2\/L4MCE3CCBRDHTKUPUIFTGEAKSE.jpg?auth=e642e3b689c43d3a86da7a8ea7c9fc821438d1773a27fd773397c0e5bf0824ce&amp;smart=true&amp;width=768&amp;height=432&amp;quality=85\" media=\"(min-width: 768px)\" \/><source srcset=\"https:\/\/www.infobae.com\/resizer\/v2\/L4MCE3CCBRDHTKUPUIFTGEAKSE.jpg?auth=e642e3b689c43d3a86da7a8ea7c9fc821438d1773a27fd773397c0e5bf0824ce&amp;smart=true&amp;width=577&amp;height=325&amp;quality=85\" media=\"(min-width: 580px)\" \/><source srcset=\"https:\/\/www.infobae.com\/resizer\/v2\/L4MCE3CCBRDHTKUPUIFTGEAKSE.jpg?auth=e642e3b689c43d3a86da7a8ea7c9fc821438d1773a27fd773397c0e5bf0824ce&amp;smart=true&amp;width=420&amp;height=236&amp;quality=85\" media=\"(min-width: 350px)\" \/><source srcset=\"https:\/\/www.infobae.com\/resizer\/v2\/L4MCE3CCBRDHTKUPUIFTGEAKSE.jpg?auth=e642e3b689c43d3a86da7a8ea7c9fc821438d1773a27fd773397c0e5bf0824ce&amp;smart=true&amp;width=350&amp;height=197&amp;quality=85\" media=\"(min-width: 80px)\" \/><img loading=\"lazy\" decoding=\"async\" class=\"global-image\" src=\"https:\/\/www.infobae.com\/resizer\/v2\/L4MCE3CCBRDHTKUPUIFTGEAKSE.jpg?auth=e642e3b689c43d3a86da7a8ea7c9fc821438d1773a27fd773397c0e5bf0824ce&amp;smart=true&amp;width=350&amp;height=197&amp;quality=85\" alt=\"as vacaciones de Franco Colapinto\" width=\"1920\" height=\"1080\" \/><\/picture>as vacaciones de Franco Colapinto en Argentina<\/div>\n<p class=\"paragraph\">El director de equipo en\u00a0<b>Alpine<\/b>,\u00a0<b>Steve Nielsen<\/b>, dedic\u00f3 unas palabras de apoyo hace pocos d\u00edas y habl\u00f3 de las etapas que atraviesa el piloto argentino:\u00a0<b>\u201cFranco es un piloto joven.\u00a0<\/b>Hemos visto a otros pilotos j\u00f3venes atravesar per\u00edodos buenos y dif\u00edciles; \u00e9l est\u00e1 en ese proceso\u201d. Asimismo, el ejecutivo analiz\u00f3 el desempe\u00f1o de Colapinto: \u201cEn un par de ocasiones<b>\u00a0quiz\u00e1 incluso fue m\u00e1s r\u00e1pido que Pierre (Gasly) en carrera<\/b>. Est\u00e1 en ese camino, y le daremos todo el apoyo que necesite para ser lo m\u00e1s r\u00e1pido posible, ya sea m\u00e1s r\u00e1pido que Pierre o cerca de Pierre\u201d.<\/p>\n<div class=\"worldcup2026ctawc-logo\"><img decoding=\"async\" class=\"worldcup2026ctawc-logo-desktop-img\" src=\"https:\/\/storage.googleapis.com\/arc-buckets\/assets\/images\/sports\/eventos-deportivos\/soccer\/backgrounds\/pronostico_cta_desktop.png\" alt=\"Infobae Simulador Logo\" \/><\/div>\n<div class=\"worldcup2026ctawc-content\">\n<div class=\"worldcup2026ctawc-content-text\">\n<h2 class=\"worldcup2026ctawc-content-text-title\">SIMULADOR<\/h2>\n<p class=\"worldcup2026ctawc-content-text-description\">Juega y simula el camino de las selecciones hasta la final del Mundial<\/p>\n<\/div>\n<div class=\"worldcup2026ctawc-content-arrow\"><\/div>\n<\/div>\n<p class=\"paragraph\">El siguiente paso para Franco Colapinto ser\u00e1 regresar a\u00a0<b>Enstone<\/b>, la sede principal de la escuder\u00eda Alpine en Reino Unido, aunque el equipo franc\u00e9s decidi\u00f3 aplazar la presentaci\u00f3n oficial del\u00a0<b>nuevo monoplaza A526<\/b>, que estaba planeada para el\u00a0<b>Circuito de Barcelona<\/b>, debido a un inconveniente en la entrega de informaci\u00f3n t\u00e9cnica por parte de\u00a0<b>Mercedes<\/b>, proveedor de los nuevos motores para la escuder\u00eda.<\/p>\n<div class=\"visual__image\"><picture><source srcset=\"https:\/\/www.infobae.com\/resizer\/v2\/3XU6WLBQN5E5LFUAESMLBY3GHM.jpg?auth=e08a0c352559fcc9ef15ba7c3a62f4a9c6fb90a44fef702e532bc135dc57d3f9&amp;smart=true&amp;width=992&amp;height=558&amp;quality=85\" media=\"(min-width: 1000px)\" \/><source srcset=\"https:\/\/www.infobae.com\/resizer\/v2\/3XU6WLBQN5E5LFUAESMLBY3GHM.jpg?auth=e08a0c352559fcc9ef15ba7c3a62f4a9c6fb90a44fef702e532bc135dc57d3f9&amp;smart=true&amp;width=768&amp;height=432&amp;quality=85\" media=\"(min-width: 768px)\" \/><source srcset=\"https:\/\/www.infobae.com\/resizer\/v2\/3XU6WLBQN5E5LFUAESMLBY3GHM.jpg?auth=e08a0c352559fcc9ef15ba7c3a62f4a9c6fb90a44fef702e532bc135dc57d3f9&amp;smart=true&amp;width=577&amp;height=325&amp;quality=85\" media=\"(min-width: 580px)\" \/><source srcset=\"https:\/\/www.infobae.com\/resizer\/v2\/3XU6WLBQN5E5LFUAESMLBY3GHM.jpg?auth=e08a0c352559fcc9ef15ba7c3a62f4a9c6fb90a44fef702e532bc135dc57d3f9&amp;smart=true&amp;width=420&amp;height=236&amp;quality=85\" media=\"(min-width: 350px)\" \/><source srcset=\"https:\/\/www.infobae.com\/resizer\/v2\/3XU6WLBQN5E5LFUAESMLBY3GHM.jpg?auth=e08a0c352559fcc9ef15ba7c3a62f4a9c6fb90a44fef702e532bc135dc57d3f9&amp;smart=true&amp;width=350&amp;height=197&amp;quality=85\" media=\"(min-width: 80px)\" \/><img loading=\"lazy\" decoding=\"async\" class=\"global-image\" src=\"https:\/\/www.infobae.com\/resizer\/v2\/3XU6WLBQN5E5LFUAESMLBY3GHM.jpg?auth=e08a0c352559fcc9ef15ba7c3a62f4a9c6fb90a44fef702e532bc135dc57d3f9&amp;smart=true&amp;width=350&amp;height=197&amp;quality=85\" alt=\"Franco Colapinto junto a su\" width=\"1079\" height=\"607\" \/><\/picture>Franco Colapinto junto a su compa\u00f1ero Pierre Gasly y el asesor ejecutivo del equipo Flavio Briatore<\/div>\n<p class=\"paragraph\">No obstante, la escuder\u00eda mantiene la expectativa de poder realizar las primeras pruebas del A526 antes del 26 de enero, cuando comienzan los test colectivos de la F\u00f3rmula 1 en Barcelona.\u00a0<b>Franco Colapinto afrontar\u00e1 dos bloques de entrenamientos en el circuito de Sakhir, en Bahr\u00e9in, programados para el 11 al 13 y del 18 al 20 de febrero.<\/b><\/p>\n<p class=\"paragraph\">Estos ensayos ser\u00e1n fundamentales para ajustar cada aspecto t\u00e9cnico de su monoplaza y llegar en \u00f3ptimas condiciones al inicio del campeonato. La temporada de la F1 empezar\u00e1 el 8 de marzo en\u00a0<b>Melbourne<\/b>,\u00a0<b>Australia<\/b>, donde el equipo intentar\u00e1 alcanzar resultados mejores al del a\u00f1o anterior que finaliz\u00f3 \u00faltimo en el\u00a0<b>Campeonato Mundial de Constructores<\/b>.<\/p>\n<p>Fuente Infobae<\/p>\n<\/div>\n<p style=\"text-align: center;\"><img loading=\"lazy\" decoding=\"async\" class=\"alignnone size-medium wp-image-31104\" src=\"https:\/\/www.sportchaco.com.ar\/wp-content\/uploads\/2026\/01\/Agua-Segura_1080x1350-37-240x300.gif\" alt=\"\" width=\"240\" height=\"300\" srcset=\"https:\/\/www.sportchaco.com.ar\/wp-content\/uploads\/2026\/01\/Agua-Segura_1080x1350-37-240x300.gif 240w, https:\/\/www.sportchaco.com.ar\/wp-content\/uploads\/2026\/01\/Agua-Segura_1080x1350-37-819x1024.gif 819w, https:\/\/www.sportchaco.com.ar\/wp-content\/uploads\/2026\/01\/Agua-Segura_1080x1350-37-768x960.gif 768w\" sizes=\"auto, (max-width: 240px) 100vw, 240px\" \/> <img loading=\"lazy\" decoding=\"async\" class=\"alignnone size-medium wp-image-31103\" src=\"https:\/\/www.sportchaco.com.ar\/wp-content\/uploads\/2026\/01\/1080x1350-240x300.gif\" alt=\"\" width=\"240\" height=\"300\" srcset=\"https:\/\/www.sportchaco.com.ar\/wp-content\/uploads\/2026\/01\/1080x1350-240x300.gif 240w, https:\/\/www.sportchaco.com.ar\/wp-content\/uploads\/2026\/01\/1080x1350-819x1024.gif 819w, https:\/\/www.sportchaco.com.ar\/wp-content\/uploads\/2026\/01\/1080x1350-768x960.gif 768w\" sizes=\"auto, (max-width: 240px) 100vw, 240px\" \/><\/p>\n<\/article>\n","protected":false},"excerpt":{"rendered":"<p>El argentino prepara su regreso a Europa mientras Alpine ajusta detalles para la temporada 2026 de la M\u00e1xima 11 Ene, 2026 07:56 p.m. AR Guardar El piloto argentino sorprendi\u00f3 con su entrenamiento sin remera bajo la lluvia y un f\u00edsico renovado Antes de su regreso a bordo del\u00a0Alpine, Franco Colapinto\u00a0decidi\u00f3 pasar unos d\u00edas en\u00a0Sudam\u00e9rica, donde &hellip;<\/p>\n","protected":false},"author":2,"featured_media":31197,"comment_status":"open","ping_status":"open","sticky":false,"template":"","format":"standard","meta":{"footnotes":""},"categories":[2],"tags":[],"class_list":["post-31196","post","type-post","status-publish","format-standard","has-post-thumbnail","hentry","category-automovilismo"],"_links":{"self":[{"href":"https:\/\/www.sportchaco.com.ar\/index.php?rest_route=\/wp\/v2\/posts\/31196","targetHints":{"allow":["GET"]}}],"collection":[{"href":"https:\/\/www.sportchaco.com.ar\/index.php?rest_route=\/wp\/v2\/posts"}],"about":[{"href":"https:\/\/www.sportchaco.com.ar\/index.php?rest_route=\/wp\/v2\/types\/post"}],"author":[{"embeddable":true,"href":"https:\/\/www.sportchaco.com.ar\/index.php?rest_route=\/wp\/v2\/users\/2"}],"replies":[{"embeddable":true,"href":"https:\/\/www.sportchaco.com.ar\/index.php?rest_route=%2Fwp%2Fv2%2Fcomments&post=31196"}],"version-history":[{"count":1,"href":"https:\/\/www.sportchaco.com.ar\/index.php?rest_route=\/wp\/v2\/posts\/31196\/revisions"}],"predecessor-version":[{"id":31199,"href":"https:\/\/www.sportchaco.com.ar\/index.php?rest_route=\/wp\/v2\/posts\/31196\/revisions\/31199"}],"wp:featuredmedia":[{"embeddable":true,"href":"https:\/\/www.sportchaco.com.ar\/index.php?rest_route=\/wp\/v2\/media\/31197"}],"wp:attachment":[{"href":"https:\/\/www.sportchaco.com.ar\/index.php?rest_route=%2Fwp%2Fv2%2Fmedia&parent=31196"}],"wp:term":[{"taxonomy":"category","embeddable":true,"href":"https:\/\/www.sportchaco.com.ar\/index.php?rest_route=%2Fwp%2Fv2%2Fcategories&post=31196"},{"taxonomy":"post_tag","embeddable":true,"href":"https:\/\/www.sportchaco.com.ar\/index.php?rest_route=%2Fwp%2Fv2%2Ftags&post=31196"}],"curies":[{"name":"wp","href":"https:\/\/api.w.org\/{rel}","templated":true}]}}