{"id":31255,"date":"2026-01-13T00:07:07","date_gmt":"2026-01-13T03:07:07","guid":{"rendered":"https:\/\/www.sportchaco.com.ar\/?p=31255"},"modified":"2026-01-14T11:53:53","modified_gmt":"2026-01-14T14:53:53","slug":"efemerides-del-13-de-enero-2","status":"publish","type":"post","link":"https:\/\/www.sportchaco.com.ar\/?p=31255","title":{"rendered":"Efem\u00e9rides del 13 de enero"},"content":{"rendered":"<div class=\"container fullwidth-entry-title-wrapper\">\n<div class=\"container-wrapper fullwidth-entry-title\">\n<header class=\"entry-header-outer\">\n<div class=\"entry-header\">\n<div class=\"single-post-meta post-meta clearfix\">\n<div class=\"tie-alignright\"><\/div>\n<\/div>\n<\/div>\n<\/header>\n<\/div>\n<\/div>\n<div id=\"content\" class=\"site-content container\">\n<div id=\"main-content-row\" class=\"tie-row main-content-row\">\n<div class=\"main-content tie-col-md-8 tie-col-xs-12\" role=\"main\">\n<article id=\"the-post\" class=\"container-wrapper post-content tie-standard\">\n<div class=\"featured-area\">\n<div class=\"featured-area-inner\"><\/div>\n<\/div>\n<div class=\"entry-content entry clearfix\">\n<div class=\"container fullwidth-entry-title-wrapper\">\n<div class=\"container-wrapper fullwidth-entry-title\">\n<header class=\"entry-header-outer\">\n<div class=\"entry-header\">\n<h5 class=\"post-title entry-title\"><em>Foto portada de Alfredo Flores y Luis Dar\u00edo Molodezky<\/em><\/h5>\n<div class=\"single-post-meta post-meta clearfix\"><\/div>\n<\/div>\n<\/header>\n<\/div>\n<\/div>\n<div id=\"content\" class=\"site-content container\">\n<div id=\"main-content-row\" class=\"tie-row main-content-row\">\n<div class=\"main-content tie-col-md-8 tie-col-xs-12\" role=\"main\">\n<article id=\"the-post\" class=\"container-wrapper post-content tie-standard\">\n<div class=\"featured-area\">\n<div class=\"featured-area-inner\"><\/div>\n<\/div>\n<div class=\"entry-content entry clearfix\">\n<h5 style=\"text-align: center;\"><strong>Esta es la Efem\u00e9rides del Deporte en el Chaco de un 13 de enero del periodista Luis Dar\u00edo Molodezky<\/strong><\/h5>\n<p style=\"text-align: center;\"><strong><img loading=\"lazy\" decoding=\"async\" class=\"alignnone size-medium wp-image-31257\" src=\"https:\/\/www.sportchaco.com.ar\/wp-content\/uploads\/2026\/01\/Luis-ago-2025-300x200.jpg\" alt=\"\" width=\"300\" height=\"200\" srcset=\"https:\/\/www.sportchaco.com.ar\/wp-content\/uploads\/2026\/01\/Luis-ago-2025-300x200.jpg 300w, https:\/\/www.sportchaco.com.ar\/wp-content\/uploads\/2026\/01\/Luis-ago-2025-768x513.jpg 768w, https:\/\/www.sportchaco.com.ar\/wp-content\/uploads\/2026\/01\/Luis-ago-2025.jpg 957w\" sizes=\"auto, (max-width: 300px) 100vw, 300px\" \/><\/strong><\/p>\n<p>&nbsp;<\/p>\n<p><img loading=\"lazy\" decoding=\"async\" class=\"alignnone size-medium wp-image-31265 aligncenter\" src=\"https:\/\/www.sportchaco.com.ar\/wp-content\/uploads\/2026\/01\/320x50-300x48.gif\" alt=\"\" width=\"300\" height=\"48\" \/><\/p>\n<p><strong>1952\u00a0<\/strong>\/ Nace el Club Capit\u00e1n Solari de La Leonesa, en el desaparecido bar La Moneda, conformado por un grupo de jugadores que no ten\u00edan cabida en los clubes de Las Palmas.<\/p>\n<p><strong>1980\u00a0<\/strong>\/ Se realiza la competencia de F-1 Internacional en el Aut\u00f3dromo de Buenos Aires. Estuvo presente el equipo de automovilismo de LT5 Radio Chaco \u201cEn Carrera\u201d integrado por Alfredo Flores y Luis Dar\u00edo Molodezky, con la participaci\u00f3n especial de Adolfo Carrara. En estudios centrales Carlos Obreg\u00f3n y Francisco Ayala. El triunfo fue para Alan Jones con Williams, s\u00e9ptimo fue Ricardo Zunino y Carlos Reutemann abandon\u00f3 en la vuelta 12.<\/p>\n<p><img loading=\"lazy\" decoding=\"async\" class=\"alignnone size-medium wp-image-31309 aligncenter\" src=\"https:\/\/www.sportchaco.com.ar\/wp-content\/uploads\/2026\/01\/F-1-En-carrera-240x300.jpg\" alt=\"\" width=\"240\" height=\"300\" srcset=\"https:\/\/www.sportchaco.com.ar\/wp-content\/uploads\/2026\/01\/F-1-En-carrera-240x300.jpg 240w, https:\/\/www.sportchaco.com.ar\/wp-content\/uploads\/2026\/01\/F-1-En-carrera-820x1024.jpg 820w, https:\/\/www.sportchaco.com.ar\/wp-content\/uploads\/2026\/01\/F-1-En-carrera-768x959.jpg 768w, https:\/\/www.sportchaco.com.ar\/wp-content\/uploads\/2026\/01\/F-1-En-carrera.jpg 951w\" sizes=\"auto, (max-width: 240px) 100vw, 240px\" \/><\/p>\n<p><strong>1985\u00a0<\/strong>\/ Ra\u00fal Bittel del Club del Progreso se adjudica el torneo de verano 1985, organizado por el C\u00edrculo de Ajedrez Barranqueras, seguido por Miguel Centuri\u00f3n. En juveniles gan\u00f3 Dante Dellamea de Regatas.<\/p>\n<p><strong>2006\u00a0<\/strong>\/ La futbolista Luciana Barboza es consagrada con el premio Villa \u00c1ngela de Oro, en el marco de la entrega de trofeos para destacados y distinguidos en el deporte a lo largo del 2005.<\/p>\n<p><strong>2006\u00a0<\/strong>\/ El C\u00edrculo de Periodistas Deportivos de S\u00e1enz Pe\u00f1a, consagra como deportista del a\u00f1o 2005 al ciclista Cristian Leyes, campe\u00f3n del Nacional Infanto Juvenil de Ciclismo.<\/p>\n<p>&nbsp;<\/p>\n<p><img loading=\"lazy\" decoding=\"async\" class=\"attachment-jannah-image-post size-jannah-image-post wp-post-image\" src=\"https:\/\/www.sportchaco.com.ar\/wp-content\/uploads\/2025\/01\/cRISTIAN-LEYES-ECO-768x432-1.jpg\" sizes=\"auto, (max-width: 768px) 100vw, 768px\" srcset=\"https:\/\/www.sportchaco.com.ar\/wp-content\/uploads\/2025\/01\/cRISTIAN-LEYES-ECO-768x432-1.jpg 768w, https:\/\/www.sportchaco.com.ar\/wp-content\/uploads\/2025\/01\/cRISTIAN-LEYES-ECO-768x432-1-300x169.jpg 300w, https:\/\/www.sportchaco.com.ar\/wp-content\/uploads\/2025\/01\/cRISTIAN-LEYES-ECO-768x432-1-390x220.jpg 390w\" alt=\"\" width=\"768\" height=\"432\" data-main-img=\"1\" \/><\/p>\n<h3><em>Foto de Cristian Leyes<\/em><\/h3>\n<p>&nbsp;<\/p>\n<p style=\"text-align: center;\"><img loading=\"lazy\" decoding=\"async\" class=\"alignnone size-medium wp-image-31104\" src=\"https:\/\/www.sportchaco.com.ar\/wp-content\/uploads\/2026\/01\/Agua-Segura_1080x1350-37-240x300.gif\" alt=\"\" width=\"240\" height=\"300\" srcset=\"https:\/\/www.sportchaco.com.ar\/wp-content\/uploads\/2026\/01\/Agua-Segura_1080x1350-37-240x300.gif 240w, https:\/\/www.sportchaco.com.ar\/wp-content\/uploads\/2026\/01\/Agua-Segura_1080x1350-37-819x1024.gif 819w, https:\/\/www.sportchaco.com.ar\/wp-content\/uploads\/2026\/01\/Agua-Segura_1080x1350-37-768x960.gif 768w\" sizes=\"auto, (max-width: 240px) 100vw, 240px\" \/> <img loading=\"lazy\" decoding=\"async\" class=\"alignnone size-medium wp-image-31103\" src=\"https:\/\/www.sportchaco.com.ar\/wp-content\/uploads\/2026\/01\/1080x1350-240x300.gif\" alt=\"\" width=\"240\" height=\"300\" srcset=\"https:\/\/www.sportchaco.com.ar\/wp-content\/uploads\/2026\/01\/1080x1350-240x300.gif 240w, https:\/\/www.sportchaco.com.ar\/wp-content\/uploads\/2026\/01\/1080x1350-819x1024.gif 819w, https:\/\/www.sportchaco.com.ar\/wp-content\/uploads\/2026\/01\/1080x1350-768x960.gif 768w\" sizes=\"auto, (max-width: 240px) 100vw, 240px\" \/><\/p>\n<\/div>\n<\/article>\n<\/div>\n<\/div>\n<\/div>\n<\/div>\n<\/article>\n<\/div>\n<\/div>\n<\/div>\n","protected":false},"excerpt":{"rendered":"<p>Foto portada de Alfredo Flores y Luis Dar\u00edo Molodezky Esta es la Efem\u00e9rides del Deporte en el Chaco de un 13 de enero del periodista Luis Dar\u00edo Molodezky &nbsp; 1952\u00a0\/ Nace el Club Capit\u00e1n Solari de La Leonesa, en el desaparecido bar La Moneda, conformado por un grupo de jugadores que no ten\u00edan cabida en &hellip;<\/p>\n","protected":false},"author":2,"featured_media":31258,"comment_status":"open","ping_status":"open","sticky":false,"template":"","format":"standard","meta":{"footnotes":""},"categories":[45,31],"tags":[],"class_list":["post-31255","post","type-post","status-publish","format-standard","has-post-thumbnail","hentry","category-efemerides-dia-por-dia","category-enero"],"_links":{"self":[{"href":"https:\/\/www.sportchaco.com.ar\/index.php?rest_route=\/wp\/v2\/posts\/31255","targetHints":{"allow":["GET"]}}],"collection":[{"href":"https:\/\/www.sportchaco.com.ar\/index.php?rest_route=\/wp\/v2\/posts"}],"about":[{"href":"https:\/\/www.sportchaco.com.ar\/index.php?rest_route=\/wp\/v2\/types\/post"}],"author":[{"embeddable":true,"href":"https:\/\/www.sportchaco.com.ar\/index.php?rest_route=\/wp\/v2\/users\/2"}],"replies":[{"embeddable":true,"href":"https:\/\/www.sportchaco.com.ar\/index.php?rest_route=%2Fwp%2Fv2%2Fcomments&post=31255"}],"version-history":[{"count":3,"href":"https:\/\/www.sportchaco.com.ar\/index.php?rest_route=\/wp\/v2\/posts\/31255\/revisions"}],"predecessor-version":[{"id":31310,"href":"https:\/\/www.sportchaco.com.ar\/index.php?rest_route=\/wp\/v2\/posts\/31255\/revisions\/31310"}],"wp:featuredmedia":[{"embeddable":true,"href":"https:\/\/www.sportchaco.com.ar\/index.php?rest_route=\/wp\/v2\/media\/31258"}],"wp:attachment":[{"href":"https:\/\/www.sportchaco.com.ar\/index.php?rest_route=%2Fwp%2Fv2%2Fmedia&parent=31255"}],"wp:term":[{"taxonomy":"category","embeddable":true,"href":"https:\/\/www.sportchaco.com.ar\/index.php?rest_route=%2Fwp%2Fv2%2Fcategories&post=31255"},{"taxonomy":"post_tag","embeddable":true,"href":"https:\/\/www.sportchaco.com.ar\/index.php?rest_route=%2Fwp%2Fv2%2Ftags&post=31255"}],"curies":[{"name":"wp","href":"https:\/\/api.w.org\/{rel}","templated":true}]}}