{"id":31273,"date":"2026-01-13T22:12:20","date_gmt":"2026-01-14T01:12:20","guid":{"rendered":"https:\/\/www.sportchaco.com.ar\/?p=31273"},"modified":"2026-01-13T22:13:09","modified_gmt":"2026-01-14T01:13:09","slug":"italiana-apuesta-fuerte-con-leandro-cedaro-en-rugby","status":"publish","type":"post","link":"https:\/\/www.sportchaco.com.ar\/?p=31273","title":{"rendered":"Italiana apuesta fuerte con Leandro Cedaro en Rugby"},"content":{"rendered":"<header>\n<h5><strong><em>Foto portada: Leandro Cedaro es el nuevo entrenador del equipo de rugby de Italiana de Charata.<\/em><\/strong><\/h5>\n<h5>Leandro Cedaro: \u00abHincapi\u00e9 en lo deportivo, en la integridad f\u00edsica y mental del jugador\u00bb. El ex jugador remarc\u00f3 que se apuesta no solo al deporte, sin\u00f3 a la familia del jugador, amigos, trabajo, que que todo tenga coherencia.<\/h5>\n<div class=\"meta\"><\/div>\n<\/header>\n<section class=\"body\">\n<section class=\"content\">\n<div class=\"main-text\">\n<div class=\"social\">\n<div class=\"share\"><\/div>\n<\/div>\n<p>El presidente de Asociaci\u00f3n Italiana de Charata, Marcelo Golob, present\u00f3 oficialmente a Leandro Cedaro como nuevo entrenador del equipo de rugby. Tambi\u00e9n destac\u00f3 que la nueva subcomisi\u00f3n de este deporte, que tendr\u00e1 a Pablo Garnier al frente de la misma.<\/p>\n<div class=\" original m_image\" style=\"text-align: center;\">\n<figure><img loading=\"lazy\" decoding=\"async\" class=\"alignnone size-medium wp-image-31275\" src=\"https:\/\/www.sportchaco.com.ar\/wp-content\/uploads\/2026\/01\/WhatsApp-Image-2026-01-13-at-10.45.08-5-300x300.jpeg\" alt=\"\" width=\"300\" height=\"300\" srcset=\"https:\/\/www.sportchaco.com.ar\/wp-content\/uploads\/2026\/01\/WhatsApp-Image-2026-01-13-at-10.45.08-5-300x300.jpeg 300w, https:\/\/www.sportchaco.com.ar\/wp-content\/uploads\/2026\/01\/WhatsApp-Image-2026-01-13-at-10.45.08-5-150x150.jpeg 150w, https:\/\/www.sportchaco.com.ar\/wp-content\/uploads\/2026\/01\/WhatsApp-Image-2026-01-13-at-10.45.08-5.jpeg 521w\" sizes=\"auto, (max-width: 300px) 100vw, 300px\" \/><figcaption><\/figcaption><\/figure>\n<\/div>\n<p>\u00abLa grata noticia para llevarle a toda la gente de Asociaci\u00f3n Italiana, a sus deportistas, a sus socios, y por qu\u00e9 no tambi\u00e9n a toda nuestra comunidad y ciudades vecinas, de presentarles la nueva subcomisi\u00f3n de rugby. A este deporte lo tenemos incorporado al club desde el a\u00f1o 2005. Esta actividad tan noble, deportiva, por su respeto. Su disciplina se inicia cuando Italiana empieza a tomar uso y crecer y desarrollarse en el coraz\u00f3n del barrio ULM, con sus 8 hect\u00e1reas, donde tenemos un centro educativo, deportivo y recreativo, y tambi\u00e9n social\u00bb, dijo Marcelo Golob.<\/p>\n<p>Y a\u00f1adi\u00f3: \u00abVale la importancia de destacar que estamos hace 20 a\u00f1os haciendo rugby, pero es el deporte m\u00e1s juvenil dentro de nuestra rica historia institucional. Nosotros contentos, conformes porque hay un grupo de personas que se acerc\u00f3 para generar ox\u00edgeno, renovaci\u00f3n, y la verdad que nos sentimos muy complacidos, y vamos a acompa\u00f1ar desde la comisi\u00f3n directiva estos nuevos a\u00f1os\u00bb.<\/p>\n<p>\u00abPor supuesto estamos agradeciendo todo lo que pas\u00f3 para atr\u00e1s porque tambi\u00e9n no hay que perder la memoria de toda la gente que trabaj\u00f3 para que tengamos esta actividad. Esta nueva subcomisi\u00f3n, que va a estar dirigida por Pablo Garnier, que muchos de ustedes lo conocen ac\u00e1, ya que tiene otras actividades y tambi\u00e9n la presentaci\u00f3n de Leandro Cedaro, un exrugbier que tambi\u00e9n viene a acompa\u00f1arnos y va a cumplir la funci\u00f3n de entrenador principal\u00bb, remarc\u00f3 Marcelo Golob.<\/p>\n<p><strong>LA LLEGADA A ITALIANA<\/strong><\/p>\n<p>Hace dos a\u00f1os volvi\u00f3 al Chaco luego de varias temporadas en el rugby de Francia. Su esposa y sus hijas son francesas. Hace d\u00edas atr\u00e1s lo presentaron como el nuevo entrenador de Asociaci\u00f3n Italiana en Charata, un lindo desaf\u00edo para alguien que lleva el deporte en la sangre.<\/p>\n<p>En contacto con NORTE, Leandro Cedaro dej\u00f3 en claro lo que quiere para la instituci\u00f3n a la hora de defender los colores del \u00abTano\u00bb. \u00abHaremos hincapi\u00e9 en la parte deportiva, en la integridad f\u00edsica y mental del jugador. Siempre en el disfrute, sabiendo que es una disciplina amateur. La idea es la de darle vida y activar el club, activarlo a\u00fan m\u00e1s para que represente a Italiana de la mejor manera, frente a todas sus competencias\u00bb, remarc\u00f3.<\/p>\n<p>\u00abNosotros estamos trabajando, ya hace un tiempo largo, en la parte deportiva y tambi\u00e9n en la parte de contenidos hacia el jugador. Siempre con esta idea de buscar la mejor versi\u00f3n del atleta en su integridad. Hay que hacer un trabajo fino en el contenido que se le da a los chicos, a los atletas. Por eso, creo fuertemente que este proyecto, si la subcomisi\u00f3n y el cuerpo t\u00e9cnico trabajamos en conjunto, no tendr\u00eda que haber ning\u00fan tipo de problema de que los objetivos se lleven a cabo, que los mismos se puedan cumplir\u00bb, sentenci\u00f3.<\/p>\n<p>Y a\u00f1adi\u00f3: \u00abSe apunta no solo en el deporte, sino tambi\u00e9n en la familia del jugador, en sus amigos, en su trabajo y para que todo tenga una integridad y una coherencia para que el jugador est\u00e9 conforme y contento con esta disciplina\u00bb.<\/p>\n<div class=\"center medium m_image\">\n<figure><picture><source srcset=\"https:\/\/www.diarionorte.com\/content\/bucket\/7\/443097w380h265c.jpg.webp\" type=\"image\/webp\" media=\"(min-width: 640px)\" \/><source srcset=\"https:\/\/www.diarionorte.com\/content\/bucket\/7\/443097w440h307c.jpg.webp\" type=\"image\/webp\" media=\"(min-width: 300px)\" \/><source srcset=\"https:\/\/www.diarionorte.com\/content\/bucket\/7\/443097w380h265c.jpg\" media=\"(min-width: 300px)\" \/><img loading=\"lazy\" decoding=\"async\" class=\"pic aligncenter\" src=\"https:\/\/www.diarionorte.com\/content\/bucket\/7\/443097w380h265c.jpg.webp\" alt=\"\" width=\"380\" height=\"265\" \/><\/picture><figcaption><em><em><strong>Marcelo Golob present\u00f3 a la nueva subcomisi\u00f3n de rugby, que tendr\u00e1 a Pablo Garnier al frente de la misma.<\/strong><\/em><\/em>&nbsp;<\/p>\n<\/figcaption><\/figure>\n<\/div>\n<p><strong>LA MALA IMAGEN DEL RUGBY<\/strong><\/p>\n<p>\u00abEn los \u00faltimos tiempos, en lo que tiene que ver con noticias, lamentablemente el rugby no fue bien visto porque fue protagonista de algunos hechos de violencia. Pero es importante reconocer o destacar que el rugby tiene buenos valores, no quiere decir que lo realicemos o que nosotros demos el ejemplo muchas veces. No olvidemos que el rugby es un deporte de contacto, donde es cuerpo contra cuerpo, entonces hay que prepararse mentalmente, f\u00edsicamente para afrontar eso\u00bb, explic\u00f3 Leandro Cedaro.<\/p>\n<p>\u00ab\u00bfY mentalmente c\u00f3mo uno se prepara?, aceptando que vamos a tener un impacto, aceptando que a veces se pierde, aceptando que a veces se gana, c\u00f3mo reaccionamos con eso. Cuando se pierde en el impacto, en el afrontamiento, bueno, ah\u00ed es donde el cerebro tiene que estar preparado para reaccionar de la mejor manera posible, es lo que hoy actualmente se llama la inteligencia emocional\u00bb, destac\u00f3. Fuente Diario Norte<\/p>\n<p><img loading=\"lazy\" decoding=\"async\" class=\"alignnone size-medium wp-image-31276 aligncenter\" src=\"https:\/\/www.sportchaco.com.ar\/wp-content\/uploads\/2026\/01\/WhatsApp-Image-2026-01-13-at-10.45.08-3-300x300.jpeg\" alt=\"\" width=\"300\" height=\"300\" srcset=\"https:\/\/www.sportchaco.com.ar\/wp-content\/uploads\/2026\/01\/WhatsApp-Image-2026-01-13-at-10.45.08-3-300x300.jpeg 300w, https:\/\/www.sportchaco.com.ar\/wp-content\/uploads\/2026\/01\/WhatsApp-Image-2026-01-13-at-10.45.08-3-150x150.jpeg 150w, https:\/\/www.sportchaco.com.ar\/wp-content\/uploads\/2026\/01\/WhatsApp-Image-2026-01-13-at-10.45.08-3.jpeg 417w\" sizes=\"auto, (max-width: 300px) 100vw, 300px\" \/><\/p>\n<\/div>\n<\/section>\n<\/section>\n","protected":false},"excerpt":{"rendered":"<p>Foto portada: Leandro Cedaro es el nuevo entrenador del equipo de rugby de Italiana de Charata. Leandro Cedaro: \u00abHincapi\u00e9 en lo deportivo, en la integridad f\u00edsica y mental del jugador\u00bb. El ex jugador remarc\u00f3 que se apuesta no solo al deporte, sin\u00f3 a la familia del jugador, amigos, trabajo, que que todo tenga coherencia. El &hellip;<\/p>\n","protected":false},"author":2,"featured_media":31274,"comment_status":"open","ping_status":"open","sticky":false,"template":"","format":"standard","meta":{"footnotes":""},"categories":[7],"tags":[],"class_list":["post-31273","post","type-post","status-publish","format-standard","has-post-thumbnail","hentry","category-rugby"],"_links":{"self":[{"href":"https:\/\/www.sportchaco.com.ar\/index.php?rest_route=\/wp\/v2\/posts\/31273","targetHints":{"allow":["GET"]}}],"collection":[{"href":"https:\/\/www.sportchaco.com.ar\/index.php?rest_route=\/wp\/v2\/posts"}],"about":[{"href":"https:\/\/www.sportchaco.com.ar\/index.php?rest_route=\/wp\/v2\/types\/post"}],"author":[{"embeddable":true,"href":"https:\/\/www.sportchaco.com.ar\/index.php?rest_route=\/wp\/v2\/users\/2"}],"replies":[{"embeddable":true,"href":"https:\/\/www.sportchaco.com.ar\/index.php?rest_route=%2Fwp%2Fv2%2Fcomments&post=31273"}],"version-history":[{"count":3,"href":"https:\/\/www.sportchaco.com.ar\/index.php?rest_route=\/wp\/v2\/posts\/31273\/revisions"}],"predecessor-version":[{"id":31279,"href":"https:\/\/www.sportchaco.com.ar\/index.php?rest_route=\/wp\/v2\/posts\/31273\/revisions\/31279"}],"wp:featuredmedia":[{"embeddable":true,"href":"https:\/\/www.sportchaco.com.ar\/index.php?rest_route=\/wp\/v2\/media\/31274"}],"wp:attachment":[{"href":"https:\/\/www.sportchaco.com.ar\/index.php?rest_route=%2Fwp%2Fv2%2Fmedia&parent=31273"}],"wp:term":[{"taxonomy":"category","embeddable":true,"href":"https:\/\/www.sportchaco.com.ar\/index.php?rest_route=%2Fwp%2Fv2%2Fcategories&post=31273"},{"taxonomy":"post_tag","embeddable":true,"href":"https:\/\/www.sportchaco.com.ar\/index.php?rest_route=%2Fwp%2Fv2%2Ftags&post=31273"}],"curies":[{"name":"wp","href":"https:\/\/api.w.org\/{rel}","templated":true}]}}