{"id":31290,"date":"2026-01-13T22:24:19","date_gmt":"2026-01-14T01:24:19","guid":{"rendered":"https:\/\/www.sportchaco.com.ar\/?p=31290"},"modified":"2026-01-13T22:24:19","modified_gmt":"2026-01-14T01:24:19","slug":"efemerides-del-14-de-enero-3","status":"publish","type":"post","link":"https:\/\/www.sportchaco.com.ar\/?p=31290","title":{"rendered":"Efem\u00e9rides del 14 de enero"},"content":{"rendered":"<div class=\"container fullwidth-entry-title-wrapper\">\n<div class=\"container-wrapper fullwidth-entry-title\">\n<header class=\"entry-header-outer\">\n<div class=\"entry-header\">\n<h5><em><strong>Foto portada de Mar\u00eda Fernanda Lauro 2006<\/strong><\/em><\/h5>\n<\/div>\n<\/header>\n<\/div>\n<\/div>\n<div id=\"content\" class=\"site-content container\">\n<div id=\"main-content-row\" class=\"tie-row main-content-row\">\n<div class=\"main-content tie-col-md-8 tie-col-xs-12\" role=\"main\">\n<article id=\"the-post\" class=\"container-wrapper post-content tie-standard\">\n<div class=\"entry-content entry clearfix\">\n<div class=\"container fullwidth-entry-title-wrapper\">\n<div class=\"container-wrapper fullwidth-entry-title\">\n<header class=\"entry-header-outer\">\n<div class=\"entry-header\">\n<h1 class=\"post-title entry-title\"><\/h1>\n<div class=\"single-post-meta post-meta clearfix\"><\/div>\n<\/div>\n<\/header>\n<\/div>\n<\/div>\n<div id=\"content\" class=\"site-content container\">\n<div id=\"main-content-row\" class=\"tie-row main-content-row\">\n<div class=\"main-content tie-col-md-8 tie-col-xs-12\" role=\"main\">\n<article id=\"the-post\" class=\"container-wrapper post-content tie-standard\">\n<div class=\"featured-area\">\n<h5 class=\"featured-area-inner\"><\/h5>\n<\/div>\n<div class=\"entry-content entry clearfix\">\n<h5><strong>Esta es la Efem\u00e9rides del Deporte en el Chaco de un 14 de enero del periodista Luis Dar\u00edo Molodezky<\/strong><\/h5>\n<p style=\"text-align: center;\"><img loading=\"lazy\" decoding=\"async\" class=\"alignnone size-medium wp-image-31257\" src=\"https:\/\/www.sportchaco.com.ar\/wp-content\/uploads\/2026\/01\/Luis-ago-2025-300x200.jpg\" alt=\"\" width=\"300\" height=\"200\" srcset=\"https:\/\/www.sportchaco.com.ar\/wp-content\/uploads\/2026\/01\/Luis-ago-2025-300x200.jpg 300w, https:\/\/www.sportchaco.com.ar\/wp-content\/uploads\/2026\/01\/Luis-ago-2025-768x513.jpg 768w, https:\/\/www.sportchaco.com.ar\/wp-content\/uploads\/2026\/01\/Luis-ago-2025.jpg 957w\" sizes=\"auto, (max-width: 300px) 100vw, 300px\" \/><\/p>\n<p>&nbsp;<\/p>\n<p><strong>1940\u00a0<\/strong>\/ En la d\u00e9cada del 20 hab\u00eda nacido el Club Sportivo Fontana obra de obreros y empleados de la f\u00e1brica de tanino que mostraron su gran pasi\u00f3n por la pr\u00e1ctica del f\u00fatbol y a partir del 30 fueron animadores de los campeonatos de la Liga Chaque\u00f1a. Con la paralizaci\u00f3n de las actividades de la f\u00e1brica se complic\u00f3 la marcha del club, hasta que el 14 de enero de 1940 se dict\u00f3 un estatuto y reglamento que dio surgimiento al Club Social y Deportivo Fontana. En los primeros meses de la d\u00e9cada del 60 la entidad inaugur\u00f3 la cancha propia y la sede social. En 1969 obtuvo Fontana su primer t\u00edtulo de campe\u00f3n de primera A. Su primer presidente fue \u00c1ngel Bogado. Sus logros m\u00e1s importantes fueron campeonatos Oficial y Provincial de 1969 y el torneo Oficial 1997 de la Liga Chaque\u00f1a.<\/p>\n<p>&nbsp;<\/p>\n<p><strong>1980\u00a0<\/strong>\/ Fallece el dirigente de Sarmiento, Ram\u00f3n Manuel Serrano a los 59 a\u00f1os. Su pasi\u00f3n fueron el boxeo y el f\u00fatbol. Particip\u00f3 en diversos emprendimientos y fue delegado del decano en la Liga Chaque\u00f1a. Fue el impulsor de la actividad box\u00edstica en su club en la \u00faltima parte de la d\u00e9cada del 70.<\/p>\n<p>&nbsp;<\/p>\n<p><strong>1987\u00a0<\/strong>\/ Julio El\u00edas Musimessi se hace cargo de la conducci\u00f3n del Club General Belgrano de S\u00e1enz Pe\u00f1a, por un sueldo mensual y la concesi\u00f3n de la cantina de la entidad por el t\u00e9rmino de un a\u00f1o.<\/p>\n<p>&nbsp;<\/p>\n<p><strong>2006\u00a0<\/strong>\/ Mar\u00eda Fernanda Lauro junto a Guillermo Beacon en K2 doble mixto, se imponen en la regata m\u00e1s larga del mundo, que se disputa en el R\u00edo Negro de la provincia hom\u00f3nima, con palistas de diversas nacionalidades. La chaque\u00f1a se impuso en todas las etapas.<\/p>\n<p>&nbsp;<\/p>\n<p><strong>2006\u00a0<\/strong>\/ Destacadas actuaciones de nadadores chaque\u00f1os que toman parte de la tradicional competencia de aguas abiertas \u201cCruce Encarnaci\u00f3n-Posadas\u201d. Mariela Noguera se impone en la categor\u00eda Juvenil Damas, en tanto que Max Ungerer, en una de sus primeras actuaciones, sorprende al triunfar en Juveniles Caballeros y arribar sexto en la general.<\/p>\n<p>&nbsp;<\/p>\n<p><strong>2006\u00a0<\/strong>\/ Nace el Club Atl\u00e9tico Canallas del Sur Apodado\u00a0<em>El Lobo<\/em>. Tiene su sede en Edison y Calle 25, Resistencia. En el mismo a\u00f1o de su fundaci\u00f3n logr\u00f3 ganar el Clausura 2006 en la Primera \u201cB\u201d y luego ganarle la final a Deportivo Itat\u00ed por el ascenso directo. Su presencia en el c\u00edrculo mayor fue corta ya que s\u00f3lo pudo cosechar 9 puntos en 26 partidos. Tras otro a\u00f1o en el ascenso, retorn\u00f3 a la primera A. Su camiseta blanca con cuello rojo, una franja horizontal negra y otra vertical negra del lado izquierdo del cuerpo, manga derecha roja y manga izquierda negra; pantal\u00f3n y 00medias blancas.<\/p>\n<p>&nbsp;<\/p>\n<h3><\/h3>\n<p style=\"text-align: center;\"><img loading=\"lazy\" decoding=\"async\" class=\"alignnone size-medium wp-image-31276\" src=\"https:\/\/www.sportchaco.com.ar\/wp-content\/uploads\/2026\/01\/WhatsApp-Image-2026-01-13-at-10.45.08-3-300x300.jpeg\" alt=\"\" width=\"300\" height=\"300\" srcset=\"https:\/\/www.sportchaco.com.ar\/wp-content\/uploads\/2026\/01\/WhatsApp-Image-2026-01-13-at-10.45.08-3-300x300.jpeg 300w, https:\/\/www.sportchaco.com.ar\/wp-content\/uploads\/2026\/01\/WhatsApp-Image-2026-01-13-at-10.45.08-3-150x150.jpeg 150w, https:\/\/www.sportchaco.com.ar\/wp-content\/uploads\/2026\/01\/WhatsApp-Image-2026-01-13-at-10.45.08-3.jpeg 417w\" sizes=\"auto, (max-width: 300px) 100vw, 300px\" \/> <img loading=\"lazy\" decoding=\"async\" class=\"alignnone size-medium wp-image-31275\" src=\"https:\/\/www.sportchaco.com.ar\/wp-content\/uploads\/2026\/01\/WhatsApp-Image-2026-01-13-at-10.45.08-5-300x300.jpeg\" alt=\"\" width=\"300\" height=\"300\" srcset=\"https:\/\/www.sportchaco.com.ar\/wp-content\/uploads\/2026\/01\/WhatsApp-Image-2026-01-13-at-10.45.08-5-300x300.jpeg 300w, https:\/\/www.sportchaco.com.ar\/wp-content\/uploads\/2026\/01\/WhatsApp-Image-2026-01-13-at-10.45.08-5-150x150.jpeg 150w, https:\/\/www.sportchaco.com.ar\/wp-content\/uploads\/2026\/01\/WhatsApp-Image-2026-01-13-at-10.45.08-5.jpeg 521w\" sizes=\"auto, (max-width: 300px) 100vw, 300px\" \/><\/p>\n<\/div>\n<\/article>\n<\/div>\n<\/div>\n<\/div>\n<\/div>\n<\/article>\n<\/div>\n<\/div>\n<\/div>\n","protected":false},"excerpt":{"rendered":"<p>Foto portada de Mar\u00eda Fernanda Lauro 2006 Esta es la Efem\u00e9rides del Deporte en el Chaco de un 14 de enero del periodista Luis Dar\u00edo Molodezky &nbsp; 1940\u00a0\/ En la d\u00e9cada del 20 hab\u00eda nacido el Club Sportivo Fontana obra de obreros y empleados de la f\u00e1brica de tanino que mostraron su gran pasi\u00f3n por &hellip;<\/p>\n","protected":false},"author":2,"featured_media":31291,"comment_status":"open","ping_status":"open","sticky":false,"template":"","format":"standard","meta":{"footnotes":""},"categories":[45,31],"tags":[],"class_list":["post-31290","post","type-post","status-publish","format-standard","has-post-thumbnail","hentry","category-efemerides-dia-por-dia","category-enero"],"_links":{"self":[{"href":"https:\/\/www.sportchaco.com.ar\/index.php?rest_route=\/wp\/v2\/posts\/31290","targetHints":{"allow":["GET"]}}],"collection":[{"href":"https:\/\/www.sportchaco.com.ar\/index.php?rest_route=\/wp\/v2\/posts"}],"about":[{"href":"https:\/\/www.sportchaco.com.ar\/index.php?rest_route=\/wp\/v2\/types\/post"}],"author":[{"embeddable":true,"href":"https:\/\/www.sportchaco.com.ar\/index.php?rest_route=\/wp\/v2\/users\/2"}],"replies":[{"embeddable":true,"href":"https:\/\/www.sportchaco.com.ar\/index.php?rest_route=%2Fwp%2Fv2%2Fcomments&post=31290"}],"version-history":[{"count":1,"href":"https:\/\/www.sportchaco.com.ar\/index.php?rest_route=\/wp\/v2\/posts\/31290\/revisions"}],"predecessor-version":[{"id":31292,"href":"https:\/\/www.sportchaco.com.ar\/index.php?rest_route=\/wp\/v2\/posts\/31290\/revisions\/31292"}],"wp:featuredmedia":[{"embeddable":true,"href":"https:\/\/www.sportchaco.com.ar\/index.php?rest_route=\/wp\/v2\/media\/31291"}],"wp:attachment":[{"href":"https:\/\/www.sportchaco.com.ar\/index.php?rest_route=%2Fwp%2Fv2%2Fmedia&parent=31290"}],"wp:term":[{"taxonomy":"category","embeddable":true,"href":"https:\/\/www.sportchaco.com.ar\/index.php?rest_route=%2Fwp%2Fv2%2Fcategories&post=31290"},{"taxonomy":"post_tag","embeddable":true,"href":"https:\/\/www.sportchaco.com.ar\/index.php?rest_route=%2Fwp%2Fv2%2Ftags&post=31290"}],"curies":[{"name":"wp","href":"https:\/\/api.w.org\/{rel}","templated":true}]}}