{"id":31293,"date":"2026-01-14T23:23:20","date_gmt":"2026-01-15T02:23:20","guid":{"rendered":"https:\/\/www.sportchaco.com.ar\/?p=31293"},"modified":"2026-01-15T00:03:16","modified_gmt":"2026-01-15T03:03:16","slug":"31293","status":"publish","type":"post","link":"https:\/\/www.sportchaco.com.ar\/?p=31293","title":{"rendered":"Efem\u00e9rides del 15 de enero"},"content":{"rendered":"<h6><em>Foto portada de Luis Gandola\u00a0 con Ramiro de ni\u00f1o inic\u00e1ndose en el motociclismo<\/em><\/h6>\n<h5><strong>Esta es la Efem\u00e9rides del Deporte en el Chaco de un 15 de enero del periodista Luis Dar\u00edo Molodezky<\/strong><\/h5>\n<p><img loading=\"lazy\" decoding=\"async\" class=\"alignnone size-medium wp-image-30924 aligncenter\" src=\"https:\/\/www.sportchaco.com.ar\/wp-content\/uploads\/2026\/01\/Luis-2025-marzo-carita-sonriente-300x287.jpg\" alt=\"\" width=\"300\" height=\"287\" srcset=\"https:\/\/www.sportchaco.com.ar\/wp-content\/uploads\/2026\/01\/Luis-2025-marzo-carita-sonriente-300x287.jpg 300w, https:\/\/www.sportchaco.com.ar\/wp-content\/uploads\/2026\/01\/Luis-2025-marzo-carita-sonriente.jpg 383w\" sizes=\"auto, (max-width: 300px) 100vw, 300px\" \/><img loading=\"lazy\" decoding=\"async\" class=\"alignnone size-medium wp-image-31296\" src=\"https:\/\/www.sportchaco.com.ar\/wp-content\/uploads\/2026\/01\/Ahorros-de-Verano-BANNERS-WEB_320x50-300x47.gif\" alt=\"\" width=\"300\" height=\"47\" \/> <img loading=\"lazy\" decoding=\"async\" class=\"alignnone size-medium wp-image-31297\" src=\"https:\/\/www.sportchaco.com.ar\/wp-content\/uploads\/2026\/01\/Ahorros-de-Verano-BANNERS-WEB_720x90-20-300x38.gif\" alt=\"\" width=\"300\" height=\"38\" srcset=\"https:\/\/www.sportchaco.com.ar\/wp-content\/uploads\/2026\/01\/Ahorros-de-Verano-BANNERS-WEB_720x90-20-300x38.gif 300w, https:\/\/www.sportchaco.com.ar\/wp-content\/uploads\/2026\/01\/Ahorros-de-Verano-BANNERS-WEB_720x90-20-1024x128.gif 1024w, https:\/\/www.sportchaco.com.ar\/wp-content\/uploads\/2026\/01\/Ahorros-de-Verano-BANNERS-WEB_720x90-20-768x96.gif 768w\" sizes=\"auto, (max-width: 300px) 100vw, 300px\" \/><\/p>\n<p>&nbsp;<\/p>\n<p>&nbsp;<\/p>\n<p><strong>1950\u00a0<\/strong>\/ Marcos Goicoechea asume por tercera vez consecutiva como presidente de la Liga Chaque\u00f1a de F\u00fatbol.<\/p>\n<p><strong>1950\u00a0<\/strong>\/ El atleta Carlos Stefanolo bate el r\u00e9cord chaque\u00f1o de salto en garrocha, al registrar una marca de 3,30 metros. La anterior era de 3,15 metros.<\/p>\n<p><strong>1958\u00a0<\/strong>\/ Villa San Mart\u00edn, al vencer en el segundo partido y en tiempo suplementario al Deportivo Don Bosco por 65 a 63, se clasifica campe\u00f3n del Torneo Oficial de B\u00e1squetbol de la Asociaci\u00f3n de Resistencia.<\/p>\n<p><strong>2021 \/<\/strong>\u00a0Falleci\u00f3 un apasionado del motociclismo como Luis Gandola, mec\u00e1nico y director de equipo. Padre del malogrado Gonzalo y de Ramiro, m\u00faltiple campe\u00f3n en diversas categor\u00edas en la Argentina. Abuelo de Andr\u00e9s, tambi\u00e9n piloto.<\/p>\n<p><strong>2021 \/<\/strong>\u00a0Falleci\u00f3 a los 82 a\u00f1os Estanislao Gonz\u00e1lez, un ex arquero que fue figura en todos los equipos en los que jug\u00f3, consagr\u00e1ndose campe\u00f3n con V\u00e9lez Sarsfield (1964), Don Orione (1971) y Sarmiento (1972), adem\u00e1s de ser participe del plantel que gan\u00f3 la Copa Adri\u00e1n Beccar Varela y Presidente con el Seleccionado de la Liga Chaque\u00f1a (1968). Fue tentado por Lan\u00fas, pero prefiri\u00f3 quedarse en el Chaco. Como entrenador ascendi\u00f3 con San Fernando y V\u00e9lez Sarsfield. Trabaj\u00f3 toda su vida en Obras P\u00fablicas de la Provincia. Hab\u00eda nacido el 12 de noviembre de 1939.<\/p>\n<p>2022 \/ Fallece a los 71 a\u00f1os el ex basquetbolista y futbolista V\u00edctor Mario \u201cMarionca\u201d Romero, capit\u00e1n del equipo de Chaco campe\u00f3n argentino juvenil en 1967 en Posadas. Hijo del legendario jugador y entrenador V\u00edctor Good By\u00bb Romero, ten\u00eda habilidad especial para la pr\u00e1ctica de todos los deportes. En el b\u00e1squet un jugador dotado para manejar pelota y juego desde la base del equipo.<\/p>\n<p style=\"text-align: center;\"><img loading=\"lazy\" decoding=\"async\" class=\"alignnone size-full wp-image-31287\" src=\"https:\/\/www.sportchaco.com.ar\/wp-content\/uploads\/2026\/01\/WhatsApp-Image-2026-01-13-at-10.45.08.jpeg\" alt=\"\" width=\"300\" height=\"300\" srcset=\"https:\/\/www.sportchaco.com.ar\/wp-content\/uploads\/2026\/01\/WhatsApp-Image-2026-01-13-at-10.45.08.jpeg 300w, https:\/\/www.sportchaco.com.ar\/wp-content\/uploads\/2026\/01\/WhatsApp-Image-2026-01-13-at-10.45.08-150x150.jpeg 150w\" sizes=\"auto, (max-width: 300px) 100vw, 300px\" \/> <img loading=\"lazy\" decoding=\"async\" class=\"alignnone size-medium wp-image-31276\" src=\"https:\/\/www.sportchaco.com.ar\/wp-content\/uploads\/2026\/01\/WhatsApp-Image-2026-01-13-at-10.45.08-3-300x300.jpeg\" alt=\"\" width=\"300\" height=\"300\" srcset=\"https:\/\/www.sportchaco.com.ar\/wp-content\/uploads\/2026\/01\/WhatsApp-Image-2026-01-13-at-10.45.08-3-300x300.jpeg 300w, https:\/\/www.sportchaco.com.ar\/wp-content\/uploads\/2026\/01\/WhatsApp-Image-2026-01-13-at-10.45.08-3-150x150.jpeg 150w, https:\/\/www.sportchaco.com.ar\/wp-content\/uploads\/2026\/01\/WhatsApp-Image-2026-01-13-at-10.45.08-3.jpeg 417w\" sizes=\"auto, (max-width: 300px) 100vw, 300px\" \/><\/p>\n<p>&nbsp;<\/p>\n<p>.<\/p>\n<h6><\/h6>\n","protected":false},"excerpt":{"rendered":"<p>Foto portada de Luis Gandola\u00a0 con Ramiro de ni\u00f1o inic\u00e1ndose en el motociclismo Esta es la Efem\u00e9rides del Deporte en el Chaco de un 15 de enero del periodista Luis Dar\u00edo Molodezky &nbsp; &nbsp; 1950\u00a0\/ Marcos Goicoechea asume por tercera vez consecutiva como presidente de la Liga Chaque\u00f1a de F\u00fatbol. 1950\u00a0\/ El atleta Carlos Stefanolo &hellip;<\/p>\n","protected":false},"author":2,"featured_media":31294,"comment_status":"open","ping_status":"open","sticky":false,"template":"","format":"standard","meta":{"footnotes":""},"categories":[45,31],"tags":[],"class_list":["post-31293","post","type-post","status-publish","format-standard","has-post-thumbnail","hentry","category-efemerides-dia-por-dia","category-enero"],"_links":{"self":[{"href":"https:\/\/www.sportchaco.com.ar\/index.php?rest_route=\/wp\/v2\/posts\/31293","targetHints":{"allow":["GET"]}}],"collection":[{"href":"https:\/\/www.sportchaco.com.ar\/index.php?rest_route=\/wp\/v2\/posts"}],"about":[{"href":"https:\/\/www.sportchaco.com.ar\/index.php?rest_route=\/wp\/v2\/types\/post"}],"author":[{"embeddable":true,"href":"https:\/\/www.sportchaco.com.ar\/index.php?rest_route=\/wp\/v2\/users\/2"}],"replies":[{"embeddable":true,"href":"https:\/\/www.sportchaco.com.ar\/index.php?rest_route=%2Fwp%2Fv2%2Fcomments&post=31293"}],"version-history":[{"count":2,"href":"https:\/\/www.sportchaco.com.ar\/index.php?rest_route=\/wp\/v2\/posts\/31293\/revisions"}],"predecessor-version":[{"id":31299,"href":"https:\/\/www.sportchaco.com.ar\/index.php?rest_route=\/wp\/v2\/posts\/31293\/revisions\/31299"}],"wp:featuredmedia":[{"embeddable":true,"href":"https:\/\/www.sportchaco.com.ar\/index.php?rest_route=\/wp\/v2\/media\/31294"}],"wp:attachment":[{"href":"https:\/\/www.sportchaco.com.ar\/index.php?rest_route=%2Fwp%2Fv2%2Fmedia&parent=31293"}],"wp:term":[{"taxonomy":"category","embeddable":true,"href":"https:\/\/www.sportchaco.com.ar\/index.php?rest_route=%2Fwp%2Fv2%2Fcategories&post=31293"},{"taxonomy":"post_tag","embeddable":true,"href":"https:\/\/www.sportchaco.com.ar\/index.php?rest_route=%2Fwp%2Fv2%2Ftags&post=31293"}],"curies":[{"name":"wp","href":"https:\/\/api.w.org\/{rel}","templated":true}]}}