{"id":31300,"date":"2026-01-14T11:28:41","date_gmt":"2026-01-14T14:28:41","guid":{"rendered":"https:\/\/www.sportchaco.com.ar\/?p=31300"},"modified":"2026-01-14T18:57:21","modified_gmt":"2026-01-14T21:57:21","slug":"el-diablito-listo-paa-debutar-en-girona","status":"publish","type":"post","link":"https:\/\/www.sportchaco.com.ar\/?p=31300","title":{"rendered":"El diablito listo paa debutar en Girona"},"content":{"rendered":"<header>\n<h1><\/h1>\n<div>\n<h5>Hace ya tres semanas que el chaque\u00f1o Claudio \u00abDiablito\u00bb Echeverri calienta motores en Girona, el destino elegido por Manchester City, tras repescarlo desde Bayer Leverkusen, donde jug\u00f3 a cuentagotas el \u00faltimo semestre. Sin embargo, reci\u00e9n este martes recibi\u00f3 el visto bueno para poder jugar oficialmente.<\/h5>\n<\/div>\n<div class=\"meta\"><\/div>\n<\/header>\n<section class=\"body\">\n<section class=\"content\">\n<div class=\"main-text\">\n<div class=\"social\">\n<div class=\"share\"><\/div>\n<\/div>\n<p>El ex River ven\u00eda movi\u00e9ndose a la sombra en su nuevo equipo porque el cupo de extranjeros estaba cubierto. Hasta ayer, que se concret\u00f3 finalmente la venta del colombiano John Elmer Sol\u00eds a Birmingham tras varios idas y vueltas.<\/p>\n<div class=\" large m_image\"><\/div>\n<p>Esto le abri\u00f3 camino en el plantel y le permitir\u00e1, no solo ser presentado como nuevo refuerzo, sino vestir p\u00fablicamente la indumentaria blanquirroja y estar a disposici\u00f3n para el partido de este viernes, a las 17, contra Espanyol de Barcelona. Su t\u00e9cnico M\u00edchel lo ve en plenitud f\u00edsica y futbol\u00edstica y no se descarta que, al menos, integre la lista de convocados para la pr\u00f3xima fecha de La Liga.<\/p>\n<p>\u00abEs un jugador que necesitamos mucho porque aclara las situaciones del \u00faltimo tercio del campo con pases, con finalizaci\u00f3n individual y con su mentalidad \u00abtop\u00bb para mirar al arco contrario\u00bb, dijo M\u00edchel sobre el \u00abDiablito\u00bb.<\/p>\n<p>Tras su paso en falso en Alemania, con apenas once encuentros sin goles y solo tres como titular, la idea de este nuevo pr\u00e9stamo es para que Echeverri pueda aclimatarse al f\u00fatbol europeo y acumular confianza y minutos de calidad para volver a los brazos de Pep Guardiola.<\/p>\n<p>Si bien hizo fuerzas para cruzarse otra vez la banda roja de River, finalmente Girona, propiedad del City Group, se qued\u00f3 con su f\u00fatbol vertiginoso y le confeccion\u00f3 un breve contrato hasta junio de 2026, con un asterisco para poder volver a Inglaterra si explota todo su potencial y el DT espa\u00f1ol lo necesita.<\/p>\n<p style=\"text-align: center;\"><img loading=\"lazy\" decoding=\"async\" class=\"alignnone size-medium wp-image-31295\" src=\"https:\/\/www.sportchaco.com.ar\/wp-content\/uploads\/2026\/01\/Ahorros-de-Verano-BANNERS-WEB_1080x1350-28-240x300.gif\" alt=\"\" width=\"240\" height=\"300\" srcset=\"https:\/\/www.sportchaco.com.ar\/wp-content\/uploads\/2026\/01\/Ahorros-de-Verano-BANNERS-WEB_1080x1350-28-240x300.gif 240w, https:\/\/www.sportchaco.com.ar\/wp-content\/uploads\/2026\/01\/Ahorros-de-Verano-BANNERS-WEB_1080x1350-28-819x1024.gif 819w, https:\/\/www.sportchaco.com.ar\/wp-content\/uploads\/2026\/01\/Ahorros-de-Verano-BANNERS-WEB_1080x1350-28-768x960.gif 768w, https:\/\/www.sportchaco.com.ar\/wp-content\/uploads\/2026\/01\/Ahorros-de-Verano-BANNERS-WEB_1080x1350-28-1229x1536.gif 1229w, https:\/\/www.sportchaco.com.ar\/wp-content\/uploads\/2026\/01\/Ahorros-de-Verano-BANNERS-WEB_1080x1350-28-1639x2048.gif 1639w\" sizes=\"auto, (max-width: 240px) 100vw, 240px\" \/> <img loading=\"lazy\" decoding=\"async\" class=\"alignnone size-medium wp-image-31302\" src=\"https:\/\/www.sportchaco.com.ar\/wp-content\/uploads\/2026\/01\/Agua-Segura_200x200-05-300x300.gif\" alt=\"\" width=\"300\" height=\"300\" srcset=\"https:\/\/www.sportchaco.com.ar\/wp-content\/uploads\/2026\/01\/Agua-Segura_200x200-05-300x300.gif 300w, https:\/\/www.sportchaco.com.ar\/wp-content\/uploads\/2026\/01\/Agua-Segura_200x200-05-150x150.gif 150w\" sizes=\"auto, (max-width: 300px) 100vw, 300px\" \/><\/p>\n<\/div>\n<\/section>\n<\/section>\n","protected":false},"excerpt":{"rendered":"<p>Hace ya tres semanas que el chaque\u00f1o Claudio \u00abDiablito\u00bb Echeverri calienta motores en Girona, el destino elegido por Manchester City, tras repescarlo desde Bayer Leverkusen, donde jug\u00f3 a cuentagotas el \u00faltimo semestre. Sin embargo, reci\u00e9n este martes recibi\u00f3 el visto bueno para poder jugar oficialmente. El ex River ven\u00eda movi\u00e9ndose a la sombra en su &hellip;<\/p>\n","protected":false},"author":2,"featured_media":31303,"comment_status":"open","ping_status":"open","sticky":false,"template":"","format":"standard","meta":{"footnotes":""},"categories":[6],"tags":[],"class_list":["post-31300","post","type-post","status-publish","format-standard","has-post-thumbnail","hentry","category-internacionales"],"_links":{"self":[{"href":"https:\/\/www.sportchaco.com.ar\/index.php?rest_route=\/wp\/v2\/posts\/31300","targetHints":{"allow":["GET"]}}],"collection":[{"href":"https:\/\/www.sportchaco.com.ar\/index.php?rest_route=\/wp\/v2\/posts"}],"about":[{"href":"https:\/\/www.sportchaco.com.ar\/index.php?rest_route=\/wp\/v2\/types\/post"}],"author":[{"embeddable":true,"href":"https:\/\/www.sportchaco.com.ar\/index.php?rest_route=\/wp\/v2\/users\/2"}],"replies":[{"embeddable":true,"href":"https:\/\/www.sportchaco.com.ar\/index.php?rest_route=%2Fwp%2Fv2%2Fcomments&post=31300"}],"version-history":[{"count":2,"href":"https:\/\/www.sportchaco.com.ar\/index.php?rest_route=\/wp\/v2\/posts\/31300\/revisions"}],"predecessor-version":[{"id":31305,"href":"https:\/\/www.sportchaco.com.ar\/index.php?rest_route=\/wp\/v2\/posts\/31300\/revisions\/31305"}],"wp:featuredmedia":[{"embeddable":true,"href":"https:\/\/www.sportchaco.com.ar\/index.php?rest_route=\/wp\/v2\/media\/31303"}],"wp:attachment":[{"href":"https:\/\/www.sportchaco.com.ar\/index.php?rest_route=%2Fwp%2Fv2%2Fmedia&parent=31300"}],"wp:term":[{"taxonomy":"category","embeddable":true,"href":"https:\/\/www.sportchaco.com.ar\/index.php?rest_route=%2Fwp%2Fv2%2Fcategories&post=31300"},{"taxonomy":"post_tag","embeddable":true,"href":"https:\/\/www.sportchaco.com.ar\/index.php?rest_route=%2Fwp%2Fv2%2Ftags&post=31300"}],"curies":[{"name":"wp","href":"https:\/\/api.w.org\/{rel}","templated":true}]}}