{"id":31306,"date":"2026-01-14T11:34:39","date_gmt":"2026-01-14T14:34:39","guid":{"rendered":"https:\/\/www.sportchaco.com.ar\/?p=31306"},"modified":"2026-01-14T18:57:46","modified_gmt":"2026-01-14T21:57:46","slug":"boca-tiene-formacion-para-enfrentar-a-millonarios","status":"publish","type":"post","link":"https:\/\/www.sportchaco.com.ar\/?p=31306","title":{"rendered":"Boca tiene formaci\u00f3n para enfrentar a Millonarios"},"content":{"rendered":"<h1><em><strong><span style=\"font-size: 16px;\">Foto portada de Ander Herrera<\/span><\/strong><\/em><\/h1>\n<h1><\/h1>\n<h1><span style=\"font-size: 16px; font-weight: 400;\">14\/01\/2026<\/span><\/h1>\n<p>Con cambios en relaci\u00f3n al equipo que termin\u00f3 el 2025, \u00dabeda plantar\u00e1 el primer once del a\u00f1o para el debut -no oficial- en La Bombonera de este mi\u00e9rcoles, por la Copa Miguel \u00c1ngel Russo.<\/p>\n<div class=\"containerGrid\">\n<div class=\"col6 author\">\n<div><\/div>\n<\/div>\n<\/div>\n<figure data-modal-description=\"\" data-modal-image=\"https:\/\/media.tycsports.com\/files\/2025\/10\/17\/893408\/formacion-de-boca-placa-ubeda_w862.webp\"><img loading=\"lazy\" decoding=\"async\" class=\"mainImg r16x9 aligncenter\" title=\"Formaci\u00f3n de Boca (placa \u00dabeda)\" src=\"https:\/\/media.tycsports.com\/files\/2025\/10\/17\/893408\/formacion-de-boca-placa-ubeda_416x234.webp\" srcset=\"https:\/\/media.tycsports.com\/files\/2025\/10\/17\/893408\/formacion-de-boca-placa-ubeda_416x234.webp 960w,https:\/\/media.tycsports.com\/files\/2025\/10\/17\/893408\/formacion-de-boca-placa-ubeda_862x485.webp 1024w\" alt=\"Formaci\u00f3n de Boca (placa \u00dabeda)\" width=\"416\" height=\"234\" \/><\/figure>\n<p>&nbsp;<\/p>\n<p><a id=\"followGoogleBtn\" href=\"https:\/\/profile.google.com\/cp\/CgsvZy8xMjBtYzBrcg\" target=\"_blank\" rel=\"noopener\"><\/a><b>Boca se prepara para el primer desaf\u00edo del a\u00f1o.<\/b>\u00a0Con el Torneo Apertura a la vuelta de la esquina,\u00a0<b>este mi\u00e9rcoles se enfrentar\u00e1 a Millonarios en La Bombonera<\/b>\u00a0(19 horas) en el marco de un amistoso especial: se jugar\u00e1 la Copa Miguel \u00c1ngel Russo, en homenaje al fallecido exDT xeneize. Renovado en la idea, aunque por ahora no en los nombres -a la espera de la llegada de Marino Hinestroza-, Claudio \u00dabeda presentar\u00eda un nuevo esquema y la aparici\u00f3n de futbolistas que no ven\u00edan siendo titulares.<\/p>\n<div class=\"alsoReadContainer\">\n<h2 class=\"alsoReadText\"><\/h2>\n<\/div>\n<p><a href=\"https:\/\/www.tycsports.com\/boca-juniors\/boca-formacion-ubeda-millonarios-amistoso-id707435.html\" target=\"_blank\" rel=\"noopener\">En funci\u00f3n del ensayo formal que se desarroll\u00f3 el lunes en el predio de Ezeiza<\/a>, tras el d\u00eda libre del plantel, todos los caminos conducen a que habr\u00e1 algunas sorpresas en la formaci\u00f3n en relaci\u00f3n con la que cerr\u00f3 el 2025 ante Racing.<\/p>\n<p>Si \u00dabeda ratifica los nombres que prob\u00f3, las novedad m\u00e1s relevante en Boca pasa por\u00a0<b>la presencia de Ander Herrera desde el arranque,\u00a0<\/b>adem\u00e1s del cambio de dibujo t\u00e1ctico. El cuerpo t\u00e9cnico<b>\u00a0romper\u00eda con el 4-4-2 utilizado en el cierre del Clausura y apostar\u00eda por un 4-3-3<\/b>\u00a0bien marcado: un solo nueve de referencia, extremos bien abiertos y un mediocampo con mucha asociaci\u00f3n y din\u00e1mica. Mientras que, en el extremo derecho, persiste la \u00fanica inc\u00f3gnita:\u00a0<u>Kevin Zen\u00f3n o Brian Aguirre.<\/u><\/p>\n<p>&nbsp;<\/p>\n<div id=\"video-cb-1837390\" class=\"videoPlayer cb-async\" data-contentid=\"1837390\" data-islive=\"false\" data-imaads=\"true\" data-src-video=\"https:\/\/genoa-player-api.vodgc.net\/content\/manifest\/1837390?default_quality=480P&amp;pid=11\" data-poster=\"https:\/\/media.tycsports.com\/files\/2026\/01\/08\/914013\/ubeda-paro-el-primer-equipo-de-2026-sin-cavani-y-cambio-de-esquema-video-boca-juniors_267x356.webp\" data-videotitle=\"Ubeda par\u00f3 el primer equipo de 2026 sin Cavani y cambio de esquema (Video: Boca Juniors)\" data-related-videos=\"{&quot;related&quot;:[{&quot;title&quot;:&quot;El recuerdo de Paolo Guerrero de su paso por Racing&quot;,&quot;image&quot;:&quot;https:\/\/media.tycsports.com\/files\/2026\/01\/13\/914878\/el-recuerdo-de-paolo-guerrero-de-su-paso-por-racing_267x150.webp&quot;,&quot;href&quot;:&quot;https:\/\/www.tycsports.com\/video\/racing-club\/el-recuerdo-de-paolo-guerrero-de-su-paso-por-racing-id914878.html&quot;},{&quot;title&quot;:&quot;Paolo Guerrero y las dos veces que estuvo cerca de Boca&quot;,&quot;image&quot;:&quot;https:\/\/media.tycsports.com\/files\/2026\/01\/13\/914877\/paolo-guerrero-y-las-dos-veces-que-estuvo-cerca-de-boca_267x150.webp&quot;,&quot;href&quot;:&quot;https:\/\/www.tycsports.com\/video\/racing-club\/paolo-guerrero-y-las-dos-veces-que-estuvo-cerca-de-boca-id914877.html&quot;},{&quot;title&quot;:&quot;Ander Herrera record\u00f3 la primera vez que fue a La Bombonera&quot;,&quot;image&quot;:&quot;https:\/\/media.tycsports.com\/files\/2026\/01\/12\/914691\/ander-herrera-recordo-la-primera-vez-que-fue-a-la-bombonera_267x150.webp&quot;,&quot;href&quot;:&quot;https:\/\/www.tycsports.com\/video\/boca-juniors\/ander-herrera-recordo-la-primera-vez-que-fue-a-la-bombonera-id914691.html&quot;},{&quot;title&quot;:&quot;Por esta patada a Tom\u00e1s Fern\u00e1ndez, Pablo P\u00e9rez fue echado de la pr\u00e1ctica de Boca&quot;,&quot;image&quot;:&quot;https:\/\/media.tycsports.com\/files\/2026\/01\/12\/914591\/por-esta-patada-a-tomas-fernandez-pablo-perez-fue-echado-de-la-practica-de-boca_267x150.webp&quot;,&quot;href&quot;:&quot;https:\/\/www.tycsports.com\/video\/boca-juniors\/por-esta-patada-a-tomas-fernandez-pablo-perez-fue-echado-de-la-practica-de-boca-id914591.html&quot;},{&quot;title&quot;:&quot;El video de Hinestroza que sorprendi\u00f3 a todos en redes sociales&quot;,&quot;image&quot;:&quot;https:\/\/media.tycsports.com\/files\/2026\/01\/11\/914497\/el-video-de-hinestroza-que-sorprendio-a-todos-en-redes-sociales_267x150.webp&quot;,&quot;href&quot;:&quot;https:\/\/www.tycsports.com\/video\/boca-juniors\/el-video-de-hinestroza-que-sorprendio-a-todos-en-redes-sociales-id914497.html&quot;}]}\">\n<h4 class=\"videoTextTitle\"><\/h4>\n<p><img loading=\"lazy\" decoding=\"async\" class=\"alignnone size-medium wp-image-31275\" src=\"https:\/\/www.sportchaco.com.ar\/wp-content\/uploads\/2026\/01\/WhatsApp-Image-2026-01-13-at-10.45.08-5-300x300.jpeg\" alt=\"\" width=\"300\" height=\"300\" srcset=\"https:\/\/www.sportchaco.com.ar\/wp-content\/uploads\/2026\/01\/WhatsApp-Image-2026-01-13-at-10.45.08-5-300x300.jpeg 300w, https:\/\/www.sportchaco.com.ar\/wp-content\/uploads\/2026\/01\/WhatsApp-Image-2026-01-13-at-10.45.08-5-150x150.jpeg 150w, https:\/\/www.sportchaco.com.ar\/wp-content\/uploads\/2026\/01\/WhatsApp-Image-2026-01-13-at-10.45.08-5.jpeg 521w\" sizes=\"auto, (max-width: 300px) 100vw, 300px\" \/> <img loading=\"lazy\" decoding=\"async\" class=\"size-full wp-image-31286 aligncenter\" src=\"https:\/\/www.sportchaco.com.ar\/wp-content\/uploads\/2026\/01\/WhatsApp-Image-2026-01-13-at-10.45.08-2.jpeg\" alt=\"\" width=\"201\" height=\"201\" srcset=\"https:\/\/www.sportchaco.com.ar\/wp-content\/uploads\/2026\/01\/WhatsApp-Image-2026-01-13-at-10.45.08-2.jpeg 201w, https:\/\/www.sportchaco.com.ar\/wp-content\/uploads\/2026\/01\/WhatsApp-Image-2026-01-13-at-10.45.08-2-150x150.jpeg 150w\" sizes=\"auto, (max-width: 201px) 100vw, 201px\" \/><\/p>\n<\/div>\n<p>Aunque lo m\u00e1s probable, en la antesala del amistoso con Millonarios, es que se repita el mismo equipo y sistema, no se descarta alg\u00fan retoque de \u00faltimo momento. Cuando el DT par\u00f3 el once de Boca,\u00a0<a href=\"https:\/\/www.tycsports.com\/boca-juniors\/boca-entrenamiento-los-tres-jugadores-que-siguen-diferenciados-battaglia-palacios-cavani-id707566.html\" target=\"_blank\" rel=\"noopener\">Edinson Cavani, Carlos Palacios y Rodrigo Battaglia ni siquiera participaron del equipo suplente<\/a>\u00a0por distintas molestias f\u00edsicas, por lo que no hay que descartar que alguno de ellos -especialmente el chileno- pueda meterse en la consideraci\u00f3n. Por ahora, igualmente, asoma dif\u00edcil que sumen minutos.<\/p>\n<div class=\"alsoReadContainer\">\n<h2 class=\"alsoReadText\"><\/h2>\n<\/div>\n<p>&nbsp;<\/p>\n<h2>La probable formaci\u00f3n de Boca<\/h2>\n<p><em>Agust\u00edn Marches\u00edn; Juan Barinaga, Lautaro Di Lollo, Ayrton Costa, Lautaro Blanco; Ander Herrera, Leandro Paredes, Milton Delgado; Kevin Zen\u00f3n o Brian Aguirre, Miguel Merentiel y Exequiel Zeballos.<\/em><\/p>\n","protected":false},"excerpt":{"rendered":"<p>Foto portada de Ander Herrera 14\/01\/2026 Con cambios en relaci\u00f3n al equipo que termin\u00f3 el 2025, \u00dabeda plantar\u00e1 el primer once del a\u00f1o para el debut -no oficial- en La Bombonera de este mi\u00e9rcoles, por la Copa Miguel \u00c1ngel Russo. &nbsp; Boca se prepara para el primer desaf\u00edo del a\u00f1o.\u00a0Con el Torneo Apertura a la &hellip;<\/p>\n","protected":false},"author":2,"featured_media":31307,"comment_status":"open","ping_status":"open","sticky":false,"template":"","format":"standard","meta":{"footnotes":""},"categories":[47],"tags":[],"class_list":["post-31306","post","type-post","status-publish","format-standard","has-post-thumbnail","hentry","category-nacionales"],"_links":{"self":[{"href":"https:\/\/www.sportchaco.com.ar\/index.php?rest_route=\/wp\/v2\/posts\/31306","targetHints":{"allow":["GET"]}}],"collection":[{"href":"https:\/\/www.sportchaco.com.ar\/index.php?rest_route=\/wp\/v2\/posts"}],"about":[{"href":"https:\/\/www.sportchaco.com.ar\/index.php?rest_route=\/wp\/v2\/types\/post"}],"author":[{"embeddable":true,"href":"https:\/\/www.sportchaco.com.ar\/index.php?rest_route=\/wp\/v2\/users\/2"}],"replies":[{"embeddable":true,"href":"https:\/\/www.sportchaco.com.ar\/index.php?rest_route=%2Fwp%2Fv2%2Fcomments&post=31306"}],"version-history":[{"count":2,"href":"https:\/\/www.sportchaco.com.ar\/index.php?rest_route=\/wp\/v2\/posts\/31306\/revisions"}],"predecessor-version":[{"id":31314,"href":"https:\/\/www.sportchaco.com.ar\/index.php?rest_route=\/wp\/v2\/posts\/31306\/revisions\/31314"}],"wp:featuredmedia":[{"embeddable":true,"href":"https:\/\/www.sportchaco.com.ar\/index.php?rest_route=\/wp\/v2\/media\/31307"}],"wp:attachment":[{"href":"https:\/\/www.sportchaco.com.ar\/index.php?rest_route=%2Fwp%2Fv2%2Fmedia&parent=31306"}],"wp:term":[{"taxonomy":"category","embeddable":true,"href":"https:\/\/www.sportchaco.com.ar\/index.php?rest_route=%2Fwp%2Fv2%2Fcategories&post=31306"},{"taxonomy":"post_tag","embeddable":true,"href":"https:\/\/www.sportchaco.com.ar\/index.php?rest_route=%2Fwp%2Fv2%2Ftags&post=31306"}],"curies":[{"name":"wp","href":"https:\/\/api.w.org\/{rel}","templated":true}]}}