{"id":31315,"date":"2026-01-14T20:34:47","date_gmt":"2026-01-14T23:34:47","guid":{"rendered":"https:\/\/www.sportchaco.com.ar\/?p=31315"},"modified":"2026-01-14T22:11:55","modified_gmt":"2026-01-15T01:11:55","slug":"real-madrid-eliminado-de-la-copa-del-rey","status":"publish","type":"post","link":"https:\/\/www.sportchaco.com.ar\/?p=31315","title":{"rendered":"Real Madrid eliminado de la Copa del Rey"},"content":{"rendered":"<header class=\"article-header-wrapper\">\n<div class=\"article-header with-follow-button-ctn\">\n<div class=\"display_flex justify_space_between article-section-ctn\">14-01-2026<\/div>\n<h5 id=\"mastantuono-metio-un-gol-tras-113-dias-pero-el-real-madrid-protagonizo-un-papelon-y-quedo-eliminado-de-la-copa-del-rey-ante-el-albacete\" class=\"display-block article-headline text_align_left\">Mastantuono meti\u00f3 un gol tras 113 d\u00edas, pero el Real Madrid protagoniz\u00f3 un papel\u00f3n y qued\u00f3 eliminado de la Copa del Rey ante el Albacete El volante ofensivo de 18 a\u00f1os anot\u00f3 uno de los tantos de la Casa Blanca y sali\u00f3 reemplazado antes de que el equipo de Segunda Divisi\u00f3n asestara los dos golpes letales que le dieron la victoria 3-2 para pasar a cuartos de final<\/h5>\n<\/div>\n<\/header>\n<article class=\"article\">\n<div class=\"sharebar-container display_flex\">\n<div class=\"sharebar-buttons-container display_flex\">\n<div class=\"sharebar-buttons button-save\" tabindex=\"0\" role=\"button\" aria-label=\"Guardar\"><\/div>\n<div class=\"sharebar-buttons-separator\" style=\"text-align: center;\"><img loading=\"lazy\" decoding=\"async\" class=\"alignnone size-medium wp-image-31295\" src=\"https:\/\/www.sportchaco.com.ar\/wp-content\/uploads\/2026\/01\/Ahorros-de-Verano-BANNERS-WEB_1080x1350-28-240x300.gif\" alt=\"\" width=\"240\" height=\"300\" srcset=\"https:\/\/www.sportchaco.com.ar\/wp-content\/uploads\/2026\/01\/Ahorros-de-Verano-BANNERS-WEB_1080x1350-28-240x300.gif 240w, https:\/\/www.sportchaco.com.ar\/wp-content\/uploads\/2026\/01\/Ahorros-de-Verano-BANNERS-WEB_1080x1350-28-819x1024.gif 819w, https:\/\/www.sportchaco.com.ar\/wp-content\/uploads\/2026\/01\/Ahorros-de-Verano-BANNERS-WEB_1080x1350-28-768x960.gif 768w, https:\/\/www.sportchaco.com.ar\/wp-content\/uploads\/2026\/01\/Ahorros-de-Verano-BANNERS-WEB_1080x1350-28-1229x1536.gif 1229w, https:\/\/www.sportchaco.com.ar\/wp-content\/uploads\/2026\/01\/Ahorros-de-Verano-BANNERS-WEB_1080x1350-28-1639x2048.gif 1639w\" sizes=\"auto, (max-width: 240px) 100vw, 240px\" \/> <img loading=\"lazy\" decoding=\"async\" class=\"alignnone size-full wp-image-31287\" src=\"https:\/\/www.sportchaco.com.ar\/wp-content\/uploads\/2026\/01\/WhatsApp-Image-2026-01-13-at-10.45.08.jpeg\" alt=\"\" width=\"300\" height=\"300\" srcset=\"https:\/\/www.sportchaco.com.ar\/wp-content\/uploads\/2026\/01\/WhatsApp-Image-2026-01-13-at-10.45.08.jpeg 300w, https:\/\/www.sportchaco.com.ar\/wp-content\/uploads\/2026\/01\/WhatsApp-Image-2026-01-13-at-10.45.08-150x150.jpeg 150w\" sizes=\"auto, (max-width: 300px) 100vw, 300px\" \/><\/div>\n<\/div>\n<\/div>\n<div class=\"body-article \">\n<div class=\"jwplayer-ctn\">\n<div>\n<div id=\"LWZDANCOFJAX7IUVVLL7YF4FTM-custom_embed0\" class=\"jwplayer jw-reset jw-state-idle jw-stretch-uniform jw-flag-aspect-mode jw-floating-dismissible jw-keep-thumbnail jw-flag-user-inactive jw-breakpoint-4\" tabindex=\"0\" role=\"application\" aria-label=\"Video Player - El gol de Franco Mastantuono para Real Madrid\" aria-describedby=\"jw-LWZDANCOFJAX7IUVVLL7YF4FTM-custom_embed0-shortcuts-tooltip-explanation\">\n<div class=\"jw-wrapper jw-reset\">\n<div class=\"jw-media jw-reset\"><\/div>\n<div class=\"jw-controls jw-reset\">\n<div class=\"jw-display jw-reset\">\n<div class=\"jw-display-container jw-reset\">\n<div class=\"jw-display-controls jw-reset\">\n<div class=\"jw-display-icon-container jw-display-icon-display jw-reset\">\n<div class=\"jw-icon jw-icon-display jw-button-color jw-reset\" tabindex=\"0\" role=\"button\" aria-label=\"Reproducir\"><\/div>\n<\/div>\n<\/div>\n<\/div>\n<\/div>\n<\/div>\n<\/div>\n<\/div>\n<\/div>\n<p>El volante anot\u00f3 el 1-1 parcial ante Albacete por la Copa del Rey<\/p>\n<\/div>\n<p class=\"paragraph\"><b>Franco Mastantuono<\/b>\u00a0convirti\u00f3 su segundo gol con la camiseta del\u00a0<b>Real Madrid<\/b>, pero el joven de la selecci\u00f3n argentina, quien regres\u00f3 a la titularidad tras casi dos meses, no pudo festejar demasiado porque su equipo<b>\u00a0protagoniz\u00f3 un papel\u00f3n frente al Albacete<\/b>, un equipo de Segunda Divisi\u00f3n que est\u00e1 a un punto de la zona de descenso y que le gan\u00f3 3-2 en condici\u00f3n de local para eliminarlo en los octavos de final de la\u00a0<b>Copa del Rey<\/b>. Todo esto ocurre a pocos d\u00edas del despido de\u00a0<b>Xabi Alonso<\/b>\u00a0tras dejar escapar la Supercopa a manos del Barcelona y el inicio del interinato de\u00a0<b>\u00c1lvaro Arbeloa<\/b>.<\/p>\n<p class=\"paragraph\"><b>Javier Villar del Fraile<\/b>\u00a0adelant\u00f3 a los 42 minutos al\u00a0<i>Alba<\/i>\u00a0frente a sus hinchas en el\u00a0<i>Estadio Carlos Belmonte<\/i>, pero la ventaja dur\u00f3 un suspiro. En la \u00faltima jugada del primer tiempo,\u00a0<b>Mastantuono aprovech\u00f3 un rebote corto del arquero Ra\u00fal Lizoain para sellar el empate parcial<\/b>.<\/p>\n<p class=\"paragraph\">Sin embargo, la pesadilla de la\u00a0<i>Casa Blanca<\/i>\u00a0tom\u00f3 forma en la figura de\u00a0<b>Jeft\u00e9 Betancor<\/b>, uno de los cambios introducidos por el entrenador\u00a0<b>Alberto Gonz\u00e1lez<\/b>\u00a0para disputar la \u00faltima media hora de juego. A los 82\u2032 anot\u00f3 el 2-1, aunque\u00a0<b>Gonzalo Garc\u00eda<\/b>\u00a0emparej\u00f3 el tr\u00e1mite y parec\u00eda que todo se extend\u00eda al suplementario, pero\u00a0<b>el atacante de 32 a\u00f1os, que est\u00e1 a pr\u00e9stamo desde Olympiacos de Grecia, aprovech\u00f3 una desatenci\u00f3n defensiva rival y defini\u00f3 la historia en los segundos finales<\/b>\u00a0con una hermosa definici\u00f3n desde el v\u00e9rtice izquierdo del \u00e1rea.<\/p>\n<p><iframe loading=\"lazy\" title=\"Albacete vs Real Madrid 3-2 - Highlights &amp; Goals - Copa Del Rey 2026\" width=\"500\" height=\"281\" src=\"https:\/\/www.youtube.com\/embed\/2vXMfgOzaDY?feature=oembed\" frameborder=\"0\" allow=\"accelerometer; autoplay; clipboard-write; encrypted-media; gyroscope; picture-in-picture; web-share\" referrerpolicy=\"strict-origin-when-cross-origin\" allowfullscreen><\/iframe><\/p>\n<p class=\"paragraph\">De esta manera,\u00a0<b>Franco Mastantuono<\/b>\u00a0no logr\u00f3 cerrar su presentaci\u00f3n de la mejor manera y vio c\u00f3mo se cay\u00f3 el castillo de naipes desde el banco, porque fue reemplazado a los 77 minutos por el volante de 21 a\u00f1os\u00a0<b>C\u00e9sar Palacios<\/b>.<\/p>\n<p class=\"paragraph\">Con su gol, le puso fin a una racha de 113 d\u00edas sin convertir con la camiseta\u00a0<i>Blanca<\/i>, luego de anotar su primer gol\u00a0<a title=\"https:\/\/www.infobae.com\/deportes\/2025\/09\/23\/control-en-velocidad-y-derechazo-al-angulo-el-golazo-de-franco-mastantuono-en-la-visita-del-real-madrid-a-levante\/\" href=\"https:\/\/www.infobae.com\/deportes\/2025\/09\/23\/control-en-velocidad-y-derechazo-al-angulo-el-golazo-de-franco-mastantuono-en-la-visita-del-real-madrid-a-levante\/\" target=\"_blank\" rel=\"noopener noreferrer\">el 23 de septiembre de 2025<\/a>\u00a0en la victoria 4-1 sobre Levante en el\u00a0<i>Estadio Ciudad de Valencia<\/i>\u00a0por la sexta fecha de La Liga de Espa\u00f1a. Su siguiente aporte sucedi\u00f3 el 30 de ese mes, cuando\u00a0<a title=\"https:\/\/www.infobae.com\/deportes\/2025\/09\/30\/la-avivada-de-franco-mastantuono-que-termino-en-penal-y-le-dio-el-primer-gol-al-real-madrid-en-kazajistan-por-la-champions-league\/\" href=\"https:\/\/www.infobae.com\/deportes\/2025\/09\/30\/la-avivada-de-franco-mastantuono-que-termino-en-penal-y-le-dio-el-primer-gol-al-real-madrid-en-kazajistan-por-la-champions-league\/\" target=\"_blank\" rel=\"noopener noreferrer\">provoc\u00f3 el penal que convirti\u00f3 Kylian Mbapp\u00e9<\/a>\u00a0en el triunfo ante Kairat Almaty por la Champions League, tambi\u00e9n en condici\u00f3n de visitante.\u00a0<b>El mediocampista ofensivo de 18 a\u00f1os todav\u00eda no brind\u00f3 goles ni asistencias en el\u00a0<\/b><i><b>Santiago Bernab\u00e9u<\/b><\/i><b>, la casa del\u00a0<\/b><i><b>Merengue<\/b><\/i>.<\/p>\n<div class=\"worldcup2026ctawc-logo\"><img decoding=\"async\" src=\"https:\/\/imagenes.elpais.com\/resizer\/v2\/DLB63FDGGNBP7FM7U3E2Q3CYVQ.jpg?auth=6b4d7d1106b03ed433da3e2e9cedba7343b5e6084be0cd57bb14e5dab085f91a&amp;width=414\" \/><\/div>\n<div class=\"worldcup2026ctawc-content\">\n<div class=\"worldcup2026ctawc-content-arrow\"><\/div>\n<\/div>\n<p class=\"paragraph\">Esas producciones acallaron las cr\u00edticas en torno a sus presentaciones anteriores, e incluso Xabi Alonso (ahora, ex entrenador del equipo) lo hab\u00eda respaldado: \u201c<a title=\"https:\/\/www.infobae.com\/deportes\/2025\/10\/21\/la-enfatica-defensa-de-xabi-alonso-a-mastantuono-tras-las-criticas-por-sus-ultimas-actuaciones-en-el-real-madrid\/\" href=\"https:\/\/www.infobae.com\/deportes\/2025\/10\/21\/la-enfatica-defensa-de-xabi-alonso-a-mastantuono-tras-las-criticas-por-sus-ultimas-actuaciones-en-el-real-madrid\/\" target=\"_blank\" rel=\"noopener noreferrer\"><b>Lleg\u00f3 hace poco y tiene 18 a\u00f1os. Necesitamos invertir en \u00e9l y ayudarlo<\/b><\/a>\u201d.<\/p>\n<p class=\"paragraph\">Sin embargo, el juvenil altern\u00f3 titularidades con suplencias desde ese momento hasta que el club comunic\u00f3 a principios de noviembre que quedar\u00eda al margen de las convocatorias por lesi\u00f3n: \u201cTras las pruebas realizadas a nuestro jugador Franco Mastantuono por los Servicios M\u00e9dicos del Real Madrid,\u00a0<a title=\"https:\/\/www.infobae.com\/deportes\/2025\/11\/03\/real-madrid-confirmo-que-franco-mastantuono-sufre-una-lesion-y-estara-pendiente-de-evolucion-para-volver-a-jugar\/\" href=\"https:\/\/www.infobae.com\/deportes\/2025\/11\/03\/real-madrid-confirmo-que-franco-mastantuono-sufre-una-lesion-y-estara-pendiente-de-evolucion-para-volver-a-jugar\/\" target=\"_blank\" rel=\"noopener noreferrer\"><b>se le ha diagnosticado una pubalgia<\/b><\/a>\u201d. En el breve comunicado, se precis\u00f3 que Mastantuono iba a estar\u00a0<b>\u201cpendiente de evoluci\u00f3n\u201d<\/b>.<\/p>\n<div class=\"jwplayer-ctn\">\n<div>\n<div id=\"EQ4JKKZ4OJFIBOERDH6VPE7DIM-custom_embed8\" class=\"jwplayer jw-reset jw-state-idle jw-stretch-uniform jw-flag-aspect-mode jw-floating-dismissible jw-keep-thumbnail jw-breakpoint-4 jw-flag-user-inactive\" tabindex=\"0\" role=\"application\" aria-label=\"Video Player - El resumen de Real Madrid vs Albacete por la Copa del Rey\" aria-describedby=\"jw-EQ4JKKZ4OJFIBOERDH6VPE7DIM-custom_embed8-shortcuts-tooltip-explanation\">\n<div class=\"jw-wrapper jw-reset\">\n<div class=\"jw-media jw-reset\"><\/div>\n<div class=\"jw-controls jw-reset\">\n<div class=\"jw-display jw-reset\">\n<div class=\"jw-display-container jw-reset\">\n<div class=\"jw-display-controls jw-reset\">\n<div class=\"jw-display-icon-container jw-display-icon-display jw-reset\">\n<div class=\"jw-icon jw-icon-display jw-button-color jw-reset\" tabindex=\"0\" role=\"button\" aria-label=\"Reproducir\"><\/div>\n<\/div>\n<\/div>\n<\/div>\n<\/div>\n<\/div>\n<\/div>\n<\/div>\n<\/div>\n<p>Ambos equipos se midieron por los octavos de final<\/p>\n<\/div>\n<p class=\"paragraph\">Esto lo descart\u00f3 para encarar la \u00faltima fecha FIFA con la selecci\u00f3n argentina, que jug\u00f3 un amistoso frente a Angola, pero tuvo una actitud que fue destacada por\u00a0<b>Lionel Scaloni<\/b>\u00a0en conferencia de prensa, luego de acercarse a la concentraci\u00f3n\u00a0<i>Albiceleste<\/i>\u00a0y compartir el d\u00eda a d\u00eda con el plantel: \u201c<b>Franco\u00a0<\/b>(Mastantuono) estaba en la prelista,\u00a0<b>nos comentaron el problema en el pubis y\u00a0<\/b><a title=\"https:\/\/www.infobae.com\/deportes\/2025\/11\/13\/7-frases-de-scaloni-sobre-el-amistoso-argentina-angola-como-esta-messi-el-gesto-de-mastantuono-y-la-pregunta-que-lo-sorprendio\/\" href=\"https:\/\/www.infobae.com\/deportes\/2025\/11\/13\/7-frases-de-scaloni-sobre-el-amistoso-argentina-angola-como-esta-messi-el-gesto-de-mastantuono-y-la-pregunta-que-lo-sorprendio\/\" target=\"_blank\" rel=\"noopener noreferrer\"><b>me dijo que le gustar\u00eda venir a estar con nosotros<\/b><\/a><b>, y bienvenido sea<\/b>. Estamos abiertos a estas cosas, nos gusta que los chicos quieran estar. No ten\u00eda un viaje muy largo,\u00a0<b>la idea era no hacerlo viajar pero estaba cerquita y se agradece ese gesto tambi\u00e9n<\/b>\u201d<\/p>\n<p><img decoding=\"async\" src=\"https:\/\/defensacentral.com\/uploads\/s1\/46\/89\/67\/1\/alineacion-real-madrid-albacete.jpeg\" alt=\"Alineaci\u00f3n titular del Real Madrid esta noche ante el Albacete en el estadio Carlos Belmonte.\" \/><\/p>\n<p class=\"paragraph\">En los \u00faltimos d\u00edas de noviembre, Alonso hab\u00eda confirmado el regreso del ex River Plate a las convocatorias, pero\u00a0<a title=\"https:\/\/www.infobae.com\/deportes\/2025\/11\/29\/el-dt-de-real-madrid-confirmo-cuando-reaparecera-franco-mastantuono-tras-la-lesion-que-lo-margino-de-las-canchas\/\" href=\"https:\/\/www.infobae.com\/deportes\/2025\/11\/29\/el-dt-de-real-madrid-confirmo-cuando-reaparecera-franco-mastantuono-tras-la-lesion-que-lo-margino-de-las-canchas\/\" target=\"_blank\" rel=\"noopener noreferrer\">se qued\u00f3 en el banco de suplentes durante el 1-1 frente a Girona<\/a>\u00a0en condici\u00f3n de visitante por el torneo local. Su reaparici\u00f3n oficial fue el 14 de diciembre, cuando\u00a0<a title=\"https:\/\/www.infobae.com\/deportes\/2025\/12\/14\/las-perlitas-del-triunfo-del-real-madrid-ante-el-alaves-del-golazo-de-mbappe-al-regreso-de-mastantuono\/\" href=\"https:\/\/www.infobae.com\/deportes\/2025\/12\/14\/las-perlitas-del-triunfo-del-real-madrid-ante-el-alaves-del-golazo-de-mbappe-al-regreso-de-mastantuono\/\" target=\"_blank\" rel=\"noopener noreferrer\">ingres\u00f3 un minuto en el 2-1 frente a Alav\u00e9s en\u00a0<i>Mendizorroza<\/i><\/a>.<\/p>\n<p class=\"paragraph\">Desde su vuelta acumul\u00f3 un total de minutos que no alcanz\u00f3 a 100 hasta el partido de este mi\u00e9rcoles. Su mayor cuota fueron los 66\u2032 como titular ante Talavera por los 16avos de final de la\u00a0<b>Copa del Rey<\/b>. Se sumaron 13\u2032 frente a\u00a0<b>Real Betis<\/b>\u00a0en la liga espa\u00f1ola y tuvo minutos en la Supercopa de Espa\u00f1a: 3\u2032 contra\u00a0<b>Atl\u00e9tico de Madrid<\/b>\u00a0y 8\u2032 en la final ante\u00a0<b>Barcelona<\/b>, cuya derrota finaliz\u00f3 el ciclo de Xabi Alonso en el banco.<\/p>\n<p class=\"paragraph\">En cuesti\u00f3n de d\u00edas,\u00a0<b>Real Madrid<\/b>\u00a0perdi\u00f3 la oportunidad de sumar dos trofeos en la temporada y en el certamen local est\u00e1 a cuatro puntos del\u00a0<i>Blaug<\/i>r<i>ana<\/i>, l\u00edder del torneo con 49 unidades. El s\u00e1bado desde las 10 (hora argentina) est\u00e1 obligado a ganar frente al Levante en su regreso al\u00a0<i>Bernab\u00e9u<\/i>\u00a0y, en los pr\u00f3ximos d\u00edas, deber\u00e1 definir su clasificaci\u00f3n en la\u00a0<i>Fase Liga\u00a0<\/i>de la Champions League.<\/p>\n<\/div>\n<\/article>\n","protected":false},"excerpt":{"rendered":"<p>14-01-2026 Mastantuono meti\u00f3 un gol tras 113 d\u00edas, pero el Real Madrid protagoniz\u00f3 un papel\u00f3n y qued\u00f3 eliminado de la Copa del Rey ante el Albacete El volante ofensivo de 18 a\u00f1os anot\u00f3 uno de los tantos de la Casa Blanca y sali\u00f3 reemplazado antes de que el equipo de Segunda Divisi\u00f3n asestara los dos &hellip;<\/p>\n","protected":false},"author":2,"featured_media":31316,"comment_status":"open","ping_status":"open","sticky":false,"template":"","format":"standard","meta":{"footnotes":""},"categories":[6],"tags":[],"class_list":["post-31315","post","type-post","status-publish","format-standard","has-post-thumbnail","hentry","category-internacionales"],"_links":{"self":[{"href":"https:\/\/www.sportchaco.com.ar\/index.php?rest_route=\/wp\/v2\/posts\/31315","targetHints":{"allow":["GET"]}}],"collection":[{"href":"https:\/\/www.sportchaco.com.ar\/index.php?rest_route=\/wp\/v2\/posts"}],"about":[{"href":"https:\/\/www.sportchaco.com.ar\/index.php?rest_route=\/wp\/v2\/types\/post"}],"author":[{"embeddable":true,"href":"https:\/\/www.sportchaco.com.ar\/index.php?rest_route=\/wp\/v2\/users\/2"}],"replies":[{"embeddable":true,"href":"https:\/\/www.sportchaco.com.ar\/index.php?rest_route=%2Fwp%2Fv2%2Fcomments&post=31315"}],"version-history":[{"count":3,"href":"https:\/\/www.sportchaco.com.ar\/index.php?rest_route=\/wp\/v2\/posts\/31315\/revisions"}],"predecessor-version":[{"id":31320,"href":"https:\/\/www.sportchaco.com.ar\/index.php?rest_route=\/wp\/v2\/posts\/31315\/revisions\/31320"}],"wp:featuredmedia":[{"embeddable":true,"href":"https:\/\/www.sportchaco.com.ar\/index.php?rest_route=\/wp\/v2\/media\/31316"}],"wp:attachment":[{"href":"https:\/\/www.sportchaco.com.ar\/index.php?rest_route=%2Fwp%2Fv2%2Fmedia&parent=31315"}],"wp:term":[{"taxonomy":"category","embeddable":true,"href":"https:\/\/www.sportchaco.com.ar\/index.php?rest_route=%2Fwp%2Fv2%2Fcategories&post=31315"},{"taxonomy":"post_tag","embeddable":true,"href":"https:\/\/www.sportchaco.com.ar\/index.php?rest_route=%2Fwp%2Fv2%2Ftags&post=31315"}],"curies":[{"name":"wp","href":"https:\/\/api.w.org\/{rel}","templated":true}]}}