{"id":31355,"date":"2026-01-15T23:48:03","date_gmt":"2026-01-16T02:48:03","guid":{"rendered":"https:\/\/www.sportchaco.com.ar\/?p=31355"},"modified":"2026-01-15T23:49:10","modified_gmt":"2026-01-16T02:49:10","slug":"moncho-otazo-una-vida-increible-primero-fue-boxeador","status":"publish","type":"post","link":"https:\/\/www.sportchaco.com.ar\/?p=31355","title":{"rendered":"Moncho Otazo, una vida incre\u00edble: primero fue boxeador"},"content":{"rendered":"<p>&nbsp;<\/p>\n<h5>En la d\u00e9cada del \u201980, cuando Ram\u00f3n \u201cMoncho\u201d Otazo ya era un nombre conocido en el Chaco por sus traves\u00edas imposibles, sus exploraciones solitarias y su defensa apasionada de la naturaleza, pocos sab\u00edan \u2014o casi nadie recordaba\u2014 que antes de internarse en el monte, en los r\u00edos y en la selva, hab\u00eda transitado otro territorio \u00e1spero y exigente: el del boxeo argentino.<\/h5>\n<p>&nbsp;<\/p>\n<p><strong>\u00a0POR LUIS DARIO MOLODEZKY\u00a0 <\/strong><strong><img loading=\"lazy\" decoding=\"async\" class=\"alignnone wp-image-31075\" src=\"https:\/\/www.sportchaco.com.ar\/wp-content\/uploads\/2026\/01\/Luis-Dario-Molodezky-2025-1-1.jpg\" alt=\"\" width=\"65\" height=\"72\" \/><\/strong><\/p>\n<p>Explorador, naturalista y aventurero \u201ca pulm\u00f3n\u201d, Moncho Otazo se convirti\u00f3 con el tiempo en una figura ic\u00f3nica del Chaco profundo. Document\u00f3 como pocos la fauna, los paisajes y las culturas originarias del Gran Chaco, dej\u00f3 m\u00e1s de ocho mil diapositivas, cientos de horas de filmaciones, relatos, objetos y un museo dom\u00e9stico que busc\u00f3 mantener viva la memoria de una regi\u00f3n tantas veces olvidada. Falleci\u00f3 el 10 de junio de 2014, a los 69 a\u00f1os, dejando una huella indeleble y el reconocimiento como<\/p>\n<p><strong>Patrimonio Cultural Viviente de la provincia del Chaco<\/strong>.<\/p>\n<p>Pero mucho antes de las balsas artesanales, los cruces a pie del Impenetrable y las expediciones r\u00edo adentro, Moncho hab\u00eda aprendido a resistir golpes en otro escenario: el ring. \u201cMoncho Otazo\u201d naci\u00f3 el 31 de agosto de 1944, en la Colonia La Chiquita del Departamento comandante Fern\u00e1ndez, Provincia del Chaco. Realiz\u00f3 sus estudios primarios en la Escuela N\u00ba 166 \u201cAntonio Ram\u00f3n Fern\u00e1ndez\u201d de Presidencia Roque S\u00e1enz Pe\u00f1a.<\/p>\n<p>\u00bf <img loading=\"lazy\" decoding=\"async\" class=\"alignnone size-medium wp-image-31357\" src=\"https:\/\/www.sportchaco.com.ar\/wp-content\/uploads\/2026\/01\/Moncho-Otazo-con-Locche-240x300.jpg\" alt=\"\" width=\"240\" height=\"300\" srcset=\"https:\/\/www.sportchaco.com.ar\/wp-content\/uploads\/2026\/01\/Moncho-Otazo-con-Locche-240x300.jpg 240w, https:\/\/www.sportchaco.com.ar\/wp-content\/uploads\/2026\/01\/Moncho-Otazo-con-Locche-819x1024.jpg 819w, https:\/\/www.sportchaco.com.ar\/wp-content\/uploads\/2026\/01\/Moncho-Otazo-con-Locche-768x960.jpg 768w, https:\/\/www.sportchaco.com.ar\/wp-content\/uploads\/2026\/01\/Moncho-Otazo-con-Locche.jpg 933w\" sizes=\"auto, (max-width: 240px) 100vw, 240px\" \/> <img loading=\"lazy\" decoding=\"async\" class=\"alignnone size-medium wp-image-31358\" src=\"https:\/\/www.sportchaco.com.ar\/wp-content\/uploads\/2026\/01\/OTAZO-PORCIO-alfredo-300x241.jpg\" alt=\"\" width=\"300\" height=\"241\" srcset=\"https:\/\/www.sportchaco.com.ar\/wp-content\/uploads\/2026\/01\/OTAZO-PORCIO-alfredo-300x241.jpg 300w, https:\/\/www.sportchaco.com.ar\/wp-content\/uploads\/2026\/01\/OTAZO-PORCIO-alfredo-1024x824.jpg 1024w, https:\/\/www.sportchaco.com.ar\/wp-content\/uploads\/2026\/01\/OTAZO-PORCIO-alfredo-768x618.jpg 768w, https:\/\/www.sportchaco.com.ar\/wp-content\/uploads\/2026\/01\/OTAZO-PORCIO-alfredo.jpg 1246w\" sizes=\"auto, (max-width: 300px) 100vw, 300px\" \/><\/p>\n<p><em><strong>EL INTOCABLE. Nicolino Locche y Ram\u00f3n Oreste Otazo, despu\u00e9s de una sesi\u00f3n de entrenamiento en el Estadio Luna Park.\u00a0<\/strong><\/em><\/p>\n<p><strong>Un flaco ani\u00f1ado que quer\u00eda ser campe\u00f3n<\/strong><\/p>\n<p>\u201cDe porte ani\u00f1ado y flaco\u201d, as\u00ed lo describ\u00eda una vieja cr\u00f3nica del diario NORTE, cuando la agencia de S\u00e1enz Pe\u00f1a logr\u00f3 que Otazo hablara de un pasado que no sol\u00eda exhibir. Mediano del pa\u00eds, combatiente en clubes de Capital Federal y el Gran Buenos Aires, acumul\u00f3 decenas de peleas y una campa\u00f1a extensa, marcada por viajes, sacrificios y desilusiones.<\/p>\n<p>Como tantas decisiones de su vida, el boxeo lleg\u00f3 temprano y de manera absoluta. Muy joven, arm\u00f3 un gimnasio en el fondo de su casa, compr\u00f3 guantes y empez\u00f3 a entrenar con la convicci\u00f3n de quien ya se ha fijado un destino. Casi sin experiencia, viaj\u00f3 a Buenos Aires para participar del Campeonato de Novicios, representando al Club Hurac\u00e1n de Parque Patricios. Fue tercero. Volvi\u00f3 al norte.<\/p>\n<p>Siguieron los combates en Formosa, Chaco y otras provincias. Lleg\u00f3 a integrar la selecci\u00f3n que buscaba un lugar en los Juegos Ol\u00edmpicos de Tokio. Perdi\u00f3 en los cuartos de final, en el Luna Park, y regres\u00f3 otra vez. Pero no se detuvo.<\/p>\n<p><img decoding=\"async\" src=\"https:\/\/scontent.fcnq2-2.fna.fbcdn.net\/v\/t39.30808-6\/615235040_122122725687022572_2916902549049553923_n.jpg?_nc_cat=111&amp;ccb=1-7&amp;_nc_sid=127cfc&amp;_nc_ohc=unPGRMrAYcYQ7kNvwGD2kgX&amp;_nc_oc=Adm2bVw22tmKkbt08IaHT5AwWHkLk9tKcoLXTFTxPPBrQk1ha0hNkBuOQrS7zhHHJRg&amp;_nc_zt=23&amp;_nc_ht=scontent.fcnq2-2.fna&amp;_nc_gid=cM7H5b1VSnpFFSARaWHG9g&amp;oh=00_AfpwX6aHjQ3Po7ZTLEv-9WUE0H7--CICaBg4vBhW3dRRoA&amp;oe=696F5512\" alt=\"Puede ser una imagen de texto que dice &quot;El entrenador Cuello, Ram\u00f3n Otazo, elcampoonisimo l\u2022 Carios Ca\u00f1ote. El chaque\u00f1o por esos dias 0s08diasesperaba esperabala gioria, pero encontr\u00f3 la desilusi\u00f3n. desluskon.Alos23ahosaban- A los 23 a\u00f1os \u0e58\u0e07\u0e01\u0e07 el boxeo. RAMON &quot;MONCHO&quot; OTAZO, el D.T. Bautista Rago Cacar&quot;Ringo&quot; Cacar Ringo&quot; Bonavena, en el Luna Park. (Agencia Sa- 012Pe\u00f1al.&quot;\" \/><\/p>\n<p><strong>El norte, los caminos y la falta de rivales<\/strong><\/p>\n<p>Con m\u00e1s de cuarenta peleas realizadas y apenas dos derrotas \u2014ambas en Buenos Aires\u2014, su carrera continu\u00f3 en Corrientes, Salta, Santa Fe y hasta Paraguay. Viajaba sin descanso, pero cada vez encontraba menos rivales. Villa \u00c1ngela se hab\u00eda convertido entonces en la mejor plaza box\u00edstica del Chaco, con la llegada de p\u00fagiles de Rosario, C\u00f3rdoba y Santa Fe.<\/p>\n<p>Cuando el norte qued\u00f3 chico, volvi\u00f3 al centro del pa\u00eds. So\u00f1aba, como todos, con ser campe\u00f3n.<\/p>\n<p><strong>El Luna Park y la gran desilusi\u00f3n<\/strong><\/p>\n<p>En Buenos Aires entren\u00f3 en el Luna Park, bajo las \u00f3rdenes de Alfredo Porzio. Comparti\u00f3 gimnasio con nombres que luego ser\u00edan leyenda: Ringo Bonavena, Goyo Peralta, Ad\u00e1n G\u00f3mez, Luis del R\u00edo. Esper\u00f3, con paciencia, la gran oportunidad.<\/p>\n<p>Esa oportunidad lleg\u00f3 con el Campeonato Panamericano, representando al Leotero Boxing Club. Gan\u00f3 combates, avanz\u00f3 hasta semifinales y all\u00ed, seg\u00fan su propio recuerdo, sufri\u00f3 la derrota m\u00e1s dolorosa de su carrera: un fallo que el p\u00fablico rechaz\u00f3 con silbidos y protestas.<\/p>\n<p>\u201cMe robaron la pelea y me quitaron la gran ilusi\u00f3n\u201d, dir\u00eda a\u00f1os despu\u00e9s. Llor\u00f3 de impotencia. A\u00f1os de preparaci\u00f3n y sacrificio parecieron borrarse en una tarde. Fue, quiz\u00e1s, su primer gran choque con las sombras del boxeo profesional.<\/p>\n<p><img decoding=\"async\" class=\"aligncenter\" src=\"https:\/\/scontent.fcnq2-2.fna.fbcdn.net\/v\/t39.30808-6\/615355539_122122725909022572_3517621389998270925_n.jpg?_nc_cat=111&amp;ccb=1-7&amp;_nc_sid=127cfc&amp;_nc_ohc=CXJ3ume3ausQ7kNvwFSjw9V&amp;_nc_oc=AdlmyOA5j5L-VPAb0nVGiI1wINqBWvLGo0i_Qoy_jn2v77-um6M939ebxSvzPJJE24Q&amp;_nc_zt=23&amp;_nc_ht=scontent.fcnq2-2.fna&amp;_nc_gid=fGzdbjttAVFnVagd5OwMOA&amp;oh=00_AfoCxzdr2ECLRbDmj84oNK-ugLCm3ino9Z6XlQXgqeH1MA&amp;oe=696F4574\" alt=\"Puede ser una imagen de cocodrilo y hueso\" \/><\/p>\n<p><strong>El quiebre<\/strong><\/p>\n<p>A partir de all\u00ed algo cambi\u00f3. Sigui\u00f3 boxeando, perfeccion\u00f3 un estilo elegante y t\u00e9cnico, pero ya no quer\u00eda pegar. Empez\u00f3 a sentir que su vida como pugilista deb\u00eda limitarse al gimnasio. Combatir dej\u00f3 de seducirlo.<\/p>\n<p>En nueve a\u00f1os ligados al pugilismo fue todo: boxeador, director t\u00e9cnico, sparring de campeones, promotor, segundo, programador, referee, jurado. Conoci\u00f3 cada escal\u00f3n del ambiente. Y decidi\u00f3 irse.<\/p>\n<p>Tras m\u00e1s de setenta combates, lleg\u00f3 la primera derrota por nocaut, con apenas 23 a\u00f1os. Dos peleas m\u00e1s, dos derrotas adicionales, y la decisi\u00f3n definitiva: abandonar la pr\u00e1ctica activa. No quer\u00eda seguir golpeando. Quer\u00eda ser otra cosa.<\/p>\n<p><img decoding=\"async\" src=\"https:\/\/scontent.fcnq2-2.fna.fbcdn.net\/v\/t39.30808-6\/615133314_122122725903022572_281861663096056172_n.webp?stp=dst-jpg_tt6&amp;_nc_cat=103&amp;ccb=1-7&amp;_nc_sid=127cfc&amp;_nc_ohc=qjCN2xAnvJkQ7kNvwGkSD3y&amp;_nc_oc=AdmVOL65lpXP80d6JDJwEknLmqGtRm0HJBqHudAel6Tcj7z-vVscbcu8HhBLHyww8ZQ&amp;_nc_zt=23&amp;_nc_ht=scontent.fcnq2-2.fna&amp;_nc_gid=wxjh4H9E-dcVTni-g3ZPUA&amp;oh=00_AfrWZNHnDuMcxW755LXaX_HSPqXaUkA8R6qaEW7Wrm6zHA&amp;oe=696F48D9\" alt=\"Puede ser una imagen de barco y texto\" \/><\/p>\n<p><strong>El llamado del monte<\/strong><\/p>\n<p>Ese \u201cotra cosa\u201d estaba esperando desde hac\u00eda tiempo. El campo, la monta\u00f1a, la selva comenzaron a pesar m\u00e1s que el ring. Buenos Aires se volvi\u00f3 insoportable. Desapareci\u00f3 un tiempo, recorri\u00f3 Entre R\u00edos y Uruguay, organiz\u00f3 festivales solidarios, y finalmente dio el paso que definir\u00eda su vida.<\/p>\n<p>Vendr\u00edan entonces las navegaciones \u00e9picas \u2014como aquella balsa casera con la que recorri\u00f3 m\u00e1s de 200 kil\u00f3metros por el r\u00edo Teuco\u2014, los cruces a pie del Impenetrable, la investigaci\u00f3n autodidacta sobre los primeros habitantes del Chaco, el archivo fotogr\u00e1fico monumental y el museo en su propia casa de S\u00e1enz Pe\u00f1a.<\/p>\n<p style=\"text-align: center;\"><img loading=\"lazy\" decoding=\"async\" class=\"alignnone size-full wp-image-31287\" src=\"https:\/\/www.sportchaco.com.ar\/wp-content\/uploads\/2026\/01\/WhatsApp-Image-2026-01-13-at-10.45.08.jpeg\" alt=\"\" width=\"300\" height=\"300\" srcset=\"https:\/\/www.sportchaco.com.ar\/wp-content\/uploads\/2026\/01\/WhatsApp-Image-2026-01-13-at-10.45.08.jpeg 300w, https:\/\/www.sportchaco.com.ar\/wp-content\/uploads\/2026\/01\/WhatsApp-Image-2026-01-13-at-10.45.08-150x150.jpeg 150w\" sizes=\"auto, (max-width: 300px) 100vw, 300px\" \/> <img loading=\"lazy\" decoding=\"async\" class=\"alignnone size-medium wp-image-31295\" src=\"https:\/\/www.sportchaco.com.ar\/wp-content\/uploads\/2026\/01\/Ahorros-de-Verano-BANNERS-WEB_1080x1350-28-240x300.gif\" alt=\"\" width=\"240\" height=\"300\" srcset=\"https:\/\/www.sportchaco.com.ar\/wp-content\/uploads\/2026\/01\/Ahorros-de-Verano-BANNERS-WEB_1080x1350-28-240x300.gif 240w, https:\/\/www.sportchaco.com.ar\/wp-content\/uploads\/2026\/01\/Ahorros-de-Verano-BANNERS-WEB_1080x1350-28-819x1024.gif 819w, https:\/\/www.sportchaco.com.ar\/wp-content\/uploads\/2026\/01\/Ahorros-de-Verano-BANNERS-WEB_1080x1350-28-768x960.gif 768w, https:\/\/www.sportchaco.com.ar\/wp-content\/uploads\/2026\/01\/Ahorros-de-Verano-BANNERS-WEB_1080x1350-28-1229x1536.gif 1229w, https:\/\/www.sportchaco.com.ar\/wp-content\/uploads\/2026\/01\/Ahorros-de-Verano-BANNERS-WEB_1080x1350-28-1639x2048.gif 1639w\" sizes=\"auto, (max-width: 240px) 100vw, 240px\" \/><\/p>\n<p><strong>Una vida, muchas batallas<\/strong><\/p>\n<p>Moncho Otazo pele\u00f3 en el ring, pero tambi\u00e9n contra el olvido, la indiferencia y la destrucci\u00f3n del patrimonio natural y cultural. Cambi\u00f3 los guantes por la c\u00e1mara, el cron\u00f3metro por la br\u00fajula, el gimnasio por el monte. Pero conserv\u00f3 siempre la misma \u00e9tica: la del esfuerzo, la soledad y la resistencia.<\/p>\n<p>Su vida fue incre\u00edble porque no respondi\u00f3 a un solo molde. Antes de ser explorador, fue boxeador. Antes de ser naturalista, fue pugilista. Y en ambos mundos dej\u00f3 algo de s\u00ed: la certeza de que vivir, como pelear, exige coraje.<\/p>\n<p><strong>\u00a0POR LUIS DARIO MOLODEZKY\u00a0 <\/strong><strong><img loading=\"lazy\" decoding=\"async\" class=\"alignnone wp-image-31075\" src=\"https:\/\/www.sportchaco.com.ar\/wp-content\/uploads\/2026\/01\/Luis-Dario-Molodezky-2025-1-1.jpg\" alt=\"\" width=\"65\" height=\"72\" \/><\/strong><\/p>\n<p><iframe loading=\"lazy\" title=\"NOTA COMPLETA A &quot;MONCHO&quot; OTAZZO REALIZADA POR SEBASTIAN JARUVKIN\" width=\"500\" height=\"281\" src=\"https:\/\/www.youtube.com\/embed\/YNdeXQrA920?feature=oembed\" frameborder=\"0\" allow=\"accelerometer; autoplay; clipboard-write; encrypted-media; gyroscope; picture-in-picture; web-share\" referrerpolicy=\"strict-origin-when-cross-origin\" allowfullscreen><\/iframe><\/p>\n<p>&nbsp;<\/p>\n","protected":false},"excerpt":{"rendered":"<p>&nbsp; En la d\u00e9cada del \u201980, cuando Ram\u00f3n \u201cMoncho\u201d Otazo ya era un nombre conocido en el Chaco por sus traves\u00edas imposibles, sus exploraciones solitarias y su defensa apasionada de la naturaleza, pocos sab\u00edan \u2014o casi nadie recordaba\u2014 que antes de internarse en el monte, en los r\u00edos y en la selva, hab\u00eda transitado otro &hellip;<\/p>\n","protected":false},"author":2,"featured_media":31356,"comment_status":"open","ping_status":"open","sticky":false,"template":"","format":"standard","meta":{"footnotes":""},"categories":[78,8],"tags":[],"class_list":["post-31355","post","type-post","status-publish","format-standard","has-post-thumbnail","hentry","category-historias","category-sport-nea"],"_links":{"self":[{"href":"https:\/\/www.sportchaco.com.ar\/index.php?rest_route=\/wp\/v2\/posts\/31355","targetHints":{"allow":["GET"]}}],"collection":[{"href":"https:\/\/www.sportchaco.com.ar\/index.php?rest_route=\/wp\/v2\/posts"}],"about":[{"href":"https:\/\/www.sportchaco.com.ar\/index.php?rest_route=\/wp\/v2\/types\/post"}],"author":[{"embeddable":true,"href":"https:\/\/www.sportchaco.com.ar\/index.php?rest_route=\/wp\/v2\/users\/2"}],"replies":[{"embeddable":true,"href":"https:\/\/www.sportchaco.com.ar\/index.php?rest_route=%2Fwp%2Fv2%2Fcomments&post=31355"}],"version-history":[{"count":1,"href":"https:\/\/www.sportchaco.com.ar\/index.php?rest_route=\/wp\/v2\/posts\/31355\/revisions"}],"predecessor-version":[{"id":31360,"href":"https:\/\/www.sportchaco.com.ar\/index.php?rest_route=\/wp\/v2\/posts\/31355\/revisions\/31360"}],"wp:featuredmedia":[{"embeddable":true,"href":"https:\/\/www.sportchaco.com.ar\/index.php?rest_route=\/wp\/v2\/media\/31356"}],"wp:attachment":[{"href":"https:\/\/www.sportchaco.com.ar\/index.php?rest_route=%2Fwp%2Fv2%2Fmedia&parent=31355"}],"wp:term":[{"taxonomy":"category","embeddable":true,"href":"https:\/\/www.sportchaco.com.ar\/index.php?rest_route=%2Fwp%2Fv2%2Fcategories&post=31355"},{"taxonomy":"post_tag","embeddable":true,"href":"https:\/\/www.sportchaco.com.ar\/index.php?rest_route=%2Fwp%2Fv2%2Ftags&post=31355"}],"curies":[{"name":"wp","href":"https:\/\/api.w.org\/{rel}","templated":true}]}}