{"id":3140,"date":"2023-11-23T16:08:44","date_gmt":"2023-11-23T19:08:44","guid":{"rendered":"https:\/\/www.sportchaco.com.ar\/?p=3140"},"modified":"2023-11-23T16:08:44","modified_gmt":"2023-11-23T19:08:44","slug":"di-maria-ratifico-que-deja-la-seleccion-argentina-tras-la-copa-america-2024","status":"publish","type":"post","link":"https:\/\/www.sportchaco.com.ar\/?p=3140","title":{"rendered":"Di Mar\u00eda ratific\u00f3 que deja la Selecci\u00f3n Argentina tras la Copa Am\u00e9rica 2024"},"content":{"rendered":"<p>\u00c1ngel Di Mar\u00eda, emblema de la Scaloneta, realiz\u00f3 un emotivo posteo en redes sociales y ratific\u00f3 que dejar\u00e1 la Selecci\u00f3n Argentina luego de la Copa Am\u00e9rica 2024.<\/p>\n<p>\u00abBueno, lleg\u00f3 el \u00faltimo partido de Eliminatorias para m\u00ed, no puedo expresar con palabras lo que me llena el alma la ovaci\u00f3n de la gente en este \u00faltimo tiempo, disfruto cada segundo de ese cari\u00f1o y el de mis compa\u00f1eros, ellos, mis amigos, sin ellos esta historia no tendr\u00eda el mismo sentido. El cari\u00f1o de cada uno de ellos hizo que tambi\u00e9n hoy fuera quien soy\u00bb, fue lo primero que escribi\u00f3 Fideo, quien ingres\u00f3 en el segundo tiempo y fue el capit\u00e1n tras la salida de Lionel Messi.<\/p>\n<p>Luego, el atacante del Benfica confirm\u00f3, una vez m\u00e1s, que se despedir\u00e1 de la Albiceleste luego del pr\u00f3ximo certamen continental en Estados Unidos, idea que hab\u00eda adelantado en una entrevista.<\/p>\n<p>\u00abLa Copa Am\u00e9rica ser\u00e1 la \u00faltima vez que vista la camiseta argentina, con todo el dolor del alma y sintiendo un nudo en la garganta me despido de lo m\u00e1s hermoso que me pas\u00f3 en mi carrera, vestirla, sudarla y sentirla con todo el orgullo\u00bb.<\/p>\n<p>\u00abGracias hinchada, gracias familia, gracias amigos y compa\u00f1eros de selecci\u00f3n, seguimos haciendo historia y eso quedar\u00e1 por toda la eternidad. \u00a1Vamos Argentina carajo!\u00bb, sentenci\u00f3 Di Mar\u00eda, h\u00e9roe del conjunto nacional en las finales de la Copa Am\u00e9rica 2021, Finalissima 2022 y el Mundial de Qatar 2022.<\/p>\n<h3>Repudio a la represi\u00f3n contra los hinchas<\/h3>\n<p>Di Mar\u00eda dej\u00f3 en claro su bronca por la brutal represi\u00f3n de los polic\u00edas brasile\u00f1os a los hinchas argentinos en el Maracan\u00e1.<\/p>\n<p>\u201cLastimosamente no podemos dejar pasar los hechos que surgieron en el estadio, nadie merece ese mal trato, ni los golpes, familias y ni\u00f1os asustados en medio de un estadio donde lo \u00fanico que deber\u00eda haber pasado es ver y disfrutar un partido dentro de lo que es folclore del f\u00fatbol\u201d, expres\u00f3 y a\u00f1adi\u00f3: \u201cOjal\u00e1 no vuelvan a pasar este tipo de cosas. Nosotros como jugadores siempre siempre vamos a defender a nuestra gente sin duda alguna\u00bb.<\/p>\n","protected":false},"excerpt":{"rendered":"<p>\u00c1ngel Di Mar\u00eda, emblema de la Scaloneta, realiz\u00f3 un emotivo posteo en redes sociales y ratific\u00f3 que dejar\u00e1 la Selecci\u00f3n Argentina luego de la Copa Am\u00e9rica 2024. \u00abBueno, lleg\u00f3 el \u00faltimo partido de Eliminatorias para m\u00ed, no puedo expresar con palabras lo que me llena el alma la ovaci\u00f3n de la gente en este \u00faltimo &hellip;<\/p>\n","protected":false},"author":3,"featured_media":3141,"comment_status":"open","ping_status":"open","sticky":false,"template":"","format":"standard","meta":{"footnotes":""},"categories":[6],"tags":[],"class_list":["post-3140","post","type-post","status-publish","format-standard","has-post-thumbnail","hentry","category-internacionales"],"_links":{"self":[{"href":"https:\/\/www.sportchaco.com.ar\/index.php?rest_route=\/wp\/v2\/posts\/3140","targetHints":{"allow":["GET"]}}],"collection":[{"href":"https:\/\/www.sportchaco.com.ar\/index.php?rest_route=\/wp\/v2\/posts"}],"about":[{"href":"https:\/\/www.sportchaco.com.ar\/index.php?rest_route=\/wp\/v2\/types\/post"}],"author":[{"embeddable":true,"href":"https:\/\/www.sportchaco.com.ar\/index.php?rest_route=\/wp\/v2\/users\/3"}],"replies":[{"embeddable":true,"href":"https:\/\/www.sportchaco.com.ar\/index.php?rest_route=%2Fwp%2Fv2%2Fcomments&post=3140"}],"version-history":[{"count":1,"href":"https:\/\/www.sportchaco.com.ar\/index.php?rest_route=\/wp\/v2\/posts\/3140\/revisions"}],"predecessor-version":[{"id":3142,"href":"https:\/\/www.sportchaco.com.ar\/index.php?rest_route=\/wp\/v2\/posts\/3140\/revisions\/3142"}],"wp:featuredmedia":[{"embeddable":true,"href":"https:\/\/www.sportchaco.com.ar\/index.php?rest_route=\/wp\/v2\/media\/3141"}],"wp:attachment":[{"href":"https:\/\/www.sportchaco.com.ar\/index.php?rest_route=%2Fwp%2Fv2%2Fmedia&parent=3140"}],"wp:term":[{"taxonomy":"category","embeddable":true,"href":"https:\/\/www.sportchaco.com.ar\/index.php?rest_route=%2Fwp%2Fv2%2Fcategories&post=3140"},{"taxonomy":"post_tag","embeddable":true,"href":"https:\/\/www.sportchaco.com.ar\/index.php?rest_route=%2Fwp%2Fv2%2Ftags&post=3140"}],"curies":[{"name":"wp","href":"https:\/\/api.w.org\/{rel}","templated":true}]}}