{"id":3143,"date":"2023-11-23T20:07:29","date_gmt":"2023-11-23T23:07:29","guid":{"rendered":"https:\/\/www.sportchaco.com.ar\/?p=3143"},"modified":"2023-11-23T20:07:29","modified_gmt":"2023-11-23T23:07:29","slug":"chiqui-tapia-pidio-que-el-20-de-diciembre-sea-declarado-dia-del-hincha-de-la-seleccion-nacional","status":"publish","type":"post","link":"https:\/\/www.sportchaco.com.ar\/?p=3143","title":{"rendered":"\u00abChiqui\u00bb Tapia pidi\u00f3 que el 20 de diciembre sea declarado \u00abD\u00eda del hincha de la Selecci\u00f3n Nacional\u00bb"},"content":{"rendered":"<p>Claudio Tapia, pidi\u00f3 este jueves que \u00absenadores y diputados instauren el 20 de diciembre\u00bb como el D\u00eda del Hincha de la Selecci\u00f3n argentina, en homenaje a la movilizaci\u00f3n popular que ese d\u00eda festej\u00f3 en las calles de todo el pa\u00eds la consagraci\u00f3n en el Mundial Qatar 2022, lograda dos d\u00edas antes.<\/p>\n<p>\u00abSer\u00e1 una forma de agradecimiento al equipo campe\u00f3n del mundo de la mano del entrenador Lionel Scaloni y de Lionel Messi, que el pueblo argentino abraz\u00f3 en las calles en un festejo en celeste y blanco con m\u00e1s de cinco millones de personas, y que repercuti\u00f3 en todo el planeta\u00bb, sostuvo \u00abChiqui\u00bb Tapia en el predio de la AFA.<\/p>\n<p>Tapia habl\u00f3 esta tarde durante la Asamblea Ordinaria que se realiz\u00f3 en el estadio de Futsal del predio Lionel Andr\u00e9s Messi de Ezeiza, transmitida por el canal de la AFA en YouTube.<\/p>\n<p>En el encuentro, ante la presencia de medio centenar de dirigentes de clubes de todas las categor\u00edas del f\u00fatbol argentino, la conducci\u00f3n que lidera \u00abChiqui\u00bb Tapia obtuvo un contundente apoyo en contra de \u00abcualquier intento de la incorporaci\u00f3n de las Sociedades An\u00f3nimas Deportivas al Estatuto Social de la AFA.<\/p>\n","protected":false},"excerpt":{"rendered":"<p>Claudio Tapia, pidi\u00f3 este jueves que \u00absenadores y diputados instauren el 20 de diciembre\u00bb como el D\u00eda del Hincha de la Selecci\u00f3n argentina, en homenaje a la movilizaci\u00f3n popular que ese d\u00eda festej\u00f3 en las calles de todo el pa\u00eds la consagraci\u00f3n en el Mundial Qatar 2022, lograda dos d\u00edas antes. \u00abSer\u00e1 una forma de &hellip;<\/p>\n","protected":false},"author":3,"featured_media":3144,"comment_status":"open","ping_status":"open","sticky":false,"template":"","format":"standard","meta":{"footnotes":""},"categories":[47],"tags":[],"class_list":["post-3143","post","type-post","status-publish","format-standard","has-post-thumbnail","hentry","category-nacionales"],"_links":{"self":[{"href":"https:\/\/www.sportchaco.com.ar\/index.php?rest_route=\/wp\/v2\/posts\/3143","targetHints":{"allow":["GET"]}}],"collection":[{"href":"https:\/\/www.sportchaco.com.ar\/index.php?rest_route=\/wp\/v2\/posts"}],"about":[{"href":"https:\/\/www.sportchaco.com.ar\/index.php?rest_route=\/wp\/v2\/types\/post"}],"author":[{"embeddable":true,"href":"https:\/\/www.sportchaco.com.ar\/index.php?rest_route=\/wp\/v2\/users\/3"}],"replies":[{"embeddable":true,"href":"https:\/\/www.sportchaco.com.ar\/index.php?rest_route=%2Fwp%2Fv2%2Fcomments&post=3143"}],"version-history":[{"count":1,"href":"https:\/\/www.sportchaco.com.ar\/index.php?rest_route=\/wp\/v2\/posts\/3143\/revisions"}],"predecessor-version":[{"id":3145,"href":"https:\/\/www.sportchaco.com.ar\/index.php?rest_route=\/wp\/v2\/posts\/3143\/revisions\/3145"}],"wp:featuredmedia":[{"embeddable":true,"href":"https:\/\/www.sportchaco.com.ar\/index.php?rest_route=\/wp\/v2\/media\/3144"}],"wp:attachment":[{"href":"https:\/\/www.sportchaco.com.ar\/index.php?rest_route=%2Fwp%2Fv2%2Fmedia&parent=3143"}],"wp:term":[{"taxonomy":"category","embeddable":true,"href":"https:\/\/www.sportchaco.com.ar\/index.php?rest_route=%2Fwp%2Fv2%2Fcategories&post=3143"},{"taxonomy":"post_tag","embeddable":true,"href":"https:\/\/www.sportchaco.com.ar\/index.php?rest_route=%2Fwp%2Fv2%2Ftags&post=3143"}],"curies":[{"name":"wp","href":"https:\/\/api.w.org\/{rel}","templated":true}]}}