{"id":31430,"date":"2026-01-17T18:43:05","date_gmt":"2026-01-17T21:43:05","guid":{"rendered":"https:\/\/www.sportchaco.com.ar\/?p=31430"},"modified":"2026-01-17T19:53:09","modified_gmt":"2026-01-17T22:53:09","slug":"31430","status":"publish","type":"post","link":"https:\/\/www.sportchaco.com.ar\/?p=31430","title":{"rendered":"Jorge Altamirano y su pasi\u00f3n, el automovilismo"},"content":{"rendered":"<p>Jorge Luis Altamirano es un periodista\u00a0 todo terreno, como lo demostr\u00f3 en su larga historia frente a una c\u00e1mara, una m\u00e1quina de escribir o un micr\u00f3fono. Sin embargo, su pasi\u00f3n son los fierros. Por eso lo sorprend\u00ed con dos momentos hist\u00f3ricos, graficados en fotograf\u00edas que sigo seleccionado para\u00a0 futuras generaciones<\/p>\n<p>En una de ellas mi querido amigo y colega, junto a Luis Rub\u00e9n Di Palma,, a su lado Marquitos\u00a0 su hijo y el periodista deportivo expectante, esperando alguna declaraci\u00f3n. Lo emocion\u00f3 y mucho ese recuerdo, de haber estado junto a\u00a0uno de los m\u00e1ximos \u00eddolos de todos los tiempos&#8230;!!<\/p>\n<p><img decoding=\"async\" src=\"https:\/\/scontent.fcnq2-1.fna.fbcdn.net\/v\/t39.30808-6\/616942917_10232617786216137_8801127866739958308_n.jpg?_nc_cat=106&amp;ccb=1-7&amp;_nc_sid=127cfc&amp;_nc_eui2=AeFqX9KTf3ygBFdOc6_k7kHAV6dsmymfp3BXp2ybKZ-ncOD8r7z7aW998pbWTZQKYes&amp;_nc_ohc=uLsmolYOGBkQ7kNvwGUxH6s&amp;_nc_oc=Adlo6EBF7UFX95-_p893EtY6JP0zMzGvG2_-WojkdxvEcJucx_1D4PLHDypem1KuL78&amp;_nc_zt=23&amp;_nc_ht=scontent.fcnq2-1.fna&amp;_nc_gid=1_NcVIWgLzQfZj305QcotA&amp;oh=00_AfqWFk48jwq_ChgMpKbzosEPDwOZG7RJve4p-5KzVv7TYA&amp;oe=6971CB81\" alt=\"Puede ser una imagen de texto\" \/><\/p>\n<p><em><strong>Foto de Roberto Beignier que habla por su solo. Las publicidades, Diario Norte, DeporTV y Villoldo, Hugo, quien era el preparador.\u00a0<\/strong><\/em><\/p>\n<p>&nbsp;<\/p>\n<p>En la otra, el Altamriano copiloto, navegado en la carrera de Paso de la Patria en 1994 donde hicieron podio. Dos a\u00f1os antes hab\u00eda debutado como piloto en el Gran Premio desde la Isla del Cerrito.<\/p>\n<p><strong>LUIS DARIO MOLODEZKY<\/strong><\/p>\n<p><img decoding=\"async\" src=\"https:\/\/www.sportchaco.com.ar\/wp-content\/uploads\/2026\/01\/lUIS-dIA-pALMA-mARQUITOS-Y-jORGE-ALTAMRIANO.jpeg\" \/><\/p>\n<p><em><strong>Luis Rub\u00e9n y Marcos Di Palma, controlados por Jorge Altamirano<\/strong><\/em><\/p>\n","protected":false},"excerpt":{"rendered":"<p>Jorge Luis Altamirano es un periodista\u00a0 todo terreno, como lo demostr\u00f3 en su larga historia frente a una c\u00e1mara, una m\u00e1quina de escribir o un micr\u00f3fono. Sin embargo, su pasi\u00f3n son los fierros. Por eso lo sorprend\u00ed con dos momentos hist\u00f3ricos, graficados en fotograf\u00edas que sigo seleccionado para\u00a0 futuras generaciones En una de ellas mi &hellip;<\/p>\n","protected":false},"author":2,"featured_media":31431,"comment_status":"open","ping_status":"open","sticky":false,"template":"","format":"standard","meta":{"footnotes":""},"categories":[2,1],"tags":[],"class_list":["post-31430","post","type-post","status-publish","format-standard","has-post-thumbnail","hentry","category-automovilismo","category-fotos-del-recuerdo"],"_links":{"self":[{"href":"https:\/\/www.sportchaco.com.ar\/index.php?rest_route=\/wp\/v2\/posts\/31430","targetHints":{"allow":["GET"]}}],"collection":[{"href":"https:\/\/www.sportchaco.com.ar\/index.php?rest_route=\/wp\/v2\/posts"}],"about":[{"href":"https:\/\/www.sportchaco.com.ar\/index.php?rest_route=\/wp\/v2\/types\/post"}],"author":[{"embeddable":true,"href":"https:\/\/www.sportchaco.com.ar\/index.php?rest_route=\/wp\/v2\/users\/2"}],"replies":[{"embeddable":true,"href":"https:\/\/www.sportchaco.com.ar\/index.php?rest_route=%2Fwp%2Fv2%2Fcomments&post=31430"}],"version-history":[{"count":3,"href":"https:\/\/www.sportchaco.com.ar\/index.php?rest_route=\/wp\/v2\/posts\/31430\/revisions"}],"predecessor-version":[{"id":31442,"href":"https:\/\/www.sportchaco.com.ar\/index.php?rest_route=\/wp\/v2\/posts\/31430\/revisions\/31442"}],"wp:featuredmedia":[{"embeddable":true,"href":"https:\/\/www.sportchaco.com.ar\/index.php?rest_route=\/wp\/v2\/media\/31431"}],"wp:attachment":[{"href":"https:\/\/www.sportchaco.com.ar\/index.php?rest_route=%2Fwp%2Fv2%2Fmedia&parent=31430"}],"wp:term":[{"taxonomy":"category","embeddable":true,"href":"https:\/\/www.sportchaco.com.ar\/index.php?rest_route=%2Fwp%2Fv2%2Fcategories&post=31430"},{"taxonomy":"post_tag","embeddable":true,"href":"https:\/\/www.sportchaco.com.ar\/index.php?rest_route=%2Fwp%2Fv2%2Ftags&post=31430"}],"curies":[{"name":"wp","href":"https:\/\/api.w.org\/{rel}","templated":true}]}}