{"id":31463,"date":"2026-01-18T11:18:18","date_gmt":"2026-01-18T14:18:18","guid":{"rendered":"https:\/\/www.sportchaco.com.ar\/?p=31463"},"modified":"2026-01-18T18:35:18","modified_gmt":"2026-01-18T21:35:18","slug":"beltran-el-nuevo-nombre-en-el-arco-de-river","status":"publish","type":"post","link":"https:\/\/www.sportchaco.com.ar\/?p=31463","title":{"rendered":"Beltran, el nuevo nombre en el arco de River"},"content":{"rendered":"<header class=\"article-header-wrapper\">\n<div class=\"article-header with-follow-button-ctn\">\n<h5 id=\"la-destacada-actuacion-del-arquero-juvenil-de-river-en-la-victoria-contra-penarol:-del-penal-que-atajo-al-gesto-de-armani\" class=\"display-block article-headline text_align_left\">La destacada actuaci\u00f3n del arquero juvenil de River en la victoria contra Pe\u00f1arol: del penal que ataj\u00f3 al gesto de Armani. Santiago Beltr\u00e1n, de 19 a\u00f1os, fue titular en los dos partidos de la pretemporada del equipo de Marcelo Gallardo y puntualiz\u00f3 en la ayuda que recibe del experimentado guardameta del plantel<\/h5>\n<\/div>\n<\/header>\n<article class=\"article\">\n<div class=\"sharebar-container display_flex\">\n<div class=\"sharebar-buttons-container display_flex\">\n<div class=\"sharebar-buttons button-save\" tabindex=\"0\" role=\"button\" aria-label=\"Guardar\"><\/div>\n<div class=\"sharebar-buttons-separator\"><\/div>\n<\/div>\n<\/div>\n<div class=\"body-article \">\n<div class=\"visual__image image-initial-width\">Santiago Beltr\u00e1n, el juvenil de River que se destac\u00f3 con sus actuaciones en el arco durante la pretemporada (Fotobaires \/ Gast\u00f3n Britos)<\/div>\n<p class=\"paragraph\"><b>River Plate<\/b>\u00a0<b>obtuvo una<\/b><a title=\"https:\/\/www.infobae.com\/deportes\/2026\/01\/17\/river-plate-enfrentara-a-penarol-de-uruguay-en-su-segundo-amistoso-del-ano-hora-tv-y-formaciones\/\" href=\"https:\/\/www.infobae.com\/deportes\/2026\/01\/17\/river-plate-enfrentara-a-penarol-de-uruguay-en-su-segundo-amistoso-del-ano-hora-tv-y-formaciones\/\" target=\"_blank\" rel=\"noopener noreferrer\"><b>\u00a0victoria en la tanda de penales por 4-2 contra Pe\u00f1arol<\/b><\/a><b>\u00a0<\/b>en el segundo amistoso de su gira por Uruguay. En el\u00a0<i>Campus de Maldonado<\/i>, el\u00a0<i>Millonario<\/i>\u00a0empat\u00f3 sin goles contra el\u00a0<i>Manya\u00a0<\/i>y se termin\u00f3 imponiendo en la definici\u00f3n desde los once pasos gracias a una atajada del arquero\u00a0<b>Santiago Beltr\u00e1n<\/b>\u00a0y la conversi\u00f3n del juvenil\u00a0<b>Ian Subiabre<\/b>.\u00a0<b>El juvenil se destac\u00f3 como uno de los protagonistas de la pretemporada<\/b>\u00a0de la\u00a0<i>Banda\u00a0<\/i>al reemplazar a\u00a0<b>Franco Armani<\/b>, a quien destac\u00f3 en sus declaraciones postpartido, y podr\u00eda debutar de manera oficial en el inicio del\u00a0<b>Torneo Apertura<\/b>\u00a0ante la lesi\u00f3n del campe\u00f3n del mundo.<\/p>\n<p class=\"paragraph\">El arquero de\u00a0<b>19 a\u00f1os<\/b>\u00a0se hizo cargo del arco de River luego de las molestias f\u00edsicas del\u00a0<i>Pulpo,<\/i>\u00a0la salida de\u00a0<b>Jerem\u00edas Ledesma<\/b>\u00a0a\u00a0<b>Rosario Central\u00a0<\/b>y la fractura de mu\u00f1eca que mantiene a<b>\u00a0Ezequiel Centuri\u00f3n\u00a0<\/b>en rehabilitaci\u00f3n. Despu\u00e9s de completar un amistoso contra\u00a0<b>Millonarios de Colombia<\/b>\u00a0en el que no tuvo mucho trabajo,\u00a0<b>Beltr\u00e1n fue una de las figuras del elenco de Marcelo Gallardo contra el\u00a0<\/b><i><b>Carbonero<\/b><\/i>.<\/p>\n<p class=\"paragraph\">Su primera intervenci\u00f3n ocurri\u00f3 en los primeros compases del juego, cuando despu\u00e9s de una falla de\u00a0<b>Lucas Mart\u00ednez Quarta<\/b>\u00a0tuvo que salir hasta afuera del \u00e1rea para despejar la pelota. El arquero cerr\u00f3 de manera perfecta, aunque en la jugada\u00a0<a title=\"https:\/\/www.infobae.com\/deportes\/2026\/01\/18\/el-fuerte-choque-entre-el-arquero-de-river-santiago-beltran-y-abel-hernandez-las-lagrimas-del-jugador-de-penarol\/\" href=\"https:\/\/www.infobae.com\/deportes\/2026\/01\/18\/el-fuerte-choque-entre-el-arquero-de-river-santiago-beltran-y-abel-hernandez-las-lagrimas-del-jugador-de-penarol\/\" target=\"_blank\" rel=\"noopener noreferrer\">el atacante\u00a0<b>Abel Hern\u00e1ndez<\/b>\u00a0se retir\u00f3 entre l\u00e1grimas por una lesi\u00f3n<\/a>.<\/p>\n<div class=\"rawHTML raw_html \"><\/div>\n<p class=\"paragraph\">Despu\u00e9s de un desarrollo del encuentro en el que se mostr\u00f3 firme bajo los tres palos, principalmente en las salidas para cortar centros. No obstante, acapar\u00f3 los flashes en la tanda de penales luego de que el partido finalizara sin goles. Tras las conversiones de\u00a0<b>Gast\u00f3n Togni<\/b>\u00a0y\u00a0<b>Leandro Umpi\u00e9rrez<\/b>, y el remate desviado por encima del travesa\u00f1o de\u00a0<b>Julio Daguer<\/b>,\u00a0<b>Santiago Beltr\u00e1n le tap\u00f3 un tiro clave a Ignacio Alegre<\/b>.<b>\u00a0El arquero se lanz\u00f3 sobre su palo derecho y logr\u00f3 despejar el disparo del uruguayo<\/b>, algo que le permiti\u00f3 a\u00a0<b>Ian Subiabre<\/b>\u00a0marcar el 4-2 definitivo.<\/p>\n<div class=\"worldcup2026ctawc-content\">\n<div class=\"worldcup2026ctawc-content-text\">\n<p class=\"worldcup2026ctawc-content-text-description\"><img decoding=\"async\" src=\"https:\/\/media.losandes.com.ar\/p\/039a6b839ee96cb5eecd66451892fc10\/adjuntos\/368\/imagenes\/100\/682\/0100682895\/1000x0\/smart\/river-plate-penarol.png\" alt=\"River Plate - Pe\u00f1arol\" \/><\/p>\n<\/div>\n<div class=\"worldcup2026ctawc-content-arrow\"><\/div>\n<\/div>\n<p class=\"paragraph\">\u201c<b>Estoy<\/b>\u00a0<b>muy contento por poder sumar en estos amistosos. Obviamente, es una preparaci\u00f3n para el a\u00f1o que se nos viene, as\u00ed que es importante mantener el arco en cero<\/b>. Hay que intentar seguir sumando desde el lugar que me toca\u201d, coment\u00f3 Beltr\u00e1n en di\u00e1logo con\u00a0<i>ESPN\u00a0<\/i>despu\u00e9s del duelo.<\/p>\n<p class=\"paragraph\">Inmediatamente, el arquero de 19 a\u00f1os destac\u00f3 el v\u00ednculo que tiene con Armani y la importancia del experimentado guardameta en su desarrollo: \u201c<b>Con Franco nos dimos un gran abrazo. \u00c9l es, para m\u00ed, un \u00eddolo. Me acompa\u00f1a d\u00eda a d\u00eda en cada entrenamiento<\/b>.\u00a0<b>Me dijo que estuviera tranquilo, que lo disfrutara. Que pocos son los que tienen la oportunidad de atajar en este arco siendo tan joven<\/b>. Entonces, me dijo que lo disfrutara y que estuviese tranquilo\u201d.<\/p>\n<p class=\"paragraph\">\u201cCreo que son momentos.\u00a0<b>Los penales son momentos en los que tenes que estar fuerte de la cabeza, tenes que estar muy presente e intentar leer alg\u00fan movimiento del pateador<\/b>. Pero, m\u00e1s que nada, es eso. Son momentos y estar en el lugar donde te toca\u201d, coment\u00f3 sobre su desempe\u00f1o en la tanda de penales y los buenos registros que mantiene desde la reserva en el apartado.<\/p>\n<p class=\"paragraph\">Por \u00faltimo, hizo hincapi\u00e9 en lo que fue la oportunidad de sumar sus primeros minutos en el arco de River: \u201cLamentablemente, fue la lesi\u00f3n de Franco la que me abri\u00f3 un lugar a m\u00ed.\u00a0<b>Estoy tranquilo. S\u00e9 que esto es paso a paso. Era intentar hacerlo de menor a mayor, con mucha tranquilidad y a seguir sumando experiencia<\/b>\u201d.<\/p>\n<div class=\"rawHTML raw_html \"><\/div>\n<p class=\"paragraph\">Nacido el 4 de octubre de 2004 en Buenos Aires, y con 1,91 metros de estatura,\u00a0<b>el arquero suma cuatro convocatorias al banco de suplentes en partidos oficiales<\/b>, aunque todav\u00eda no registra minutos en competencias profesionales con la Primera. En caso de persistir la lesi\u00f3n de Armani, podr\u00eda estrenarse de manera profesional el pr\u00f3ximo s\u00e1bado en el choque entre el\u00a0<i>Millonario<\/i>\u00a0y\u00a0<b>Barracas Central<\/b>.<\/p>\n<p class=\"paragraph\">Su primera experiencia ocurri\u00f3 en un amistoso frente a\u00a0<b>Millonarios el 9 de julio de 2024<\/b>, donde ingres\u00f3 en el segundo tiempo en el empate en el\u00a0<i>estadio Monumental<\/i>. Esa aparici\u00f3n, bajo la direcci\u00f3n t\u00e9cnica de\u00a0<b>Mart\u00edn Demichelis<\/b>, fue el primer contacto del bonaerense con la m\u00e1xima exigencia del club. Posteriormente, complet\u00f3 los partidos contra el cuadro colombiano y Pe\u00f1arol en la pretemporada de 2026.<\/p>\n<p><iframe loading=\"lazy\" title=\"BELTR\u00c1N FIGURA EN LOS PENALES, DEBUT\u00d3 MORENO Y TRIUNFO DE RIVER | Pe\u00f1arol 0-0 River | RESUMEN\" width=\"500\" height=\"281\" src=\"https:\/\/www.youtube.com\/embed\/r25PxYHRwkc?feature=oembed\" frameborder=\"0\" allow=\"accelerometer; autoplay; clipboard-write; encrypted-media; gyroscope; picture-in-picture; web-share\" referrerpolicy=\"strict-origin-when-cross-origin\" allowfullscreen><\/iframe><\/p>\n<p class=\"paragraph\"><a title=\"https:\/\/www.infobae.com\/deportes\/2026\/01\/11\/jugaba-torneos-amateurs-y-scaloni-lo-cito-como-sparring-la-historia-de-santiago-beltran-el-arquero-que-reemplazara-a-armani-en-river\/\" href=\"https:\/\/www.infobae.com\/deportes\/2026\/01\/11\/jugaba-torneos-amateurs-y-scaloni-lo-cito-como-sparring-la-historia-de-santiago-beltran-el-arquero-que-reemplazara-a-armani-en-river\/\" target=\"_blank\" rel=\"noopener noreferrer\">El recorrido de Santiago Beltr\u00e1n en el f\u00fatbol federado es inusual<\/a>.\u00a0<b>Se sum\u00f3 a la Quinta Divisi\u00f3n de River Plate en marzo de 2022 sin antecedentes en clubes de la AFA<\/b>. El propio jugador relat\u00f3 a la web oficial de la instituci\u00f3n de N\u00fa\u00f1ez: \u201cMi historia es muy distinta a lo que nos tiene acostumbrados el mundo del f\u00fatbol, porque<b>\u00a0toda mi vida jugu\u00e9 torneos amateurs con mis amigos. Nunca se me hab\u00eda dado la posibilidad de jugar en un club grande como River<\/b>\u201d. Su llegada se produjo tras una prueba de dos semanas, que super\u00f3 cuando el torneo ya estaba en marcha. En esa oportunidad, confes\u00f3:\u00a0<b>\u201cLa verdad es que me cambi\u00f3 la vida, porque ten\u00eda el sue\u00f1o de jugar al f\u00fatbol para llegar a ser profesional\u201d.<\/b><\/p>\n<div class=\"visual__image\"><picture><source srcset=\"https:\/\/www.infobae.com\/resizer\/v2\/XFFCE6GD2ZGIXIRVVDZ2AEOH4Q.jpg?auth=453c84b8cf73e73b45b20daec79fdba0ef0e145ae9a1d3ee588b5aa38f0d033e&amp;smart=true&amp;width=992&amp;height=661&amp;quality=85\" media=\"(min-width: 1000px)\" \/><source srcset=\"https:\/\/www.infobae.com\/resizer\/v2\/XFFCE6GD2ZGIXIRVVDZ2AEOH4Q.jpg?auth=453c84b8cf73e73b45b20daec79fdba0ef0e145ae9a1d3ee588b5aa38f0d033e&amp;smart=true&amp;width=768&amp;height=512&amp;quality=85\" media=\"(min-width: 768px)\" \/><source srcset=\"https:\/\/www.infobae.com\/resizer\/v2\/XFFCE6GD2ZGIXIRVVDZ2AEOH4Q.jpg?auth=453c84b8cf73e73b45b20daec79fdba0ef0e145ae9a1d3ee588b5aa38f0d033e&amp;smart=true&amp;width=577&amp;height=385&amp;quality=85\" media=\"(min-width: 580px)\" \/><source srcset=\"https:\/\/www.infobae.com\/resizer\/v2\/XFFCE6GD2ZGIXIRVVDZ2AEOH4Q.jpg?auth=453c84b8cf73e73b45b20daec79fdba0ef0e145ae9a1d3ee588b5aa38f0d033e&amp;smart=true&amp;width=420&amp;height=280&amp;quality=85\" media=\"(min-width: 350px)\" \/><source srcset=\"https:\/\/www.infobae.com\/resizer\/v2\/XFFCE6GD2ZGIXIRVVDZ2AEOH4Q.jpg?auth=453c84b8cf73e73b45b20daec79fdba0ef0e145ae9a1d3ee588b5aa38f0d033e&amp;smart=true&amp;width=350&amp;height=233&amp;quality=85\" media=\"(min-width: 80px)\" \/><img loading=\"lazy\" decoding=\"async\" class=\"global-image\" src=\"https:\/\/www.infobae.com\/resizer\/v2\/XFFCE6GD2ZGIXIRVVDZ2AEOH4Q.jpg?auth=453c84b8cf73e73b45b20daec79fdba0ef0e145ae9a1d3ee588b5aa38f0d033e&amp;smart=true&amp;width=350&amp;height=233&amp;quality=85\" alt=\"Santiago Beltr\u00e1n fue sparring de\" width=\"1920\" height=\"1280\" \/><\/picture>Santiago Beltr\u00e1n fue sparring de la selecci\u00f3n argentina por pedido de Lionel Scaloni en la \u00faltima fecha FIFA<\/div>\n<p class=\"paragraph\">\u201c<b>Considero que soy muy eficiente bajo los tres palos y me hago fuerte en los mano a mano. Con el correr de los entrenamientos y partidos fui mejorando en la lectura del juego<\/b>. Por ejemplo, estar concentrado a la hora de salir a cortar un centro, jugar mucho fuera del \u00e1rea. Eso nos piden siempre en River, actuar como un l\u00edbero, porque podemos resolver cuestiones defensivas\u201d, se describi\u00f3 hace unos a\u00f1os en la p\u00e1gina oficial del conjunto de N\u00fa\u00f1ez.<\/p>\n<p class=\"paragraph\">Su progresi\u00f3n en las inferiores de River se vio interrumpida\u00a0<b>por una importante lesi\u00f3n el 14 de septiembre de 2024, cuando sufri\u00f3 la rotura del ligamento cruzado anterior de la rodilla izquierda.\u00a0<\/b>No obstante, logr\u00f3 recuperarse perfectamente y, despu\u00e9s de buenas actuaciones, en octubre del a\u00f1o pasado<b>\u00a0fue convocado por Lionel Scaloni para ser sparring de la selecci\u00f3n argentina\u00a0<\/b>durante los amistosos con Venezuela y Puerto Rico.<\/p>\n<p class=\"paragraph\">Luego de los amistosos contra Millonarios de Colombia y Pe\u00f1arol de Uruguay, la agenda del equipo de Marcelo Gallardo seguir\u00e1 con el<b>\u00a0debut oficial de River por el Torneo Apertura: chocar\u00e1 contra Barracas Central en condici\u00f3n de visitante el s\u00e1bado 24 de enero<\/b>\u00a0desde las 17:00 horas, donde Beltr\u00e1n podr\u00eda tener su estreno profesional en caso de que Armani no se recupere a tiempo de su lesi\u00f3n.<\/p>\n<p><img loading=\"lazy\" decoding=\"async\" class=\"alignnone size-full wp-image-31286\" src=\"https:\/\/www.sportchaco.com.ar\/wp-content\/uploads\/2026\/01\/WhatsApp-Image-2026-01-13-at-10.45.08-2.jpeg\" alt=\"\" width=\"201\" height=\"201\" srcset=\"https:\/\/www.sportchaco.com.ar\/wp-content\/uploads\/2026\/01\/WhatsApp-Image-2026-01-13-at-10.45.08-2.jpeg 201w, https:\/\/www.sportchaco.com.ar\/wp-content\/uploads\/2026\/01\/WhatsApp-Image-2026-01-13-at-10.45.08-2-150x150.jpeg 150w\" sizes=\"auto, (max-width: 201px) 100vw, 201px\" \/> <img loading=\"lazy\" decoding=\"async\" class=\"alignnone size-full wp-image-31287\" src=\"https:\/\/www.sportchaco.com.ar\/wp-content\/uploads\/2026\/01\/WhatsApp-Image-2026-01-13-at-10.45.08.jpeg\" alt=\"\" width=\"300\" height=\"300\" srcset=\"https:\/\/www.sportchaco.com.ar\/wp-content\/uploads\/2026\/01\/WhatsApp-Image-2026-01-13-at-10.45.08.jpeg 300w, https:\/\/www.sportchaco.com.ar\/wp-content\/uploads\/2026\/01\/WhatsApp-Image-2026-01-13-at-10.45.08-150x150.jpeg 150w\" sizes=\"auto, (max-width: 300px) 100vw, 300px\" \/><\/p>\n<\/div>\n<\/article>\n","protected":false},"excerpt":{"rendered":"<p>La destacada actuaci\u00f3n del arquero juvenil de River en la victoria contra Pe\u00f1arol: del penal que ataj\u00f3 al gesto de Armani. Santiago Beltr\u00e1n, de 19 a\u00f1os, fue titular en los dos partidos de la pretemporada del equipo de Marcelo Gallardo y puntualiz\u00f3 en la ayuda que recibe del experimentado guardameta del plantel Santiago Beltr\u00e1n, el &hellip;<\/p>\n","protected":false},"author":2,"featured_media":31464,"comment_status":"open","ping_status":"open","sticky":false,"template":"","format":"standard","meta":{"footnotes":""},"categories":[47],"tags":[],"class_list":["post-31463","post","type-post","status-publish","format-standard","has-post-thumbnail","hentry","category-nacionales"],"_links":{"self":[{"href":"https:\/\/www.sportchaco.com.ar\/index.php?rest_route=\/wp\/v2\/posts\/31463","targetHints":{"allow":["GET"]}}],"collection":[{"href":"https:\/\/www.sportchaco.com.ar\/index.php?rest_route=\/wp\/v2\/posts"}],"about":[{"href":"https:\/\/www.sportchaco.com.ar\/index.php?rest_route=\/wp\/v2\/types\/post"}],"author":[{"embeddable":true,"href":"https:\/\/www.sportchaco.com.ar\/index.php?rest_route=\/wp\/v2\/users\/2"}],"replies":[{"embeddable":true,"href":"https:\/\/www.sportchaco.com.ar\/index.php?rest_route=%2Fwp%2Fv2%2Fcomments&post=31463"}],"version-history":[{"count":2,"href":"https:\/\/www.sportchaco.com.ar\/index.php?rest_route=\/wp\/v2\/posts\/31463\/revisions"}],"predecessor-version":[{"id":31481,"href":"https:\/\/www.sportchaco.com.ar\/index.php?rest_route=\/wp\/v2\/posts\/31463\/revisions\/31481"}],"wp:featuredmedia":[{"embeddable":true,"href":"https:\/\/www.sportchaco.com.ar\/index.php?rest_route=\/wp\/v2\/media\/31464"}],"wp:attachment":[{"href":"https:\/\/www.sportchaco.com.ar\/index.php?rest_route=%2Fwp%2Fv2%2Fmedia&parent=31463"}],"wp:term":[{"taxonomy":"category","embeddable":true,"href":"https:\/\/www.sportchaco.com.ar\/index.php?rest_route=%2Fwp%2Fv2%2Fcategories&post=31463"},{"taxonomy":"post_tag","embeddable":true,"href":"https:\/\/www.sportchaco.com.ar\/index.php?rest_route=%2Fwp%2Fv2%2Ftags&post=31463"}],"curies":[{"name":"wp","href":"https:\/\/api.w.org\/{rel}","templated":true}]}}