{"id":31470,"date":"2026-01-18T13:00:42","date_gmt":"2026-01-18T16:00:42","guid":{"rendered":"https:\/\/www.sportchaco.com.ar\/?p=31470"},"modified":"2026-01-18T18:41:04","modified_gmt":"2026-01-18T21:41:04","slug":"boca-unidos-tiene-duenos-y-no-son-sus-socios","status":"publish","type":"post","link":"https:\/\/www.sportchaco.com.ar\/?p=31470","title":{"rendered":"Boca Unidos tiene due\u00f1os y no son sus socios"},"content":{"rendered":"<h1>Foto portada de Jos\u00e9 Chamot<\/h1>\n<p><strong>Jos\u00e9 Chamot: \u00abEs un desaf\u00edo y un compromiso muy grande este proyecto de Boca Unidos\u00bb. <span style=\"font-size: 16px;\">El entrerriano, ex defensor de Rosario Central y que jug\u00f3 tres mundiales, es la cabeza principal del nuevo emprendimiento aurirrojo. El entrerriano se qued\u00f3 con el f\u00fatbol de Boca Unidos, que entrego todo el manejo a un grupo empresario, que desplaz\u00f3 a Nu\u00f1ez\u00a0 y Ricardone y trajo a Lucas Batistuta. De esta manera los socios quedan desplazados del manejo de la instituci\u00f3n. Quien se har\u00e1 cargo cuando decidan marcharse?.<\/span><\/strong><\/p>\n<p>&nbsp;<\/p>\n<div class=\"meta\"><time>18 de Enero, 2026<br \/>\n<\/time><\/div>\n<section class=\"body\">\n<section class=\"content\">\n<div class=\"main-text\">\n<div class=\"social\">\n<div class=\"share\"><\/div>\n<\/div>\n<p>Jos\u00e9 Chamot, con 56 a\u00f1os, fue el nombre escogido por el grupo empresarial que manejar\u00e1 los destinos de Boca Unidos durante dos temporadas, fundamentalmente de cara al pr\u00f3ximo torneo Federal A, que se iniciar\u00eda a mediados de marzo, para ocupar el cargo de director deportivo.<\/p>\n<div class=\" large m_image\"><\/div>\n<p>En las \u00faltimas horas el ex futbolista de Rosario Central, y que disput\u00f3 tres mundiales con la selecci\u00f3n argentina, habl\u00f3 en la Oral Deportiva por la radio Rivadavia respecto a este desembarco en el club correntino.<\/p>\n<p>\u00abDe verdad, estoy contento por este nuevo desaf\u00edo que me da este lindo deporte que es el f\u00fatbol. Son desaf\u00edos que se viven y se mastican, y hay que saberlo llevar con paciencia, d\u00eda a d\u00eda, rodearse de gente. Solo, es imposible lograr algo. Esto se trata de equipos, y para eso he caminado bastante, por eso me anim\u00e9, porque estoy rodeado de buena gente, gente que quiere el bien de Boca Unidos, y ah\u00ed estamos trabajando\u00bb.<\/p>\n<p>Este emprendimiento es potenciar el f\u00fatbol con Lucas Batistuta como entrenador principal. \u00abEs un lindo desaf\u00edo, nos hemos encontrado muchas veces en coincidencia con Ivan Gold y as\u00ed tambi\u00e9n con mi amigo Batistuta en Reconquista. Siempre hemos hablado de trabajar en algo juntos, y fue madurando la cosa, se fue dando y hoy estamos en este lugar, analizando todo paso a paso, todo se fue formado de a poco y hoy nos encontramos en este lugar donde estamos analizando todo a paso firme, esa es la idea y pensando bien en cada decisi\u00f3n que hay que tomar. Sabemos que es un desaf\u00edo y un compromiso muy grande porque Boca Unidos es un equipo que merece estar en lo m\u00e1s alto\u00bb, se\u00f1al\u00f3.<\/p>\n<p>Al f\u00fatbol del litoral siempre le ha faltado algo m\u00e1s para estar en la \u00e9lite y en progreso constante m\u00e1s all\u00e1 de lo de Hurac\u00e1n, Mandiy\u00fa y Crucero del Norte, y cuesta tratar de entender porqu\u00e9. \u00abA estos niveles la diferencia est\u00e1 ah\u00ed, en los detalles. Un partido no se gana el d\u00eda que se juega, se gana durante la semana, trabajando, entrenando, mentaliz\u00e1ndose bien. Ganar en el detalle, en la cabeza, achicar el margen de error y Bueno despu\u00e9s todo sucede cuando cada uno de los jugadores est\u00e1n metidos al 100 por ciento en lo que tienen que hacer, al igual que los entrenadores y todo lo que rodea al objetivo y de esa forma uno piensa a ver, que las cosas van a tomar forma\u00bb, agreg\u00f3.<\/p>\n<p><img decoding=\"async\" src=\"https:\/\/www.radiosudamericana.com\/notix\/multimedia\/imagenes\/fotos\/2026-01-17\/718345.png_nota.png\" \/><\/p>\n<p>Sobre sociedades an\u00f3nimas y este formato de gerenciamiento disfrazado, detall\u00f3: \u00abMe gusta cuando se piensa en el bien del club, de la gente, cuando uno ve que un club prospera, va siempre a mas, no a menos y eso es llevar bien las cuentas, la ideas y que perdure en el tiempo. Por eso mismo me encanta la gente que tiene la cabeza prolija y m\u00e1s que todo crea una solidez en lo que se hace y lo que se deja. Que todo sirva para sacar adelante un club, que el d\u00eda de ma\u00f1ana uno vuelva como jugador o como parte de un proyecto y lo ve crecido, m\u00e1s grande que lo que uno lo dej\u00f3, algo que es muy importante\u00bb.<\/p>\n<p><img decoding=\"async\" src=\"https:\/\/pxcdn.ellitoral.com.ar\/litoral\/012026\/1768680815232.webp?cw=1200&amp;ch=675&amp;extw=jpg\" alt=\"Boca Unidos oficializ\u00f3 a Lucas Batistuta como nuevo DT: as\u00ed es su cuerpo t\u00e9cnico\" \/><\/p>\n<p><em><strong>El Club Atl\u00e9tico\u00a0Boca Unidos confirm\u00f3 oficialmente a Lucas Batistuta\u00a0como nuevo director t\u00e9cnico del plantel profesional que disputar\u00e1 el\u00a0Torneo Federal A\u00a02026.<\/strong><\/em><\/p>\n<p>Por \u00faltimo sostuvo: \u00abEs importante que el club no se endeude, que pueda valorar sus cosas y pueda crecer. Nuestro proyecto en Boca Unidos consiste en dar una entidad, un estilo de juego que identifique lo que es el club, siempre comprometiendo a todas las personas, a esos \u00eddolos que tiene el club\u00bb.<\/p>\n<p>De refuerzos explic\u00f3: \u00abHay que entender la categor\u00eda. M\u00e1s all\u00e1 de los nombres, para m\u00ed el armado del equipo es fundamental. Nunca me gust\u00f3 juntar nombres importantes, sino armar un equipo que funcione, que sea pr\u00e1ctico y \u00fatil para el objetivo a alcanzar\u00bb.<\/p>\n<p style=\"text-align: center;\"><img loading=\"lazy\" decoding=\"async\" class=\"alignnone size-full wp-image-31287\" src=\"https:\/\/www.sportchaco.com.ar\/wp-content\/uploads\/2026\/01\/WhatsApp-Image-2026-01-13-at-10.45.08.jpeg\" alt=\"\" width=\"300\" height=\"300\" srcset=\"https:\/\/www.sportchaco.com.ar\/wp-content\/uploads\/2026\/01\/WhatsApp-Image-2026-01-13-at-10.45.08.jpeg 300w, https:\/\/www.sportchaco.com.ar\/wp-content\/uploads\/2026\/01\/WhatsApp-Image-2026-01-13-at-10.45.08-150x150.jpeg 150w\" sizes=\"auto, (max-width: 300px) 100vw, 300px\" \/> <img loading=\"lazy\" decoding=\"async\" class=\"alignnone size-medium wp-image-31276\" src=\"https:\/\/www.sportchaco.com.ar\/wp-content\/uploads\/2026\/01\/WhatsApp-Image-2026-01-13-at-10.45.08-3-300x300.jpeg\" alt=\"\" width=\"300\" height=\"300\" srcset=\"https:\/\/www.sportchaco.com.ar\/wp-content\/uploads\/2026\/01\/WhatsApp-Image-2026-01-13-at-10.45.08-3-300x300.jpeg 300w, https:\/\/www.sportchaco.com.ar\/wp-content\/uploads\/2026\/01\/WhatsApp-Image-2026-01-13-at-10.45.08-3-150x150.jpeg 150w, https:\/\/www.sportchaco.com.ar\/wp-content\/uploads\/2026\/01\/WhatsApp-Image-2026-01-13-at-10.45.08-3.jpeg 417w\" sizes=\"auto, (max-width: 300px) 100vw, 300px\" \/><\/p>\n<\/div>\n<\/section>\n<\/section>\n","protected":false},"excerpt":{"rendered":"<p>Foto portada de Jos\u00e9 Chamot Jos\u00e9 Chamot: \u00abEs un desaf\u00edo y un compromiso muy grande este proyecto de Boca Unidos\u00bb. El entrerriano, ex defensor de Rosario Central y que jug\u00f3 tres mundiales, es la cabeza principal del nuevo emprendimiento aurirrojo. El entrerriano se qued\u00f3 con el f\u00fatbol de Boca Unidos, que entrego todo el manejo &hellip;<\/p>\n","protected":false},"author":2,"featured_media":31471,"comment_status":"open","ping_status":"open","sticky":false,"template":"","format":"standard","meta":{"footnotes":""},"categories":[72],"tags":[],"class_list":["post-31470","post","type-post","status-publish","format-standard","has-post-thumbnail","hentry","category-futbol-puro"],"_links":{"self":[{"href":"https:\/\/www.sportchaco.com.ar\/index.php?rest_route=\/wp\/v2\/posts\/31470","targetHints":{"allow":["GET"]}}],"collection":[{"href":"https:\/\/www.sportchaco.com.ar\/index.php?rest_route=\/wp\/v2\/posts"}],"about":[{"href":"https:\/\/www.sportchaco.com.ar\/index.php?rest_route=\/wp\/v2\/types\/post"}],"author":[{"embeddable":true,"href":"https:\/\/www.sportchaco.com.ar\/index.php?rest_route=\/wp\/v2\/users\/2"}],"replies":[{"embeddable":true,"href":"https:\/\/www.sportchaco.com.ar\/index.php?rest_route=%2Fwp%2Fv2%2Fcomments&post=31470"}],"version-history":[{"count":3,"href":"https:\/\/www.sportchaco.com.ar\/index.php?rest_route=\/wp\/v2\/posts\/31470\/revisions"}],"predecessor-version":[{"id":31484,"href":"https:\/\/www.sportchaco.com.ar\/index.php?rest_route=\/wp\/v2\/posts\/31470\/revisions\/31484"}],"wp:featuredmedia":[{"embeddable":true,"href":"https:\/\/www.sportchaco.com.ar\/index.php?rest_route=\/wp\/v2\/media\/31471"}],"wp:attachment":[{"href":"https:\/\/www.sportchaco.com.ar\/index.php?rest_route=%2Fwp%2Fv2%2Fmedia&parent=31470"}],"wp:term":[{"taxonomy":"category","embeddable":true,"href":"https:\/\/www.sportchaco.com.ar\/index.php?rest_route=%2Fwp%2Fv2%2Fcategories&post=31470"},{"taxonomy":"post_tag","embeddable":true,"href":"https:\/\/www.sportchaco.com.ar\/index.php?rest_route=%2Fwp%2Fv2%2Ftags&post=31470"}],"curies":[{"name":"wp","href":"https:\/\/api.w.org\/{rel}","templated":true}]}}