{"id":3149,"date":"2023-11-24T00:10:32","date_gmt":"2023-11-24T03:10:32","guid":{"rendered":"https:\/\/www.sportchaco.com.ar\/?p=3149"},"modified":"2023-11-24T11:00:35","modified_gmt":"2023-11-24T14:00:35","slug":"efemerides-del-24-de-noviembre","status":"publish","type":"post","link":"https:\/\/www.sportchaco.com.ar\/?p=3149","title":{"rendered":"Efem\u00e9rides del 24 de noviembre"},"content":{"rendered":"<p><b>Estas son las efem\u00e9rides de un 24 de noviembre, del libro \u00ab100 a\u00f1os de historia del deporte en el Chaco\u00bb, del periodista Luis Dar\u00edo Molodezky.<\/b><\/p>\n<p><img loading=\"lazy\" decoding=\"async\" class=\"alignnone size-medium wp-image-2924\" src=\"https:\/\/www.sportchaco.com.ar\/wp-content\/uploads\/2023\/11\/Luis-D-SP-199x300.jpg\" sizes=\"auto, (max-width: 199px) 100vw, 199px\" srcset=\"https:\/\/www.sportchaco.com.ar\/wp-content\/uploads\/2023\/11\/Luis-D-SP-199x300.jpg 199w, https:\/\/www.sportchaco.com.ar\/wp-content\/uploads\/2023\/11\/Luis-D-SP.jpg 249w\" alt=\"\" width=\"199\" height=\"300\" \/><\/p>\n<p><strong>\u00a0<\/strong><\/p>\n<p><strong>\u00a0<\/strong><\/p>\n<p><strong>1953 \/ <\/strong>Naci\u00f3 en Resistencia H\u00e9ctor Armando Soto, arrancando con el Karate den Buenos Aires en 1971, sum\u00e1ndose al TKD con Javier Dacak. Perteneci\u00f3 a varias organizaciones. Fue campe\u00f3n argentino. Como docente fue pionero en S\u00e1enz Pe\u00f1a y desempe\u00f1\u00f3 su tarea tambi\u00e9n en Resistencia. De profesi\u00f3n abogado nunca se alej\u00f3 del deporte.<\/p>\n<p><strong>\u00a0<\/strong><\/p>\n<p><strong>1985 <\/strong>\/ Alfredo Ren\u00e9 Soto de General San Mart\u00edn se consagra campe\u00f3n formose\u00f1o de motociclismo, al ganar 4 de las 5 carreras disputadas en 200c.c. En la categor\u00eda 125 fue subcampe\u00f3n. Fredy, naci\u00f3 el 25 de mayo de 1961.<\/p>\n","protected":false},"excerpt":{"rendered":"<p>Estas son las efem\u00e9rides de un 24 de noviembre, del libro \u00ab100 a\u00f1os de historia del deporte en el Chaco\u00bb, del periodista Luis Dar\u00edo Molodezky. \u00a0 \u00a0 1953 \/ Naci\u00f3 en Resistencia H\u00e9ctor Armando Soto, arrancando con el Karate den Buenos Aires en 1971, sum\u00e1ndose al TKD con Javier Dacak. Perteneci\u00f3 a varias organizaciones. Fue &hellip;<\/p>\n","protected":false},"author":3,"featured_media":3150,"comment_status":"open","ping_status":"open","sticky":false,"template":"","format":"standard","meta":{"footnotes":""},"categories":[4,45,1],"tags":[],"class_list":["post-3149","post","type-post","status-publish","format-standard","has-post-thumbnail","hentry","category-efemerides","category-efemerides-dia-por-dia","category-fotos-del-recuerdo"],"_links":{"self":[{"href":"https:\/\/www.sportchaco.com.ar\/index.php?rest_route=\/wp\/v2\/posts\/3149","targetHints":{"allow":["GET"]}}],"collection":[{"href":"https:\/\/www.sportchaco.com.ar\/index.php?rest_route=\/wp\/v2\/posts"}],"about":[{"href":"https:\/\/www.sportchaco.com.ar\/index.php?rest_route=\/wp\/v2\/types\/post"}],"author":[{"embeddable":true,"href":"https:\/\/www.sportchaco.com.ar\/index.php?rest_route=\/wp\/v2\/users\/3"}],"replies":[{"embeddable":true,"href":"https:\/\/www.sportchaco.com.ar\/index.php?rest_route=%2Fwp%2Fv2%2Fcomments&post=3149"}],"version-history":[{"count":3,"href":"https:\/\/www.sportchaco.com.ar\/index.php?rest_route=\/wp\/v2\/posts\/3149\/revisions"}],"predecessor-version":[{"id":3157,"href":"https:\/\/www.sportchaco.com.ar\/index.php?rest_route=\/wp\/v2\/posts\/3149\/revisions\/3157"}],"wp:featuredmedia":[{"embeddable":true,"href":"https:\/\/www.sportchaco.com.ar\/index.php?rest_route=\/wp\/v2\/media\/3150"}],"wp:attachment":[{"href":"https:\/\/www.sportchaco.com.ar\/index.php?rest_route=%2Fwp%2Fv2%2Fmedia&parent=3149"}],"wp:term":[{"taxonomy":"category","embeddable":true,"href":"https:\/\/www.sportchaco.com.ar\/index.php?rest_route=%2Fwp%2Fv2%2Fcategories&post=3149"},{"taxonomy":"post_tag","embeddable":true,"href":"https:\/\/www.sportchaco.com.ar\/index.php?rest_route=%2Fwp%2Fv2%2Ftags&post=3149"}],"curies":[{"name":"wp","href":"https:\/\/api.w.org\/{rel}","templated":true}]}}