{"id":31495,"date":"2026-01-19T23:44:07","date_gmt":"2026-01-20T02:44:07","guid":{"rendered":"https:\/\/www.sportchaco.com.ar\/?p=31495"},"modified":"2026-01-20T00:26:54","modified_gmt":"2026-01-20T03:26:54","slug":"el-cpd-corrientes-reclama-por-sede-usurpada","status":"publish","type":"post","link":"https:\/\/www.sportchaco.com.ar\/?p=31495","title":{"rendered":"El CPD Corrientes reclama por sede usurpada"},"content":{"rendered":"<header>\n<h1>19551955<\/h1>\n<div>\n<h6>Foto portada de\u00a0 Jos\u00e9 Luis C\u00f3rdoba<\/h6>\n<p>&nbsp;<\/p>\n<\/div>\n<div class=\"meta\"><\/div>\n<\/header>\n<section class=\"body\">\n<section class=\"content\">\n<div class=\"main-text\">\n<div class=\"social\">\n<div class=\"share\"><\/div>\n<\/div>\n<p>&nbsp;<\/p>\n<h5>En el marco de la fiesta del deporte organizada el s\u00e1bado pasado por el C\u00edrculo de Periodistas Deportivos de Corrientes, junto a la fundaci\u00f3n Metas y Logros, el presidente de la entidad gremial, Jos\u00e9 Luis C\u00f3rdoba, formul\u00f3 una serie de demandas y pedidos dirigidos a distintos estamentos del Estado, con el objetivo de fortalecer tanto el desarrollo deportivo como la actividad period\u00edstica en la provincia.<\/h5>\n<div class=\" large m_image\">\n<figure><picture><source srcset=\"https:\/\/www.nortecorrientes.com\/content\/bucket\/3\/391713w790h485c.jpg.webp\" type=\"image\/webp\" media=\"(min-width: 640px)\" \/><source srcset=\"https:\/\/www.nortecorrientes.com\/content\/bucket\/3\/391713w440h270c.jpg.webp\" type=\"image\/webp\" media=\"(min-width: 300px)\" \/><source srcset=\"https:\/\/www.nortecorrientes.com\/content\/bucket\/3\/391713w790h485c.jpg\" media=\"(min-width: 300px)\" \/><img loading=\"lazy\" decoding=\"async\" class=\"pic\" src=\"https:\/\/www.nortecorrientes.com\/content\/bucket\/3\/391713w790h485c.jpg.webp\" alt=\"\" width=\"790\" height=\"485\" \/><\/picture><figcaption>C\u00d3RDOBA TAMBI\u00c9N SE REFIRI\u00d3 A LA VIGENCIA DEL ESTATUTO DEL PERIODISTA.<\/figcaption><\/figure>\n<\/div>\n<p>Uno de los reclamos centrales estuvo vinculado a la situaci\u00f3n institucional del C\u00edrculo, al solicitar p\u00fablicamente a la jueza interviniente que ejecute el desalojo de la sede de la entidad que se encuentra usurpada. C\u00f3rdoba record\u00f3 que existe un fallo de primera instancia favorable y que ya fueron rechazadas las apelaciones presentadas, por lo que consider\u00f3 que \u00abno hay nada m\u00e1s para esperar\u00bb.<\/p>\n<p>En ese sentido, remarc\u00f3 la importancia de recuperar el inmueble, ya que la entidad proyecta un a\u00f1o de fuerte actividad institucional, con el lanzamiento de la diplomatura en Periodismo Deportivo, adem\u00e1s de capacitaciones y cursos destinados a periodistas deportivos.<\/p>\n<p>Asimismo, anunci\u00f3 la realizaci\u00f3n de la segunda Expo Deportes, organizada por la fundaci\u00f3n Metas y Logros, prevista para el mes de abril. En esa oportunidad, y coincidiendo con un nuevo aniversario del C\u00edrculo, se llevar\u00e1n a cabo reconocimientos a deportistas, viejas glorias, formadores y t\u00e9cnicos, destacando su aporte al crecimiento del deporte correntino.<\/p>\n<p>Durante su mensaje tambi\u00e9n inst\u00f3 a las autoridades a acompa\u00f1ar y respaldar de manera concreta a los atletas correntinos, garantizando las condiciones necesarias para que puedan entrenar y competir sin preocupaciones ajenas a lo deportivo.<\/p>\n<p>\u00abPedimos a las autoridades que acompa\u00f1en y apoyen a cada uno de los atletas, que puedan tener lo que necesiten para poder entrenar y pensar solo en la competencia, y as\u00ed representarnos de la mejor manera\u00bb, expres\u00f3, al tiempo que ratific\u00f3 el compromiso de los colegas periodistas de seguir difundiendo el camino y los logros de los deportistas en los distintos escenarios.<\/p>\n<p>Finalmente, aprovech\u00f3 la visibilidad del encuentro para solicitar a los legisladores nacionales que rechacen el pedido de derogaci\u00f3n del estatuto del periodista, iniciativa incluida dentro del proyecto de reforma laboral impulsado por el Gobierno nacional, subrayando la necesidad de defender los derechos laborales y profesionales del sector.<\/p>\n<\/div>\n<\/section>\n<\/section>\n","protected":false},"excerpt":{"rendered":"<p>19551955 Foto portada de\u00a0 Jos\u00e9 Luis C\u00f3rdoba &nbsp; &nbsp; En el marco de la fiesta del deporte organizada el s\u00e1bado pasado por el C\u00edrculo de Periodistas Deportivos de Corrientes, junto a la fundaci\u00f3n Metas y Logros, el presidente de la entidad gremial, Jos\u00e9 Luis C\u00f3rdoba, formul\u00f3 una serie de demandas y pedidos dirigidos a distintos &hellip;<\/p>\n","protected":false},"author":2,"featured_media":31479,"comment_status":"open","ping_status":"open","sticky":false,"template":"","format":"standard","meta":{"footnotes":""},"categories":[44],"tags":[],"class_list":["post-31495","post","type-post","status-publish","format-standard","has-post-thumbnail","hentry","category-varios"],"_links":{"self":[{"href":"https:\/\/www.sportchaco.com.ar\/index.php?rest_route=\/wp\/v2\/posts\/31495","targetHints":{"allow":["GET"]}}],"collection":[{"href":"https:\/\/www.sportchaco.com.ar\/index.php?rest_route=\/wp\/v2\/posts"}],"about":[{"href":"https:\/\/www.sportchaco.com.ar\/index.php?rest_route=\/wp\/v2\/types\/post"}],"author":[{"embeddable":true,"href":"https:\/\/www.sportchaco.com.ar\/index.php?rest_route=\/wp\/v2\/users\/2"}],"replies":[{"embeddable":true,"href":"https:\/\/www.sportchaco.com.ar\/index.php?rest_route=%2Fwp%2Fv2%2Fcomments&post=31495"}],"version-history":[{"count":3,"href":"https:\/\/www.sportchaco.com.ar\/index.php?rest_route=\/wp\/v2\/posts\/31495\/revisions"}],"predecessor-version":[{"id":31547,"href":"https:\/\/www.sportchaco.com.ar\/index.php?rest_route=\/wp\/v2\/posts\/31495\/revisions\/31547"}],"wp:featuredmedia":[{"embeddable":true,"href":"https:\/\/www.sportchaco.com.ar\/index.php?rest_route=\/wp\/v2\/media\/31479"}],"wp:attachment":[{"href":"https:\/\/www.sportchaco.com.ar\/index.php?rest_route=%2Fwp%2Fv2%2Fmedia&parent=31495"}],"wp:term":[{"taxonomy":"category","embeddable":true,"href":"https:\/\/www.sportchaco.com.ar\/index.php?rest_route=%2Fwp%2Fv2%2Fcategories&post=31495"},{"taxonomy":"post_tag","embeddable":true,"href":"https:\/\/www.sportchaco.com.ar\/index.php?rest_route=%2Fwp%2Fv2%2Ftags&post=31495"}],"curies":[{"name":"wp","href":"https:\/\/api.w.org\/{rel}","templated":true}]}}