{"id":31497,"date":"2026-01-18T22:48:32","date_gmt":"2026-01-19T01:48:32","guid":{"rendered":"https:\/\/www.sportchaco.com.ar\/?p=31497"},"modified":"2026-01-18T22:49:14","modified_gmt":"2026-01-19T01:49:14","slug":"senegal-el-increible-campeon-de-la-copa-africa","status":"publish","type":"post","link":"https:\/\/www.sportchaco.com.ar\/?p=31497","title":{"rendered":"Senegal, campe\u00f3n de la Copa \u00c1frica en finalinfartante"},"content":{"rendered":"<div class=\"sc-b5557ab1-1 iCLgJN\">\n<div class=\"sc-b5557ab1-2 csihIl\">\n<div class=\"sc-635e91a5-0 iZnogj\">\n<h1 class=\"sc-635e91a5-6 cHDfFi\"><\/h1>\n<\/div>\n<\/div>\n<div class=\"sc-b5557ab1-3 NzFFV\">\n<p>&nbsp;<\/p>\n<\/div>\n<\/div>\n<div class=\"sc-a86044a0-2 hiVDvj\">\n<div class=\"sc-a86044a0-1 iNqtsp noPadding noPadding\">\n<h2 class=\"sc-a86044a0-8 dfWvHg\">Marruecos, el local, fall\u00f3 un pol\u00e9mico penal en el descuento y Senegal, que quiso dejar la cancha, lo gan\u00f3 en el alargue con un golazo.<\/h2>\n<h2 class=\"sc-a86044a0-8 dfWvHg\"><\/h2>\n<div class=\"box\">\n<div class=\"left-box\">\n<div class=\"flex\">\n<div class=\"sc-dba7426a-1 onpgk localTeam localTeam\">\n<p>SEN\u00a0<img loading=\"lazy\" decoding=\"async\" class=\"shield-mam\" src=\"https:\/\/www.ole.com.ar\/collections\/escudos\/1226.png\" alt=\"SENEGAL\" width=\"100\" height=\"100\" \/>\u00a01 &#8211; 0\u00a0<img loading=\"lazy\" decoding=\"async\" class=\"shield-mam\" src=\"https:\/\/www.ole.com.ar\/collections\/escudos\/1057.png\" alt=\"MARRUECOS\" width=\"100\" height=\"100\" \/>\u00a0MAR<\/p>\n<\/div>\n<\/div>\n<\/div>\n<\/div>\n<div class=\"goals-container\">\n<div class=\"more marquee\">\n<div class=\"marquee-content\">\n<ul>\n<li class=\"marquee-item\">Pape Gueye 94&#8242; (SEN)<\/li>\n<\/ul>\n<\/div>\n<\/div>\n<\/div>\n<div>\n<div class=\"socialAuthorContainer\">\n<div class=\"sc-14139f57-0 kmVJUn\"><\/div>\n<\/div>\n<div class=\"sc-a86044a0-10 fBmBmZ\"><\/div>\n<article id=\"storyBody\" class=\"sc-a86044a0-11 dCaRwc vsmcontent vsmcontent\">\n<div id=\"element-body-0\" class=\"sc-136cd478-0 ekTCfV\">\n<p>La vida, dicen los sabios, se juega en los peque\u00f1os detalles. El gesto de\u00a0<strong><a class=\"slug\" title=\"Sadio Man\u00e9\" href=\"https:\/\/www.ole.com.ar\/tema\/sadio-mane.html\">Sadio Man\u00e9<\/a><\/strong>, hist\u00f3rico referente de\u00a0<strong><a class=\"slug\" title=\"Senegal\" href=\"https:\/\/www.ole.com.ar\/tema\/senegal.html\">Senegal<\/a><\/strong>, pidi\u00e9ndole a sus compa\u00f1eros que regresaran al campo de juego cuando casi todo el equipo y el staff ya se encaminaban a los vestuarios, enfurecidos por el penal sancionado a favor de\u00a0<strong><a class=\"slug\" title=\"marruecos\" href=\"https:\/\/www.ole.com.ar\/tema\/marruecos.html\">Marruecos<\/a><\/strong>en el \u00faltimo minuto del tiempo regular, termin\u00f3 de darle el golpe final a este gran Senegal. Lo transform\u00f3, lo renov\u00f3 y le impidi\u00f3 renunciar cuando todo parec\u00eda perdido.\u00a0<strong>En ese instante naci\u00f3 el nuevo campe\u00f3n de la\u00a0<a class=\"slug\" title=\"Copa de \u00c1frica\" href=\"https:\/\/www.ole.com.ar\/tema\/copa-de-africa.html\">Copa \u00c1frica<\/a>.<\/strong><\/p>\n<\/div>\n<div id=\"element-body-1\" class=\"sc-136cd478-0 ekTCfV\">\n<p>Un campe\u00f3n que, claro, tiene los pergaminos para serlo. O mejor dicho, para volver a serlo: ya hab\u00eda levantado este mismo trofeo en 2021, con la misma calma de Man\u00e9 como emblema al ejecutar el penal decisivo.\u00a0<strong>Y esta vez, en Marruecos y completamente de visitante, Senegal volvi\u00f3 a imponerse, super\u00f3 la adversidad y reafirm\u00f3 su lugar en la cima del continente.<\/strong><\/p>\n<\/div>\n<div id=\"element-body-2\" class=\"sc-e7b891c4-0 ifHnQL image-embed\"><span class=\"epigraphe\">Man\u00e9 festeja la Copa \u00c1frica. REUTERS\/Siphiwe Sibeko<\/span><\/div>\n<div id=\"element-body-3\" class=\"sc-136cd478-0 ekTCfV\">\n<p>Una adversidad que supo surfear, porque su capacidad para imponerse en los momentos m\u00e1s \u00e1lgidos de la final se sostiene en el camino recorrido. Para llegar a esta instancia decisiva, Senegal fue puntero del Grupo D sin perder ning\u00fan partido,\u00a0<strong>venci\u00f3 3-1 a Sud\u00e1n en los octavos<\/strong>\u00a0de final,\u00a0<strong>super\u00f3 1-0 a Mali en cuartos<\/strong>, derrot\u00f3 por el mismo marcador a\u00a0<strong>Egipto en la semifinal\u00a0<\/strong>y, otra vez por 1-0,\u00a0<strong>se colg\u00f3 la medalla dorada ante un estadio mayoritariamente de camisetas rojas.<\/strong><\/p>\n<\/div>\n<div id=\"element-body-4\" class=\"sc-136cd478-0 ekTCfV\">\n<p><strong>As\u00ed y todo, Senegal se plant\u00f3 y lo hizo bien.\u00a0<\/strong>Muy bien. En la final, gener\u00f3 dos situaciones claras de gol en el primer tiempo que Bono termin\u00f3 resolviendo con seguridad y, en el segundo, supo administrar el desarrollo del partido hasta el penal del \u00faltimo minuto.\u00a0<strong>Una acci\u00f3n pol\u00e9mica, s\u00ed, pero sancionable:\u00a0<\/strong>no es sencillo medir cu\u00e1nto hubo de la fuerza del defensor al enganchar desde el hombro y cu\u00e1nto del atacante al dejarse caer, aunque la mano desde atr\u00e1s existe y el tir\u00f3n est\u00e1. Son jugadas que muchas veces no se cobran, pero la decisi\u00f3n arbitral no fue incorrecta.<\/p>\n<\/div>\n<div id=\"element-body-5\" class=\"sc-e7b891c4-0 ifHnQL image-embed\"><img loading=\"lazy\" decoding=\"async\" src=\"https:\/\/www.ole.com.ar\/images\/2026\/01\/18\/ZQU31hacU_720x0__1.jpg\" alt=\"Senegal campe\u00f3n. REUTERS\/Stringer\" width=\"720\" height=\"100\" data-nimg=\"1\" \/><span class=\"epigraphe\">Senegal campe\u00f3n. REUTERS\/Stringer<\/span><\/div>\n<div id=\"element-body-6\" class=\"sc-136cd478-0 ekTCfV\">\n<p><strong>A pesar de ese golpe, el equipo supo manejar el momento.<\/strong>\u00a0El instante de bronca y confusi\u00f3n fue atravesado con la templanza de un Sadio Man\u00e9 que confi\u00f3 en el proceso y en el destino.\u00a0<strong>Como en el penal decisivo del 2021, parec\u00eda saber que algo m\u00e1s estaba guardado, un as bajo la manga.<\/strong><\/p>\n<\/div>\n<div id=\"element-body-7\" class=\"sc-e7b891c4-0 ifHnQL image-embed\"><img loading=\"lazy\" decoding=\"async\" src=\"https:\/\/www.ole.com.ar\/images\/2026\/01\/18\/x2_yx_qP__720x0__1.jpg\" alt=\"El penal que Brahim pic\u00f3 (AP Photo\/Youssef Loulidi)\" width=\"720\" height=\"100\" data-nimg=\"1\" \/><span class=\"epigraphe\">El penal que Brahim pic\u00f3 (AP Photo\/Youssef Loulidi)<\/span><\/div>\n<div id=\"element-body-8\" class=\"sc-136cd478-0 ekTCfV\">\n<p>Y as\u00ed fue. En un cierre que quedar\u00e1 para la historia,\u00a0<strong>Brahim D\u00edaz, jugador del Real Madrid, intent\u00f3 picar el penal con una calma tan excesiva como arriesgada<\/strong>. El arquero Mendy adivin\u00f3 la intenci\u00f3n, se qued\u00f3 con la pelota y llev\u00f3 el partido al alargue, encendiendo definitivamente la ilusi\u00f3n senegalesa.<\/p>\n<\/div>\n<div id=\"element-body-9\" class=\"sc-e7b891c4-0 ifHnQL image-embed\"><img loading=\"lazy\" decoding=\"async\" src=\"https:\/\/www.ole.com.ar\/images\/2026\/01\/18\/5EunTEr0c_720x0__1.jpg\" alt=\"REUTERS\/Amr Abdallah Dalsh\" width=\"720\" height=\"100\" data-nimg=\"1\" \/><span class=\"epigraphe\">REUTERS\/Amr Abdallah Dalsh<\/span><\/div>\n<div id=\"element-body-10\" class=\"sc-136cd478-0 ekTCfV\">\n<p>Estaba escrito: en el tiempo extra, Pape Gueye la clav\u00f3 al \u00e1ngulo desde afuera del \u00e1rea e, incre\u00edblemente, termin\u00f3 silenciando a todo el Moulay Abdallah. A toda la ciudad de Rabat. A todo Marruecos. Porque en el f\u00fatbol, como en la vida, muchas veces todo se define ah\u00ed: en no irse antes, en sostenerse cuando el golpe parece definitivo y en ejecutar lo que sigue sin dramatizar.\u00a0<strong>Senegal no se fue. Se qued\u00f3. Y en ese detalle m\u00ednimo termin\u00f3 bord\u00e1ndose otra estrella.<\/strong><\/p>\n<\/div>\n<div id=\"element-body-11\" class=\"sc-136cd478-0 ekTCfV\"><\/div>\n<div id=\"element-body-12\" class=\"sc-3c5a76cc-1 idjLTd\">\n<div class=\"JWvideoNota_title\">\n<p>&nbsp;<\/p>\n<\/div>\n<\/div>\n<div id=\"element-body-13\" class=\"sc-3c5a76cc-1 idjLTd\">\n<div class=\"sc-e8b2828-0 fBmEJc\">\n<div id=\"contentTitleembedTbDnjxO1\" class=\"sc-e8b2828-1 iPLbWT videoText\">\n<div class=\"right\">\n<p>&nbsp;<\/p>\n<h2 class=\"title-vid\"><\/h2>\n<\/div>\n<\/div>\n<p>&nbsp;<\/p>\n<div class=\"video\">\n<div id=\"embedTbDnjxO1\" class=\"jwplayer jw-reset jw-state-paused jw-stretch-uniform jw-flag-aspect-mode jw-floating-dismissible jw-keep-thumbnail jw-breakpoint-3 jw-flag-overlay-open-related-shelf jw-flag-user-inactive\" tabindex=\"0\" role=\"application\" aria-label=\"Video Player - El gol anulado a Senegal y el penal para Marruecos\" aria-describedby=\"jw-embedTbDnjxO1-shortcuts-tooltip-explanation\">\n<div class=\"jw-wrapper jw-reset\">\n<div class=\"jw-media jw-reset\"><\/div>\n<div class=\"jw-captions jw-reset jw-captions-enabled\"><\/div>\n<div class=\"jw-controls jw-reset\">\n<div class=\"jw-controlbar jw-reset\">\n<div class=\"jw-slider-time jw-chapter-slider-time jw-background-color jw-reset jw-slider-horizontal jw-reset\" tabindex=\"0\" role=\"slider\" aria-valuetext=\"0 of 50 seconds\" aria-valuenow=\"0.670397\" aria-label=\"Barra de Reproduccion\" aria-valuemin=\"0\" aria-valuemax=\"50.48\">\n<div class=\"jw-slider-container jw-reset\">\n<div class=\"jw-reset jw-old-rail\">\n<div class=\"jw-timesegment jw-reset\" aria-hidden=\"true\">\n<div class=\"jw-timesegment-resetter jw-reset\">\n<div class=\"jw-timesegment-container jw-reset\"><\/div>\n<\/div>\n<\/div>\n<\/div>\n<div class=\"jw-icon jw-icon-tooltip jw-tooltip-time jw-button-color jw-reset\">\n<div class=\"jw-overlay jw-reset\">\n<div class=\"jw-time-tip jw-reset\"><\/div>\n<\/div>\n<\/div>\n<\/div>\n<\/div>\n<div class=\"jw-reset jw-button-container\">\n<div class=\"jw-icon jw-icon-inline jw-button-color jw-reset jw-icon-playback\" tabindex=\"0\" role=\"button\" aria-label=\"Reproducir\"><\/div>\n<div class=\"jw-icon jw-icon-tooltip jw-icon-volume jw-button-color jw-reset jw-off\" tabindex=\"0\" role=\"group\" aria-label=\"Activar Sonido button\"><\/div>\n<div class=\"jw-icon jw-icon-inline jw-button-color jw-reset jw-icon-fullscreen\" tabindex=\"0\" role=\"button\" aria-label=\"Pantalla Completa\"><\/div>\n<\/div>\n<\/div>\n<\/div>\n<\/div>\n<\/div>\n<\/div>\n<\/div>\n<div class=\"JWvideoNota_title\"><\/div>\n<\/div>\n<\/article>\n<\/div>\n<\/div>\n<\/div>\n","protected":false},"excerpt":{"rendered":"<p>&nbsp; Marruecos, el local, fall\u00f3 un pol\u00e9mico penal en el descuento y Senegal, que quiso dejar la cancha, lo gan\u00f3 en el alargue con un golazo. SEN\u00a0\u00a01 &#8211; 0\u00a0\u00a0MAR Pape Gueye 94&#8242; (SEN) La vida, dicen los sabios, se juega en los peque\u00f1os detalles. El gesto de\u00a0Sadio Man\u00e9, hist\u00f3rico referente de\u00a0Senegal, pidi\u00e9ndole a sus compa\u00f1eros &hellip;<\/p>\n","protected":false},"author":2,"featured_media":31498,"comment_status":"open","ping_status":"open","sticky":false,"template":"","format":"standard","meta":{"footnotes":""},"categories":[6],"tags":[],"class_list":["post-31497","post","type-post","status-publish","format-standard","has-post-thumbnail","hentry","category-internacionales"],"_links":{"self":[{"href":"https:\/\/www.sportchaco.com.ar\/index.php?rest_route=\/wp\/v2\/posts\/31497","targetHints":{"allow":["GET"]}}],"collection":[{"href":"https:\/\/www.sportchaco.com.ar\/index.php?rest_route=\/wp\/v2\/posts"}],"about":[{"href":"https:\/\/www.sportchaco.com.ar\/index.php?rest_route=\/wp\/v2\/types\/post"}],"author":[{"embeddable":true,"href":"https:\/\/www.sportchaco.com.ar\/index.php?rest_route=\/wp\/v2\/users\/2"}],"replies":[{"embeddable":true,"href":"https:\/\/www.sportchaco.com.ar\/index.php?rest_route=%2Fwp%2Fv2%2Fcomments&post=31497"}],"version-history":[{"count":3,"href":"https:\/\/www.sportchaco.com.ar\/index.php?rest_route=\/wp\/v2\/posts\/31497\/revisions"}],"predecessor-version":[{"id":31501,"href":"https:\/\/www.sportchaco.com.ar\/index.php?rest_route=\/wp\/v2\/posts\/31497\/revisions\/31501"}],"wp:featuredmedia":[{"embeddable":true,"href":"https:\/\/www.sportchaco.com.ar\/index.php?rest_route=\/wp\/v2\/media\/31498"}],"wp:attachment":[{"href":"https:\/\/www.sportchaco.com.ar\/index.php?rest_route=%2Fwp%2Fv2%2Fmedia&parent=31497"}],"wp:term":[{"taxonomy":"category","embeddable":true,"href":"https:\/\/www.sportchaco.com.ar\/index.php?rest_route=%2Fwp%2Fv2%2Fcategories&post=31497"},{"taxonomy":"post_tag","embeddable":true,"href":"https:\/\/www.sportchaco.com.ar\/index.php?rest_route=%2Fwp%2Fv2%2Ftags&post=31497"}],"curies":[{"name":"wp","href":"https:\/\/api.w.org\/{rel}","templated":true}]}}