{"id":3152,"date":"2023-11-25T00:17:13","date_gmt":"2023-11-25T03:17:13","guid":{"rendered":"https:\/\/www.sportchaco.com.ar\/?p=3152"},"modified":"2023-11-23T20:27:18","modified_gmt":"2023-11-23T23:27:18","slug":"efemerides-del-25-de-noviembre","status":"publish","type":"post","link":"https:\/\/www.sportchaco.com.ar\/?p=3152","title":{"rendered":"Efem\u00e9rides del 25 de noviembre"},"content":{"rendered":"<p><b>Estas son las efem\u00e9rides de un 25 de noviembre, del libro \u00ab100 a\u00f1os de historia del deporte en el Chaco\u00bb, del periodista Luis Dar\u00edo Molodezky.<\/b><\/p>\n<p><img loading=\"lazy\" decoding=\"async\" class=\"alignnone size-medium wp-image-2924\" src=\"https:\/\/www.sportchaco.com.ar\/wp-content\/uploads\/2023\/11\/Luis-D-SP-199x300.jpg\" sizes=\"auto, (max-width: 199px) 100vw, 199px\" srcset=\"https:\/\/www.sportchaco.com.ar\/wp-content\/uploads\/2023\/11\/Luis-D-SP-199x300.jpg 199w, https:\/\/www.sportchaco.com.ar\/wp-content\/uploads\/2023\/11\/Luis-D-SP.jpg 249w\" alt=\"\" width=\"199\" height=\"300\" \/><\/p>\n<p>&nbsp;<\/p>\n<p><strong>1969 \/ <\/strong>Sarmiento concreta la compra del terreno lindero a la instituci\u00f3n, con vistas a construir al futura Sede Social, ubicado en la esquina de Tucum\u00e1n (hoy Juan D. Per\u00f3n) y Juan Mac Lean con una superficie de 37 por 38 metros. El precio del predio es de 1,900 pesos.<\/p>\n<p><strong>\u00a0<\/strong><\/p>\n<p><strong>2006 <\/strong>\/ Fallece a los 68 a\u00f1os, el ex jugador de Central<\/p>\n<p>Norte V\u00edctor Modesto Rodr\u00edguez, quien hab\u00eda nacido en<\/p>\n<p>Formosa y se inici\u00f3 en las divisiones inferiores del Club Don Bosco,<\/p>\n<p>afiliado a la Liga Chaque\u00f1a. Se inici\u00f3 en primera en 1956, integrando<\/p>\n<p>la delantera de \u201cLos Pistoleros\u201d, con Carlos Duarte, Quilla<\/p>\n<p>Espinosa, Ram\u00f3n Mart\u00ednez y Ram\u00f3n Duarte. Fue campe\u00f3n en 1965<\/p>\n<p>con los ferroviarios. Tambi\u00e9n estuvo en Uni\u00f3n de Santa Fe en 1962,<\/p>\n<p>junto con todo el ataque centralista, entre ellos Juan Picizeck, su<\/p>\n<p>hermano Oscar, Juan Carlos Rodr\u00edguez \u2013<em>Archie Moore<\/em>\u2013 Ram\u00f3n<\/p>\n<p>Mart\u00ednez y Ram\u00f3n Duarte.<\/p>\n<p>&nbsp;<\/p>\n<p><em>*Foto: Actual sede de Sarmiento en Per\u00f3n 1515<\/em><\/p>\n","protected":false},"excerpt":{"rendered":"<p>Estas son las efem\u00e9rides de un 25 de noviembre, del libro \u00ab100 a\u00f1os de historia del deporte en el Chaco\u00bb, del periodista Luis Dar\u00edo Molodezky. &nbsp; 1969 \/ Sarmiento concreta la compra del terreno lindero a la instituci\u00f3n, con vistas a construir al futura Sede Social, ubicado en la esquina de Tucum\u00e1n (hoy Juan D. &hellip;<\/p>\n","protected":false},"author":3,"featured_media":3153,"comment_status":"open","ping_status":"open","sticky":false,"template":"","format":"standard","meta":{"footnotes":""},"categories":[4,45,1],"tags":[],"class_list":["post-3152","post","type-post","status-publish","format-standard","has-post-thumbnail","hentry","category-efemerides","category-efemerides-dia-por-dia","category-fotos-del-recuerdo"],"_links":{"self":[{"href":"https:\/\/www.sportchaco.com.ar\/index.php?rest_route=\/wp\/v2\/posts\/3152","targetHints":{"allow":["GET"]}}],"collection":[{"href":"https:\/\/www.sportchaco.com.ar\/index.php?rest_route=\/wp\/v2\/posts"}],"about":[{"href":"https:\/\/www.sportchaco.com.ar\/index.php?rest_route=\/wp\/v2\/types\/post"}],"author":[{"embeddable":true,"href":"https:\/\/www.sportchaco.com.ar\/index.php?rest_route=\/wp\/v2\/users\/3"}],"replies":[{"embeddable":true,"href":"https:\/\/www.sportchaco.com.ar\/index.php?rest_route=%2Fwp%2Fv2%2Fcomments&post=3152"}],"version-history":[{"count":1,"href":"https:\/\/www.sportchaco.com.ar\/index.php?rest_route=\/wp\/v2\/posts\/3152\/revisions"}],"predecessor-version":[{"id":3154,"href":"https:\/\/www.sportchaco.com.ar\/index.php?rest_route=\/wp\/v2\/posts\/3152\/revisions\/3154"}],"wp:featuredmedia":[{"embeddable":true,"href":"https:\/\/www.sportchaco.com.ar\/index.php?rest_route=\/wp\/v2\/media\/3153"}],"wp:attachment":[{"href":"https:\/\/www.sportchaco.com.ar\/index.php?rest_route=%2Fwp%2Fv2%2Fmedia&parent=3152"}],"wp:term":[{"taxonomy":"category","embeddable":true,"href":"https:\/\/www.sportchaco.com.ar\/index.php?rest_route=%2Fwp%2Fv2%2Fcategories&post=3152"},{"taxonomy":"post_tag","embeddable":true,"href":"https:\/\/www.sportchaco.com.ar\/index.php?rest_route=%2Fwp%2Fv2%2Ftags&post=3152"}],"curies":[{"name":"wp","href":"https:\/\/api.w.org\/{rel}","templated":true}]}}