{"id":31540,"date":"2026-01-20T23:01:22","date_gmt":"2026-01-21T02:01:22","guid":{"rendered":"https:\/\/www.sportchaco.com.ar\/?p=31540"},"modified":"2026-01-20T23:11:24","modified_gmt":"2026-01-21T02:11:24","slug":"efemerides-del-21-de-enero-3","status":"publish","type":"post","link":"https:\/\/www.sportchaco.com.ar\/?p=31540","title":{"rendered":"Efem\u00e9rides del 21 de enero"},"content":{"rendered":"<div class=\"container fullwidth-entry-title-wrapper\">\n<div class=\"container-wrapper fullwidth-entry-title\">\n<header class=\"entry-header-outer\">\n<div class=\"entry-header\">\n<h6 class=\"post-title entry-title\">Foto portada de Mois\u00e9s Za\u00edn<\/h6>\n<div class=\"single-post-meta post-meta clearfix\"><\/div>\n<\/div>\n<\/header>\n<\/div>\n<\/div>\n<div id=\"content\" class=\"site-content container\">\n<div id=\"main-content-row\" class=\"tie-row main-content-row\">\n<div class=\"main-content tie-col-md-8 tie-col-xs-12\" role=\"main\">\n<article id=\"the-post\" class=\"container-wrapper post-content tie-standard\">\n<div class=\"featured-area\">\n<div class=\"featured-area-inner\"><\/div>\n<\/div>\n<div class=\"entry-content entry clearfix\">\n<div class=\"container fullwidth-entry-title-wrapper\">\n<div class=\"container-wrapper fullwidth-entry-title\">\n<header class=\"entry-header-outer\">\n<div class=\"entry-header\">\n<div class=\"single-post-meta post-meta clearfix\">\n<div class=\"tie-alignright\"><\/div>\n<\/div>\n<\/div>\n<\/header>\n<\/div>\n<\/div>\n<div id=\"content\" class=\"site-content container\">\n<div id=\"main-content-row\" class=\"tie-row main-content-row\">\n<div class=\"main-content tie-col-md-8 tie-col-xs-12\" role=\"main\">\n<article id=\"the-post\" class=\"container-wrapper post-content tie-standard\">\n<div class=\"featured-area\">\n<div class=\"featured-area-inner\"><\/div>\n<\/div>\n<div class=\"entry-content entry clearfix\">\n<h4><strong>Esta es la Efem\u00e9rides del Deporte en el Chaco de un 21 de enero del periodista Luis Dar\u00edo Molodezky<\/strong><\/h4>\n<\/div>\n<p>&nbsp;<\/p>\n<div class=\"entry-content entry clearfix\">\n<p><img loading=\"lazy\" decoding=\"async\" class=\"alignnone size-medium wp-image-31257 aligncenter\" src=\"https:\/\/www.sportchaco.com.ar\/wp-content\/uploads\/2026\/01\/Luis-ago-2025-300x200.jpg\" alt=\"\" width=\"300\" height=\"200\" srcset=\"https:\/\/www.sportchaco.com.ar\/wp-content\/uploads\/2026\/01\/Luis-ago-2025-300x200.jpg 300w, https:\/\/www.sportchaco.com.ar\/wp-content\/uploads\/2026\/01\/Luis-ago-2025-768x513.jpg 768w, https:\/\/www.sportchaco.com.ar\/wp-content\/uploads\/2026\/01\/Luis-ago-2025.jpg 957w\" sizes=\"auto, (max-width: 300px) 100vw, 300px\" \/><\/p>\n<\/div>\n<p>&nbsp;<\/p>\n<div class=\"entry-content entry clearfix\">\n<p><strong>1921 \/<\/strong> Nace en Tucum\u00e1n el mayor promotor de boxeo del Chaco Mois\u00e9s \u00abTurco\u00bb Zain. Primero se instal\u00f3 en Machagai y m\u00e1s tarde, 1938, en Resistencia de la mano de Donato Gerardi, presidente de Sarmiento. para trabajar en la Agencia Ford. Con solo 20 a\u00f1os se lanz\u00f3 a la aventura de organizar boxeo y lo hizo a trav\u00e9s del Chaco Boxing Club, hoy Casa de Gobierno sobre 25 de Mayo. Luego se traslad\u00f3 a Sarmiento al 500, pista El Tala,\u00a0 arrancando tambi\u00e9n con los bailes, convirti\u00e9ndose empresario art\u00edstico. pista El Tala. Por all\u00ed pasaron las grandes t\u00edpicas a nivel nacional como Juan D\u2019Arienzo, An\u00edbal Troilo, Alfredo de \u00c1ngelis y otros. Como el lugar qued\u00f3 chico crearon el Gran Splendid en Jos\u00e9 Mar\u00eda Paz y Ameghino, pasando entre otros Jos\u00e9 Mar\u00eda Gatica y Cirilo Gil. Finalmente recal\u00f3 en El Favorito, pegado a la Escuela Zorrilla donde qued\u00f3 en la gente de la \u00e9poca la memorable pelea entre Merentino y Domingo D\u2019Elia (Padre) Tambi\u00e9n en Resistencia se present\u00f3 Alfredo Prada. Lo tuvo en Resistencia y Corrientes a Archie Moore donde realiz\u00f3 sendas exhibiciones. Organiza la Fiesta del Algod\u00f3n en el anfiteatro Todaro, donde se rindi\u00f3 homenaje a Luis \u00c1ngel Firpo (el toro salvaje de las pampas). M\u00e1s ac\u00e1 en el tiempo trajo a Nicolino Locche y Paco Berm\u00fadez al Chaco. Falleci\u00f3 el 25 de enero de 1983 a los 62 a\u00f1os.<\/p>\n<p style=\"text-align: center;\"><img loading=\"lazy\" decoding=\"async\" class=\"alignnone size-medium wp-image-31602\" src=\"https:\/\/www.sportchaco.com.ar\/wp-content\/uploads\/2026\/01\/Moises-Zain-reciclada-1-300x200.png\" alt=\"\" width=\"300\" height=\"200\" srcset=\"https:\/\/www.sportchaco.com.ar\/wp-content\/uploads\/2026\/01\/Moises-Zain-reciclada-1-300x200.png 300w, https:\/\/www.sportchaco.com.ar\/wp-content\/uploads\/2026\/01\/Moises-Zain-reciclada-1-1024x683.png 1024w, https:\/\/www.sportchaco.com.ar\/wp-content\/uploads\/2026\/01\/Moises-Zain-reciclada-1-768x512.png 768w, https:\/\/www.sportchaco.com.ar\/wp-content\/uploads\/2026\/01\/Moises-Zain-reciclada-1.png 1536w\" sizes=\"auto, (max-width: 300px) 100vw, 300px\" \/><\/p>\n<p><strong>1937\u00a0<\/strong>\/ Es habilitado el nuevo estadio de Resistencia Central, sobre el camino pavimentado a Barranqueras, frente al Hospital Regional en Lisandro de la Torre y avenida 9 de Julio.<\/p>\n<p><strong>1955 \/<\/strong> Nace en Barranqueras. Carlos Gim\u00e9nez \u201cNegrula\u201d. Sin\u00f3nimo de f\u00fatbol y de Don Orione Atletic Club, sus gambetas, goles y en especial los de cabezas dejaron su huella en Barranqueras. Muchos lo catalogan como el mejor cabeceador de todos los tiempos a pesar de su poca altura. Tambi\u00e9n hizo su aporte para For Ever y Sarmiento en distintas \u00e9pocas. Falleci\u00f3 el 21 de octubre de 2021<\/p>\n<div class=\"container fullwidth-entry-title-wrapper\">\n<div class=\"container-wrapper fullwidth-entry-title\">\n<header class=\"entry-header-outer\">\n<div class=\"entry-header\">\n<div class=\"single-post-meta post-meta clearfix\">\n<div class=\"tie-alignright\"><\/div>\n<\/div>\n<\/div>\n<\/header>\n<\/div>\n<\/div>\n<div id=\"content\" class=\"site-content container\">\n<div id=\"main-content-row\" class=\"tie-row main-content-row\">\n<div class=\"main-content tie-col-md-8 tie-col-xs-12\" role=\"main\">\n<article id=\"the-post\" class=\"container-wrapper post-content tie-standard\">\n<div class=\"featured-area\">\n<div class=\"featured-area-inner\">\n<figure class=\"single-featured-image\"><img loading=\"lazy\" decoding=\"async\" class=\"attachment-jannah-image-post wp-post-image aligncenter\" src=\"https:\/\/www.sportchaco.com.ar\/wp-content\/uploads\/2025\/01\/Carlos-gimenez-jugador-azul.jpg\" sizes=\"auto, (max-width: 594px) 100vw, 594px\" srcset=\"https:\/\/www.sportchaco.com.ar\/wp-content\/uploads\/2025\/01\/Carlos-gimenez-jugador-azul.jpg 594w, https:\/\/www.sportchaco.com.ar\/wp-content\/uploads\/2025\/01\/Carlos-gimenez-jugador-azul-300x223.jpg 300w\" alt=\"\" width=\"306\" height=\"227\" data-main-img=\"1\" \/><\/figure>\n<\/div>\n<\/div>\n<div class=\"entry-content entry clearfix\">\n<div class=\"container fullwidth-entry-title-wrapper\">\n<div class=\"container-wrapper fullwidth-entry-title\">\n<header class=\"entry-header-outer\">\n<div class=\"entry-header\">\n<div class=\"single-post-meta post-meta clearfix\">\n<div class=\"tie-alignright\"><\/div>\n<\/div>\n<\/div>\n<\/header>\n<\/div>\n<\/div>\n<div id=\"content\" class=\"site-content container\">\n<div id=\"main-content-row\" class=\"tie-row main-content-row\">\n<div class=\"main-content tie-col-md-8 tie-col-xs-12\" role=\"main\">\n<article id=\"the-post\" class=\"container-wrapper post-content tie-standard\">\n<div class=\"entry-content entry clearfix\">\n<h3><\/h3>\n<\/div>\n<\/article>\n<\/div>\n<\/div>\n<\/div>\n<\/div>\n<\/article>\n<\/div>\n<\/div>\n<\/div>\n<p><strong>1985\u00a0<\/strong>\/ El tribunal de disciplina de la AFOCH en Villa \u00c1ngela, sanciona con cinco a\u00f1os de suspensi\u00f3n al jugador Orlando Silguero de Cooperativa de Villa Berthet, por agresi\u00f3n al \u00e1rbitro Faustino Almir\u00f3n.<\/p>\n<\/div>\n<\/article>\n<p><em><strong>Foto portada de Moises Zain.<\/strong><\/em><\/p>\n<article id=\"the-post\" class=\"container-wrapper post-content tie-standard\">\n<div class=\"entry-content entry clearfix\">\n<p>&nbsp;<\/p>\n<p style=\"text-align: center;\"><img loading=\"lazy\" decoding=\"async\" class=\"alignnone size-medium wp-image-31275\" src=\"https:\/\/www.sportchaco.com.ar\/wp-content\/uploads\/2026\/01\/WhatsApp-Image-2026-01-13-at-10.45.08-5-300x300.jpeg\" alt=\"\" width=\"300\" height=\"300\" srcset=\"https:\/\/www.sportchaco.com.ar\/wp-content\/uploads\/2026\/01\/WhatsApp-Image-2026-01-13-at-10.45.08-5-300x300.jpeg 300w, https:\/\/www.sportchaco.com.ar\/wp-content\/uploads\/2026\/01\/WhatsApp-Image-2026-01-13-at-10.45.08-5-150x150.jpeg 150w, https:\/\/www.sportchaco.com.ar\/wp-content\/uploads\/2026\/01\/WhatsApp-Image-2026-01-13-at-10.45.08-5.jpeg 521w\" sizes=\"auto, (max-width: 300px) 100vw, 300px\" \/> <img loading=\"lazy\" decoding=\"async\" class=\"alignnone size-full wp-image-31287\" src=\"https:\/\/www.sportchaco.com.ar\/wp-content\/uploads\/2026\/01\/WhatsApp-Image-2026-01-13-at-10.45.08.jpeg\" alt=\"\" width=\"300\" height=\"300\" srcset=\"https:\/\/www.sportchaco.com.ar\/wp-content\/uploads\/2026\/01\/WhatsApp-Image-2026-01-13-at-10.45.08.jpeg 300w, https:\/\/www.sportchaco.com.ar\/wp-content\/uploads\/2026\/01\/WhatsApp-Image-2026-01-13-at-10.45.08-150x150.jpeg 150w\" sizes=\"auto, (max-width: 300px) 100vw, 300px\" \/><\/p>\n<h3><\/h3>\n<\/div>\n<\/article>\n<\/div>\n<\/div>\n<\/div>\n<\/div>\n<\/article>\n<\/div>\n<\/div>\n<\/div>\n","protected":false},"excerpt":{"rendered":"<p>Foto portada de Mois\u00e9s Za\u00edn Esta es la Efem\u00e9rides del Deporte en el Chaco de un 21 de enero del periodista Luis Dar\u00edo Molodezky &nbsp; &nbsp; 1921 \/ Nace en Tucum\u00e1n el mayor promotor de boxeo del Chaco Mois\u00e9s \u00abTurco\u00bb Zain. Primero se instal\u00f3 en Machagai y m\u00e1s tarde, 1938, en Resistencia de la mano &hellip;<\/p>\n","protected":false},"author":2,"featured_media":31599,"comment_status":"open","ping_status":"open","sticky":false,"template":"","format":"standard","meta":{"footnotes":""},"categories":[45,31],"tags":[],"class_list":["post-31540","post","type-post","status-publish","format-standard","has-post-thumbnail","hentry","category-efemerides-dia-por-dia","category-enero"],"_links":{"self":[{"href":"https:\/\/www.sportchaco.com.ar\/index.php?rest_route=\/wp\/v2\/posts\/31540","targetHints":{"allow":["GET"]}}],"collection":[{"href":"https:\/\/www.sportchaco.com.ar\/index.php?rest_route=\/wp\/v2\/posts"}],"about":[{"href":"https:\/\/www.sportchaco.com.ar\/index.php?rest_route=\/wp\/v2\/types\/post"}],"author":[{"embeddable":true,"href":"https:\/\/www.sportchaco.com.ar\/index.php?rest_route=\/wp\/v2\/users\/2"}],"replies":[{"embeddable":true,"href":"https:\/\/www.sportchaco.com.ar\/index.php?rest_route=%2Fwp%2Fv2%2Fcomments&post=31540"}],"version-history":[{"count":6,"href":"https:\/\/www.sportchaco.com.ar\/index.php?rest_route=\/wp\/v2\/posts\/31540\/revisions"}],"predecessor-version":[{"id":31603,"href":"https:\/\/www.sportchaco.com.ar\/index.php?rest_route=\/wp\/v2\/posts\/31540\/revisions\/31603"}],"wp:featuredmedia":[{"embeddable":true,"href":"https:\/\/www.sportchaco.com.ar\/index.php?rest_route=\/wp\/v2\/media\/31599"}],"wp:attachment":[{"href":"https:\/\/www.sportchaco.com.ar\/index.php?rest_route=%2Fwp%2Fv2%2Fmedia&parent=31540"}],"wp:term":[{"taxonomy":"category","embeddable":true,"href":"https:\/\/www.sportchaco.com.ar\/index.php?rest_route=%2Fwp%2Fv2%2Fcategories&post=31540"},{"taxonomy":"post_tag","embeddable":true,"href":"https:\/\/www.sportchaco.com.ar\/index.php?rest_route=%2Fwp%2Fv2%2Ftags&post=31540"}],"curies":[{"name":"wp","href":"https:\/\/api.w.org\/{rel}","templated":true}]}}