{"id":31548,"date":"2026-01-20T00:34:01","date_gmt":"2026-01-20T03:34:01","guid":{"rendered":"https:\/\/www.sportchaco.com.ar\/?p=31548"},"modified":"2026-01-20T01:11:18","modified_gmt":"2026-01-20T04:11:18","slug":"la-vuelta-del-colo-enriquez-a-san-martin-mb","status":"publish","type":"post","link":"https:\/\/www.sportchaco.com.ar\/?p=31548","title":{"rendered":"La vuelta del Colo Enr\u00edquez a San Mart\u00edn MB"},"content":{"rendered":"<div class=\"xdj266r x14z9mp xat24cr x1lziwak x1vvkbs x126k92a\">\n<div dir=\"auto\"><\/div>\n<\/div>\n<div class=\"x14z9mp xat24cr x1lziwak x1vvkbs xtlvy1s x126k92a\">\n<div dir=\"auto\">Tras mas de 12 a\u00f1os retorn\u00f3 a la Instituci\u00f3n Cosechera Fabi\u00e1n \u00abColo \u00abEnr\u00edquez, en sus pasos anteriores logr\u00f3 ser campe\u00f3n con los colores rojinegros.<\/div>\n<div dir=\"auto\"><\/div>\n<div dir=\"auto\">Hoy acompa\u00f1ado de \u00c1valos y Baud\u00edn afrontar\u00e1 una nueva ilusi\u00f3n. Dej\u00f3 en claro la competitividad que tiene el Torneo de 1ra \u00abA\u00bb de <span class=\"html-span xdj266r x14z9mp xat24cr x1lziwak xexx8yu xyri2b x18d9i69 x1c1uobl x1hl2dhg x16tdsg8 x1vvkbs\"><a class=\"x1i10hfl xjbqb8w x1ejq31n x18oe1m7 x1sy0etr xstzfhl x972fbf x10w94by x1qhh985 x14e42zd x9f619 x1ypdohk xt0psk2 x3ct3a4 xdj266r x14z9mp xat24cr x1lziwak xexx8yu xyri2b x18d9i69 x1c1uobl x16tdsg8 x1hl2dhg xggy1nq x1a2a7pz xkrqix3 x1sur9pj x1fey0fg x1s688f\" tabindex=\"0\" role=\"link\" href=\"https:\/\/www.facebook.com\/laliga.chaco\"><span class=\"xt0psk2\"><span class=\"xjp7ctv\">Liga Chaque\u00f1a de F\u00fatbol<\/span><\/span><\/a><\/span> pero dej\u00f3 en claro que la ilusi\u00f3n es llevar al club del pueblo nuevamente a lo m\u00e1s alto.<\/div>\n<\/div>\n<div class=\"x14z9mp xat24cr x1lziwak x1vvkbs xtlvy1s x126k92a\">\n<div dir=\"auto\"><\/div>\n<\/div>\n<div class=\"x14z9mp xat24cr x1lziwak x1vvkbs xtlvy1s x126k92a\">\n<div dir=\"auto\">Por otra parte <span class=\"html-span xdj266r x14z9mp xat24cr x1lziwak xexx8yu xyri2b x18d9i69 x1c1uobl x1hl2dhg x16tdsg8 x1vvkbs\"><a class=\"x1i10hfl xjbqb8w x1ejq31n x18oe1m7 x1sy0etr xstzfhl x972fbf x10w94by x1qhh985 x14e42zd x9f619 x1ypdohk xt0psk2 x3ct3a4 xdj266r x14z9mp xat24cr x1lziwak xexx8yu xyri2b x18d9i69 x1c1uobl x16tdsg8 x1hl2dhg xggy1nq x1a2a7pz xkrqix3 x1sur9pj x1fey0fg x1s688f\" tabindex=\"0\" role=\"link\" href=\"https:\/\/www.facebook.com\/erikanasirok\"><span class=\"xt0psk2\"><span class=\"xjp7ctv\">Erika Nasir<\/span><\/span><\/a><\/span> Vicepresidente del Club no contuvo sensaciones y mostr\u00f3 a flor de piel la intenci\u00f3n de ser campeones en el a\u00f1o. Tambi\u00e9n dio el t\u00edtulo de que el Club apostar\u00e1 afrontar la competencia con los jugadores formados en los Cosecheritos y los que pertenecen a la Instituci\u00f3n.<\/div>\n<div dir=\"auto\"><\/div>\n<div dir=\"auto\">Fuente Pasi\u00f3n cosechera Face<\/div>\n<\/div>\n<div dir=\"auto\"><\/div>\n<div class=\"x14z9mp xat24cr x1lziwak x1vvkbs xtlvy1s x126k92a\">\n<div dir=\"auto\"><img loading=\"lazy\" decoding=\"async\" class=\"alignnone size-medium wp-image-31550\" src=\"https:\/\/www.sportchaco.com.ar\/wp-content\/uploads\/2026\/01\/SMMB-1-300x300.jpg\" alt=\"\" width=\"300\" height=\"300\" srcset=\"https:\/\/www.sportchaco.com.ar\/wp-content\/uploads\/2026\/01\/SMMB-1-300x300.jpg 300w, https:\/\/www.sportchaco.com.ar\/wp-content\/uploads\/2026\/01\/SMMB-1-1024x1024.jpg 1024w, https:\/\/www.sportchaco.com.ar\/wp-content\/uploads\/2026\/01\/SMMB-1-150x150.jpg 150w, https:\/\/www.sportchaco.com.ar\/wp-content\/uploads\/2026\/01\/SMMB-1-768x768.jpg 768w, https:\/\/www.sportchaco.com.ar\/wp-content\/uploads\/2026\/01\/SMMB-1.jpg 1440w\" sizes=\"auto, (max-width: 300px) 100vw, 300px\" \/>\u00a0 <img loading=\"lazy\" decoding=\"async\" class=\"alignnone size-medium wp-image-31295\" src=\"https:\/\/www.sportchaco.com.ar\/wp-content\/uploads\/2026\/01\/Ahorros-de-Verano-BANNERS-WEB_1080x1350-28-240x300.gif\" alt=\"\" width=\"240\" height=\"300\" srcset=\"https:\/\/www.sportchaco.com.ar\/wp-content\/uploads\/2026\/01\/Ahorros-de-Verano-BANNERS-WEB_1080x1350-28-240x300.gif 240w, https:\/\/www.sportchaco.com.ar\/wp-content\/uploads\/2026\/01\/Ahorros-de-Verano-BANNERS-WEB_1080x1350-28-819x1024.gif 819w, https:\/\/www.sportchaco.com.ar\/wp-content\/uploads\/2026\/01\/Ahorros-de-Verano-BANNERS-WEB_1080x1350-28-768x960.gif 768w, https:\/\/www.sportchaco.com.ar\/wp-content\/uploads\/2026\/01\/Ahorros-de-Verano-BANNERS-WEB_1080x1350-28-1229x1536.gif 1229w, https:\/\/www.sportchaco.com.ar\/wp-content\/uploads\/2026\/01\/Ahorros-de-Verano-BANNERS-WEB_1080x1350-28-1639x2048.gif 1639w\" sizes=\"auto, (max-width: 240px) 100vw, 240px\" \/><\/div>\n<\/div>\n","protected":false},"excerpt":{"rendered":"<p>Tras mas de 12 a\u00f1os retorn\u00f3 a la Instituci\u00f3n Cosechera Fabi\u00e1n \u00abColo \u00abEnr\u00edquez, en sus pasos anteriores logr\u00f3 ser campe\u00f3n con los colores rojinegros. Hoy acompa\u00f1ado de \u00c1valos y Baud\u00edn afrontar\u00e1 una nueva ilusi\u00f3n. Dej\u00f3 en claro la competitividad que tiene el Torneo de 1ra \u00abA\u00bb de Liga Chaque\u00f1a de F\u00fatbol pero dej\u00f3 en claro &hellip;<\/p>\n","protected":false},"author":2,"featured_media":31549,"comment_status":"open","ping_status":"open","sticky":false,"template":"","format":"standard","meta":{"footnotes":""},"categories":[5],"tags":[],"class_list":["post-31548","post","type-post","status-publish","format-standard","has-post-thumbnail","hentry","category-futbol"],"_links":{"self":[{"href":"https:\/\/www.sportchaco.com.ar\/index.php?rest_route=\/wp\/v2\/posts\/31548","targetHints":{"allow":["GET"]}}],"collection":[{"href":"https:\/\/www.sportchaco.com.ar\/index.php?rest_route=\/wp\/v2\/posts"}],"about":[{"href":"https:\/\/www.sportchaco.com.ar\/index.php?rest_route=\/wp\/v2\/types\/post"}],"author":[{"embeddable":true,"href":"https:\/\/www.sportchaco.com.ar\/index.php?rest_route=\/wp\/v2\/users\/2"}],"replies":[{"embeddable":true,"href":"https:\/\/www.sportchaco.com.ar\/index.php?rest_route=%2Fwp%2Fv2%2Fcomments&post=31548"}],"version-history":[{"count":3,"href":"https:\/\/www.sportchaco.com.ar\/index.php?rest_route=\/wp\/v2\/posts\/31548\/revisions"}],"predecessor-version":[{"id":31553,"href":"https:\/\/www.sportchaco.com.ar\/index.php?rest_route=\/wp\/v2\/posts\/31548\/revisions\/31553"}],"wp:featuredmedia":[{"embeddable":true,"href":"https:\/\/www.sportchaco.com.ar\/index.php?rest_route=\/wp\/v2\/media\/31549"}],"wp:attachment":[{"href":"https:\/\/www.sportchaco.com.ar\/index.php?rest_route=%2Fwp%2Fv2%2Fmedia&parent=31548"}],"wp:term":[{"taxonomy":"category","embeddable":true,"href":"https:\/\/www.sportchaco.com.ar\/index.php?rest_route=%2Fwp%2Fv2%2Fcategories&post=31548"},{"taxonomy":"post_tag","embeddable":true,"href":"https:\/\/www.sportchaco.com.ar\/index.php?rest_route=%2Fwp%2Fv2%2Ftags&post=31548"}],"curies":[{"name":"wp","href":"https:\/\/api.w.org\/{rel}","templated":true}]}}