{"id":31565,"date":"2026-01-20T11:24:45","date_gmt":"2026-01-20T14:24:45","guid":{"rendered":"https:\/\/www.sportchaco.com.ar\/?p=31565"},"modified":"2026-01-20T11:27:48","modified_gmt":"2026-01-20T14:27:48","slug":"carlos-carril-cumple-anos-inovidable-volante-ofensivo-de-for-ever","status":"publish","type":"post","link":"https:\/\/www.sportchaco.com.ar\/?p=31565","title":{"rendered":"Carlos Carril cumple a\u00f1os: Inovidable volante ofensivo de For Ever"},"content":{"rendered":"<header>\n<h5>Carlos Carril cumple 68 a\u00f1os, Naci\u00f3 en Villa 213, cerca de El colorado, Formosa a\u00f1os: Inovidalbe volante ofensivo de For Ever. Hoy presidente la Liga Esquinense en Corrientes, donde reside.<\/h5>\n<\/header>\n<div class=\"main-text\">\n<p>&nbsp;<\/p>\n<\/div>\n<p><em><strong><img loading=\"lazy\" decoding=\"async\" class=\"alignnone wp-image-31567\" src=\"https:\/\/www.sportchaco.com.ar\/wp-content\/uploads\/2026\/01\/Cacho-leguzamon-carita.jpg\" alt=\"\" width=\"94\" height=\"100\" \/>\u00a0 Por Cacho Leguizam\u00f3n<\/strong><\/em><\/p>\n<header>\n<h1><\/h1>\n<div>\n<p>Adem\u00e1s de meter, jugaba. Ten\u00eda marca, panorama y proyecci\u00f3n. Y fue un \u201cshoteador\u201d implacable, protagonista en los a\u00f1os m\u00e1s gloriosos del \u201cnegro\u201d.<\/p>\n<\/div>\n<div class=\"meta\"><\/div>\n<\/header>\n<section class=\"body\">\n<section class=\"content\">\n<div class=\"main-text\">\n<div class=\"social\">\n<div class=\"share\"><\/div>\n<\/div>\n<div class=\"left small m_image\">\n<figure><picture><source srcset=\"https:\/\/www.diarionorte.com\/content\/bucket\/9\/236059w250h340c.jpg.webp\" type=\"image\/webp\" media=\"(min-width: 640px)\" \/><source srcset=\"https:\/\/www.diarionorte.com\/content\/bucket\/9\/236059w180h245c.jpg.webp\" type=\"image\/webp\" media=\"(min-width: 300px)\" \/><source srcset=\"https:\/\/www.diarionorte.com\/content\/bucket\/9\/236059w250h340c.jpg\" media=\"(min-width: 300px)\" \/><img loading=\"lazy\" decoding=\"async\" class=\"pic\" src=\"https:\/\/www.diarionorte.com\/content\/bucket\/9\/236059w250h340c.jpg.webp\" alt=\"\" width=\"250\" height=\"340\" \/><\/picture><figcaption><em><strong>Carlos Carril en los ochenta\u00a0<\/strong><\/em><\/figcaption><\/figure>\n<\/div>\n<p>Fue, al decir de la jerga, un \u201cMetedor\u201d; siendo as\u00ed \u00a0como se autopercib\u00eda aquel Formose\u00f1o de piernas combadas, reflejos r\u00e1pidos y presencia intimidante. Marca, panorama y proyecci\u00f3n para quien integrara en los ochenta la m\u00e1s ganadora de las plantillas Forevistas. Fue de los que parec\u00edan \u00a0tener tatuada la camiseta por tantos a\u00f1os en el club.<\/p>\n<p>Alguna vez Osvaldo Diez (D.T) desde la iron\u00eda lo defini\u00f3 como \u201csu Mirtha Legrand del medio\u201d. Carril iba a todas con tal vehemencia que hasta parec\u00eda desleal, sin embargo casi no tuvo expulsiones, siempre jug\u00f3 al l\u00edmite \u00a0hasta donde el reglamento lo permit\u00eda. Todo no terminaba all\u00ed, fue un eximio lanzador de tiros libres que desde el c\u00f3rner los convert\u00eda en ol\u00edmpicos. Ten\u00eda la rara particularidad \u00a0de trabar con ambas piernas usando la izquierda como pique, despu\u00e9s de un corto salto ganaba \u00a0siempre.<\/p>\n<div class=\"right medium m_image\">\n<figure><picture><source srcset=\"https:\/\/www.diarionorte.com\/content\/bucket\/8\/236058w380h280c.jpg.webp\" type=\"image\/webp\" media=\"(min-width: 640px)\" \/><source srcset=\"https:\/\/www.diarionorte.com\/content\/bucket\/8\/236058w440h324c.jpg.webp\" type=\"image\/webp\" media=\"(min-width: 300px)\" \/><source srcset=\"https:\/\/www.diarionorte.com\/content\/bucket\/8\/236058w380h280c.jpg\" media=\"(min-width: 300px)\" \/><img loading=\"lazy\" decoding=\"async\" class=\"pic\" src=\"https:\/\/www.diarionorte.com\/content\/bucket\/8\/236058w380h280c.jpg.webp\" alt=\"\" width=\"380\" height=\"280\" \/><\/picture><figcaption>El Formose\u00f1o y toda la fiereza trabando en el medio.<\/figcaption><\/figure>\n<\/div>\n<p>En las pr\u00e1cticas jugaba tan fuerte como por los puntos y desafiarlo pis\u00e1ndole la pelota era la peor afrenta como aquella tarde cuando \u201cGarrincha\u201d Canteros (un refuerzo llegado desde Villa Alvear) jugando para los suplente quiso mostrarle la pelota; \u00a0la cancha estaba reci\u00e9n regada y \u201cla chancha\u201d lo levant\u00f3 por encima suyo, \u00a0Obberti (D.T) que estaba cerca del t\u00fanel se le acerc\u00f3 al \u201crefuerzo\u201d para decirle: \u00a1\u00a1No, nene, nunca haga esto ac\u00e1, porque estos lo van a cortar!!, esa foto fue una constante en su peregrinar por el medio.<\/p>\n<p>Usaba un lenguaje (entre amigos de vestuario) muy naturalizado por aqu\u00e9l entonces; el \u201clustrale\u201d, \u201ccep\u00edllalo\u201d, \u201ccomele\u201d el tobillo, todas sem\u00e1nticas risue\u00f1as casi desparecidas en la jerga.<\/p>\n<div class=\"left small m_image\">\n<figure><picture><source srcset=\"https:\/\/www.diarionorte.com\/content\/bucket\/6\/236056w250h379c.jpg.webp\" type=\"image\/webp\" media=\"(min-width: 640px)\" \/><source srcset=\"https:\/\/www.diarionorte.com\/content\/bucket\/6\/236056w180h273c.jpg.webp\" type=\"image\/webp\" media=\"(min-width: 300px)\" \/><source srcset=\"https:\/\/www.diarionorte.com\/content\/bucket\/6\/236056w250h379c.jpg\" media=\"(min-width: 300px)\" \/><img loading=\"lazy\" decoding=\"async\" class=\"pic\" src=\"https:\/\/www.diarionorte.com\/content\/bucket\/6\/236056w250h379c.jpg.webp\" alt=\"\" width=\"250\" height=\"379\" \/><\/picture><\/figure>\n<\/div>\n<p><em>-\u00bfD\u00f3nde naciste y qu\u00e9 ocurri\u00f3 para que vinieras a jugar a Resistencia?<\/em><\/p>\n<p>-Nac\u00ed en Villa 213 cerca del Colorado (Formosa), all\u00e1 jugu\u00e9 en el club Mariano Moreno. Hoy vivo en Esquina (Corrientes) donde me dedico a la venta de seguros, tambi\u00e9n dirijo un equipo de la ciudad. Con 20 a\u00f1os pas\u00e9 a For Ever a pr\u00e9stamo por un a\u00f1o y Roberto \u00a0Puppo (D.T.) pidi\u00f3 que hagan uso \u00a0de la opci\u00f3n. Jugaba de 8 pero debut\u00e9 como 4 cuando Pirulo Escobar se lesion\u00f3. Entren\u00e9 con el plantel que jug\u00f3 el Nacional del 79 pero no jugaba, fui titular en los \u00a0 Nacionales 80\u00b4 y 83\u00b4.<\/p>\n<p>En el Nacional \u201cB\u201d 86\/87 jugu\u00e9 24 fechas sin salir, \u201cPalito\u201d Brandoni era mi suplente que siempre me cargaba diciendo cu\u00e1ndo me iba a lesionar para jugar \u00e9l. Tuve una pubialgia y reci\u00e9n me reemplaz\u00f3, con tal mala suerte que tuvo lo mismo y se infiltraba para no perder el puesto. Brandoni siempre me preguntaba si yo ten\u00eda alg\u00fan mu\u00f1equito de \u00e9l clavado con alfileres. Los t\u00e9cnicos de \u201cafuera\u201d tra\u00edan con ellos sus pupilos pero al final terminaba jugando yo.<\/p>\n<div class=\"center large m_image\">\n<figure><picture><source srcset=\"https:\/\/www.diarionorte.com\/content\/bucket\/4\/236054w790h558c.jpg.webp\" type=\"image\/webp\" media=\"(min-width: 640px)\" \/><source srcset=\"https:\/\/www.diarionorte.com\/content\/bucket\/4\/236054w440h311c.jpg.webp\" type=\"image\/webp\" media=\"(min-width: 300px)\" \/><source srcset=\"https:\/\/www.diarionorte.com\/content\/bucket\/4\/236054w790h558c.jpg\" media=\"(min-width: 300px)\" \/><img loading=\"lazy\" decoding=\"async\" class=\"pic\" src=\"https:\/\/www.diarionorte.com\/content\/bucket\/4\/236054w790h558c.jpg.webp\" alt=\"\" width=\"790\" height=\"558\" \/><\/picture><figcaption>Una formaci\u00f3n de For Ever de principios de los &#8217;80. Segundo desde la izquierda, entre Coca Ben\u00edtez y Nata D\u00e1valos.<\/figcaption><\/figure>\n<\/div>\n<p><em>\u00a0-\u00bfCu\u00e1l de los planteles que integraste fue el mejor?<\/em><\/p>\n<p>-Aqu\u00e9l del 80 con D\u00e1valos, Mansilla, Ben\u00edtez, Curbetti, Ra\u00fal Vargas, Machuca, Pirulo, Franco y tantos otros. Ah\u00ed fui ladero de Pablo C\u00e1ceres, uno de los mejores 5 que conoc\u00ed. Gan\u00e1bamos donde sea, \u00e9ramos el For Ever que met\u00eda miedo, el que llevaba hasta quince colectivos como hinchada. En el 85\u00b4 le sacamos once puntos al segundo cuando se sumaba de a dos y Zacar\u00edas (Ricardo) fue el goleador, tambi\u00e9n sacamos la valla menos vencida. Ganamos el derecho al primer Nacional B. Tambi\u00e9n el de la temporada 86\/87 fue muy bueno.<\/p>\n<div class=\"right medium m_image\">\n<figure><picture><source srcset=\"https:\/\/www.diarionorte.com\/content\/bucket\/7\/236057w380h380c.jpg.webp\" type=\"image\/webp\" media=\"(min-width: 640px)\" \/><source srcset=\"https:\/\/www.diarionorte.com\/content\/bucket\/7\/236057w440h440c.jpg.webp\" type=\"image\/webp\" media=\"(min-width: 300px)\" \/><source srcset=\"https:\/\/www.diarionorte.com\/content\/bucket\/7\/236057w380h380c.jpg\" media=\"(min-width: 300px)\" \/><img loading=\"lazy\" decoding=\"async\" class=\"pic\" src=\"https:\/\/www.diarionorte.com\/content\/bucket\/7\/236057w380h380c.jpg.webp\" alt=\"\" width=\"380\" height=\"380\" \/><\/picture><figcaption>El ex For Ever en Corrientes junto a su nieta Antonia.<\/figcaption><\/figure>\n<\/div>\n<p><em>-Y un d\u00eda te \u00a0fuiste a Atl\u00e9tico Ledesma de Jujuy donde jugaste la final para \u00a0un ascenso.<\/em><\/p>\n<p>-Ah\u00ed se arm\u00f3 un equipazo, llevaron a todas figuras y al arco a la \u201cAnguila\u201d Guti\u00e9rrez. Ariel Ortega era un pibito que reci\u00e9n aparec\u00eda. Ese a\u00f1o Atl\u00e9tico Rafaela nos gan\u00f3 la final, antes hab\u00edamos eliminado a Guaran\u00ed, a Gimnasia de Jujuy y Central Norte de Salta. De ah\u00ed pas\u00e9 dos a\u00f1os a Independiente de Mendoza y en el 90 Palavecino (Oscar) me llev\u00f3 a San Lorenzo de Formosa donde perdimos contra Almagro otro ascenso.<\/p>\n<p>En el 93 regres\u00e9 a Resistencia para hacer el curso de t\u00e9cnicos mientras jugaba en Boca Unidos y en el 94 abandon\u00e9 el f\u00fatbol. Como t\u00e9cnico fui campe\u00f3n dos a\u00f1os en la Liga Correntina, pero al Nacional \u201cB\u201d termin\u00f3 yendo Hurac\u00e1n.<\/p>\n<div class=\"left medium m_image\">\n<figure><picture><source srcset=\"https:\/\/www.diarionorte.com\/content\/bucket\/8\/236058w380h280c.jpg.webp\" type=\"image\/webp\" media=\"(min-width: 640px)\" \/><source srcset=\"https:\/\/www.diarionorte.com\/content\/bucket\/8\/236058w440h324c.jpg.webp\" type=\"image\/webp\" media=\"(min-width: 300px)\" \/><source srcset=\"https:\/\/www.diarionorte.com\/content\/bucket\/8\/236058w380h280c.jpg\" media=\"(min-width: 300px)\" \/><img loading=\"lazy\" decoding=\"async\" class=\"pic\" src=\"https:\/\/www.diarionorte.com\/content\/bucket\/8\/236058w380h280c.jpg.webp\" alt=\"\" width=\"380\" height=\"280\" \/><\/picture><figcaption>El Formose\u00f1o y toda la fiereza trabando en el medio.<\/figcaption><\/figure>\n<\/div>\n<p><strong>AN\u00c9CDOTAS DE UN SHOTEADOR INOLVIDABLE<\/strong><\/p>\n<p>&#8211; Jugando contra Sarmiento le hice un gol ol\u00edmpico a Eric \u00a0Acosta. Lestani (D.T.) sabiendo que yo siempre pateaba al primer palo los entren\u00f3 \u00a0para anular a \u201cPepo\u201d (Fern\u00e1ndez) que la \u201cpeinaba\u201d al segundo. Cuando pate\u00e9 todos corrieron al primero; se la clav\u00e9 en el segundo. \u00a0Siempre le pegu\u00e9 fuerte tambi\u00e9n es cierto que me quedaba fuera de hora buscando precisi\u00f3n.<\/p>\n<p>&#8211; En cancha de Chacarita (Nacional \u201cB\u201d) terminaba el partido \u00a0cuando pate\u00e9 un c\u00f3rner que fue \u00a0gol ol\u00edmpico. \u00a0El \u00e1rbitro lo anul\u00f3\u2026 nadie entend\u00eda nada, cuando le reclam\u00e9, primero me felicit\u00f3 y despu\u00e9s me dijo \u201cSi te doy \u00e9se gol no salimos ninguno de la cancha\u2026 ni loco lo cobro\u201d.<\/p>\n<div class=\"right medium m_image\">\n<figure><picture><source srcset=\"https:\/\/www.diarionorte.com\/content\/bucket\/5\/236055w380h263c.jpg.webp\" type=\"image\/webp\" media=\"(min-width: 640px)\" \/><source srcset=\"https:\/\/www.diarionorte.com\/content\/bucket\/5\/236055w440h304c.jpg.webp\" type=\"image\/webp\" media=\"(min-width: 300px)\" \/><source srcset=\"https:\/\/www.diarionorte.com\/content\/bucket\/5\/236055w380h263c.jpg\" media=\"(min-width: 300px)\" \/><img loading=\"lazy\" decoding=\"async\" class=\"pic\" src=\"https:\/\/www.diarionorte.com\/content\/bucket\/5\/236055w380h263c.jpg.webp\" alt=\"\" width=\"380\" height=\"263\" \/><\/picture><figcaption><em><strong>En la graduaci\u00f3n como director t\u00e9cnico, junto al autor de esta entrevista.<br \/>\n<img loading=\"lazy\" decoding=\"async\" class=\"alignnone size-full wp-image-31287\" src=\"https:\/\/www.sportchaco.com.ar\/wp-content\/uploads\/2026\/01\/WhatsApp-Image-2026-01-13-at-10.45.08.jpeg\" alt=\"\" width=\"300\" height=\"300\" srcset=\"https:\/\/www.sportchaco.com.ar\/wp-content\/uploads\/2026\/01\/WhatsApp-Image-2026-01-13-at-10.45.08.jpeg 300w, https:\/\/www.sportchaco.com.ar\/wp-content\/uploads\/2026\/01\/WhatsApp-Image-2026-01-13-at-10.45.08-150x150.jpeg 150w\" sizes=\"auto, (max-width: 300px) 100vw, 300px\" \/><img loading=\"lazy\" decoding=\"async\" class=\"alignnone size-medium wp-image-31276 aligncenter\" src=\"https:\/\/www.sportchaco.com.ar\/wp-content\/uploads\/2026\/01\/WhatsApp-Image-2026-01-13-at-10.45.08-3-300x300.jpeg\" alt=\"\" width=\"300\" height=\"300\" srcset=\"https:\/\/www.sportchaco.com.ar\/wp-content\/uploads\/2026\/01\/WhatsApp-Image-2026-01-13-at-10.45.08-3-300x300.jpeg 300w, https:\/\/www.sportchaco.com.ar\/wp-content\/uploads\/2026\/01\/WhatsApp-Image-2026-01-13-at-10.45.08-3-150x150.jpeg 150w, https:\/\/www.sportchaco.com.ar\/wp-content\/uploads\/2026\/01\/WhatsApp-Image-2026-01-13-at-10.45.08-3.jpeg 417w\" sizes=\"auto, (max-width: 300px) 100vw, 300px\" \/><br \/>\n<\/strong><\/em><\/figcaption><\/figure>\n<\/div>\n<p>&#8211; Definiendo un ascenso contra Renato Cesarini, en la ida all\u00e1 \u00a0Central, el r\u00e9feri me amenaz\u00f3 con echarme si los molestaba a los pibes. Est\u00e1bamos empatando se nos ven\u00edan en mal\u00f3n para empatar, pelota que ca\u00eda cerca m\u00edo la hac\u00eda volar a la segunda bandeja para que tarde en volver. Los alcanza pelotas siempre ten\u00edan una para entrarla r\u00e1pido, yo las tapaba y se las tiraba a la fosa. Despu\u00e9s en Resistencia nos eliminaron. Cesarini estaba formado por glorias del f\u00fatbol que ya dejaban de jugar.<\/p>\n<p>&#8211; \u201cEl Burrito Ortega reci\u00e9n aparec\u00eda en Atl\u00e9tico Ledesma cuando Miguel Vacca (N 5) me llam\u00f3 para decirme; \u201c\u00a1Ojo con \u00e9se pendejo!, que no llegue por ac\u00e1 porque lo voy a partir\u2026 mir\u00e1 que te va a pisar la pelota en la cara\u201d, solo le dije \u201cNo te preocupes, que hasta vos ni va a llegar\u201d. A orteguita Lo tuve caminando por el aire, ni tocaba el piso. Despu\u00e9s de ah\u00ed pas\u00f3 a River, realmente un crack aunque con nosotros solo jugaba en las pr\u00e1cticas.<\/p>\n<div class=\"center large m_image\">\n<figure><picture><source srcset=\"https:\/\/www.diarionorte.com\/content\/bucket\/3\/236053w790h498c.jpg.webp\" type=\"image\/webp\" media=\"(min-width: 640px)\" \/><source srcset=\"https:\/\/www.diarionorte.com\/content\/bucket\/3\/236053w440h277c.jpg.webp\" type=\"image\/webp\" media=\"(min-width: 300px)\" \/><source srcset=\"https:\/\/www.diarionorte.com\/content\/bucket\/3\/236053w790h498c.jpg\" media=\"(min-width: 300px)\" \/><img loading=\"lazy\" decoding=\"async\" class=\"pic\" src=\"https:\/\/www.diarionorte.com\/content\/bucket\/3\/236053w790h498c.jpg.webp\" alt=\"\" width=\"790\" height=\"498\" \/><\/picture><\/figure>\n<\/div>\n<p><em>&#8211; Alguna vez en una semifinal contra Formosa sacaste de la cancha a un amigo tuyo que era la figura.<\/em><\/p>\n<p>&#8211; Sinforiano Uliambre hab\u00eda sido mi compa\u00f1ero en For Ever, era un crack del que yo sab\u00eda que tambi\u00e9n arrugaba en las precisas. Nos jug\u00e1bamos un pasaje a la final contra Estrada y en una jugada dividida frente a la platea cuando lo levant\u00e9 con pelota y todo. El r\u00e9feri ni me amonest\u00f3, lo ayud\u00e9 a levantarse pero me reproch\u00f3 diciendo: \u00bfQu\u00e9 me hac\u00e9s?, \u00bfacaso no somos amigos? Le dije: \u201cVos sabes bien que adentro de la cancha yo no tengo amigos\u201d. Sinforiano pidi\u00f3 el cambio, ganamos el medio y a la primera pelota que metimos al fondo Chac\u00f3n (Efra\u00edn) los cocin\u00f3. Fue una locura, la hinchada entr\u00f3 para pegarnos, reci\u00e9n a las 8 de la noche pudimos salir. Era el pasaje para definir con Guaran\u00ed (Posadas) la participaci\u00f3n en el \u00faltimo Nacional (83) que jugamos con For Ever.<\/p>\n<p>El \u00e1spero mediocampista trotador de tantas \u00e9picas hoy mud\u00f3 a ternura de abuelo y jugando con su nieta muestra la blandura que adolec\u00eda en las canchas\u2026 \u201cElla es \u00a0la que m\u00e1s me hace feliz\u201d.<\/p>\n<\/div>\n<p><em><strong><img loading=\"lazy\" decoding=\"async\" class=\"alignnone wp-image-31567\" src=\"https:\/\/www.sportchaco.com.ar\/wp-content\/uploads\/2026\/01\/Cacho-leguzamon-carita.jpg\" alt=\"\" width=\"94\" height=\"100\" \/>\u00a0 Por Cacho Leguizam\u00f3n<\/strong><\/em><\/p>\n<\/section>\n<\/section>\n","protected":false},"excerpt":{"rendered":"<p>Carlos Carril cumple 68 a\u00f1os, Naci\u00f3 en Villa 213, cerca de El colorado, Formosa a\u00f1os: Inovidalbe volante ofensivo de For Ever. Hoy presidente la Liga Esquinense en Corrientes, donde reside. &nbsp; \u00a0 Por Cacho Leguizam\u00f3n Adem\u00e1s de meter, jugaba. Ten\u00eda marca, panorama y proyecci\u00f3n. Y fue un \u201cshoteador\u201d implacable, protagonista en los a\u00f1os m\u00e1s gloriosos &hellip;<\/p>\n","protected":false},"author":2,"featured_media":31568,"comment_status":"open","ping_status":"open","sticky":false,"template":"","format":"standard","meta":{"footnotes":""},"categories":[78,8],"tags":[],"class_list":["post-31565","post","type-post","status-publish","format-standard","has-post-thumbnail","hentry","category-historias","category-sport-nea"],"_links":{"self":[{"href":"https:\/\/www.sportchaco.com.ar\/index.php?rest_route=\/wp\/v2\/posts\/31565","targetHints":{"allow":["GET"]}}],"collection":[{"href":"https:\/\/www.sportchaco.com.ar\/index.php?rest_route=\/wp\/v2\/posts"}],"about":[{"href":"https:\/\/www.sportchaco.com.ar\/index.php?rest_route=\/wp\/v2\/types\/post"}],"author":[{"embeddable":true,"href":"https:\/\/www.sportchaco.com.ar\/index.php?rest_route=\/wp\/v2\/users\/2"}],"replies":[{"embeddable":true,"href":"https:\/\/www.sportchaco.com.ar\/index.php?rest_route=%2Fwp%2Fv2%2Fcomments&post=31565"}],"version-history":[{"count":4,"href":"https:\/\/www.sportchaco.com.ar\/index.php?rest_route=\/wp\/v2\/posts\/31565\/revisions"}],"predecessor-version":[{"id":31572,"href":"https:\/\/www.sportchaco.com.ar\/index.php?rest_route=\/wp\/v2\/posts\/31565\/revisions\/31572"}],"wp:featuredmedia":[{"embeddable":true,"href":"https:\/\/www.sportchaco.com.ar\/index.php?rest_route=\/wp\/v2\/media\/31568"}],"wp:attachment":[{"href":"https:\/\/www.sportchaco.com.ar\/index.php?rest_route=%2Fwp%2Fv2%2Fmedia&parent=31565"}],"wp:term":[{"taxonomy":"category","embeddable":true,"href":"https:\/\/www.sportchaco.com.ar\/index.php?rest_route=%2Fwp%2Fv2%2Fcategories&post=31565"},{"taxonomy":"post_tag","embeddable":true,"href":"https:\/\/www.sportchaco.com.ar\/index.php?rest_route=%2Fwp%2Fv2%2Ftags&post=31565"}],"curies":[{"name":"wp","href":"https:\/\/api.w.org\/{rel}","templated":true}]}}