{"id":31573,"date":"2026-01-20T11:50:19","date_gmt":"2026-01-20T14:50:19","guid":{"rendered":"https:\/\/www.sportchaco.com.ar\/?p=31573"},"modified":"2026-01-20T17:50:35","modified_gmt":"2026-01-20T20:50:35","slug":"don-bosco-prepara-asamblea-para-la-renovacion-de-autoridades","status":"publish","type":"post","link":"https:\/\/www.sportchaco.com.ar\/?p=31573","title":{"rendered":"El \u00absalesiano\u00bb prepara su Asamblea para la renovaci\u00f3n de autoridades"},"content":{"rendered":"<p class=\"story-title entry-title\"><strong style=\"font-size: 16px;\">20-01-2026<\/strong><\/p>\n<p><img loading=\"lazy\" decoding=\"async\" class=\"aligncenter size-large wp-image-20099\" src=\"https:\/\/www.sportchaco.com.ar\/wp-content\/uploads\/2025\/06\/728x90-1024x127.gif\" alt=\"\" width=\"1024\" height=\"127\" srcset=\"https:\/\/www.sportchaco.com.ar\/wp-content\/uploads\/2025\/06\/728x90-1024x127.gif 1024w, https:\/\/www.sportchaco.com.ar\/wp-content\/uploads\/2025\/06\/728x90-300x37.gif 300w, https:\/\/www.sportchaco.com.ar\/wp-content\/uploads\/2025\/06\/728x90-768x95.gif 768w, https:\/\/www.sportchaco.com.ar\/wp-content\/uploads\/2025\/06\/728x90-1536x190.gif 1536w, https:\/\/www.sportchaco.com.ar\/wp-content\/uploads\/2025\/06\/728x90-2048x254.gif 2048w\" sizes=\"auto, (max-width: 1024px) 100vw, 1024px\" \/><\/p>\n<div id=\"right-content\" class=\"relative\">\n<div id=\"content-area\" class=\"left relative\">\n<div id=\"tps_slideContainer_29763\" class=\"theiaPostSlider_slides\">\n<div>\n<p>El Centro Deportivo Don Bosco, instituci\u00f3n fundada el 14 de mayo de 1946 y con sede en avenida Laprida 475 de la ciudad de Resistencia, convoc\u00f3 formalmente a sus socios a la Asamblea General Ordinaria, que se llevar\u00e1 a cabo el 13 de febrero de 2026, a las 21, en las instalaciones de la entidad.<\/p>\n<p>Seg\u00fan se inform\u00f3, la convocatoria incluye un amplio Orden del D\u00eda, que contempla en primer t\u00e9rmino la exposici\u00f3n de las causas que motivaron la realizaci\u00f3n de la Asamblea,\u00a0la lectura y aprobaci\u00f3n del acta anterior.<\/p>\n<p>Adem\u00e1s, se pondr\u00e1 a consideraci\u00f3n de los socios la Memoria, el Balance y el Cuadro de Resultados correspondientes al ejercicio cerrado el 30 de junio de 2025, junto con el informe de la Comisi\u00f3n Revisora de Cuentas. Otro de los puntos relevantes ser\u00e1 la lectura y eventual modificaci\u00f3n del art\u00edculo 25 del estatuto social.<\/p>\n<p>En el plano institucional, la asamblea abordar\u00e1 la renovaci\u00f3n parcial de la Comisi\u00f3n Directiva, con la elecci\u00f3n de los siguientes cargos: vicepresidente, actualmente a cargo de Hern\u00e1n Foschiatti (mandato 2026-2028), secretario, actualmente a cargo de Jorge Adamczuk (2026-2028), prosecretario por renuncia (2026-2027), vocal titular primero (2026-2028), vocal suplente segundo (2026-2028), dos revisores de cuentas titulares (2026-2027) y dos revisores de cuentas suplentes (2026-2027).<\/p>\n<p>Finalmente, se designar\u00e1n dos socios para refrendar el acta de la Asamblea junto al presidente. De acuerdo con lo establecido en el Estatuto Social, si transcurrida una hora del horario fijado no se reuniera el qu\u00f3rum necesario, la Asamblea sesionar\u00e1 v\u00e1lidamente con los socios presentes. La convocatoria lleva la firma del secretario Jorge Adamczuk y del presidente Iv\u00e1n Stoyanoff.<\/p>\n<\/div>\n<p><img loading=\"lazy\" decoding=\"async\" class=\"alignnone size-full wp-image-31287\" src=\"https:\/\/www.sportchaco.com.ar\/wp-content\/uploads\/2026\/01\/WhatsApp-Image-2026-01-13-at-10.45.08.jpeg\" alt=\"\" width=\"300\" height=\"300\" srcset=\"https:\/\/www.sportchaco.com.ar\/wp-content\/uploads\/2026\/01\/WhatsApp-Image-2026-01-13-at-10.45.08.jpeg 300w, https:\/\/www.sportchaco.com.ar\/wp-content\/uploads\/2026\/01\/WhatsApp-Image-2026-01-13-at-10.45.08-150x150.jpeg 150w\" sizes=\"auto, (max-width: 300px) 100vw, 300px\" \/> <img loading=\"lazy\" decoding=\"async\" class=\"alignnone size-medium wp-image-31295\" src=\"https:\/\/www.sportchaco.com.ar\/wp-content\/uploads\/2026\/01\/Ahorros-de-Verano-BANNERS-WEB_1080x1350-28-240x300.gif\" alt=\"\" width=\"240\" height=\"300\" srcset=\"https:\/\/www.sportchaco.com.ar\/wp-content\/uploads\/2026\/01\/Ahorros-de-Verano-BANNERS-WEB_1080x1350-28-240x300.gif 240w, https:\/\/www.sportchaco.com.ar\/wp-content\/uploads\/2026\/01\/Ahorros-de-Verano-BANNERS-WEB_1080x1350-28-819x1024.gif 819w, https:\/\/www.sportchaco.com.ar\/wp-content\/uploads\/2026\/01\/Ahorros-de-Verano-BANNERS-WEB_1080x1350-28-768x960.gif 768w, https:\/\/www.sportchaco.com.ar\/wp-content\/uploads\/2026\/01\/Ahorros-de-Verano-BANNERS-WEB_1080x1350-28-1229x1536.gif 1229w, https:\/\/www.sportchaco.com.ar\/wp-content\/uploads\/2026\/01\/Ahorros-de-Verano-BANNERS-WEB_1080x1350-28-1639x2048.gif 1639w\" sizes=\"auto, (max-width: 240px) 100vw, 240px\" \/><\/p>\n<\/div>\n<\/div>\n<\/div>\n","protected":false},"excerpt":{"rendered":"<p>20-01-2026 El Centro Deportivo Don Bosco, instituci\u00f3n fundada el 14 de mayo de 1946 y con sede en avenida Laprida 475 de la ciudad de Resistencia, convoc\u00f3 formalmente a sus socios a la Asamblea General Ordinaria, que se llevar\u00e1 a cabo el 13 de febrero de 2026, a las 21, en las instalaciones de la &hellip;<\/p>\n","protected":false},"author":2,"featured_media":31574,"comment_status":"open","ping_status":"open","sticky":false,"template":"","format":"standard","meta":{"footnotes":""},"categories":[3],"tags":[],"class_list":["post-31573","post","type-post","status-publish","format-standard","has-post-thumbnail","hentry","category-basquetbol"],"_links":{"self":[{"href":"https:\/\/www.sportchaco.com.ar\/index.php?rest_route=\/wp\/v2\/posts\/31573","targetHints":{"allow":["GET"]}}],"collection":[{"href":"https:\/\/www.sportchaco.com.ar\/index.php?rest_route=\/wp\/v2\/posts"}],"about":[{"href":"https:\/\/www.sportchaco.com.ar\/index.php?rest_route=\/wp\/v2\/types\/post"}],"author":[{"embeddable":true,"href":"https:\/\/www.sportchaco.com.ar\/index.php?rest_route=\/wp\/v2\/users\/2"}],"replies":[{"embeddable":true,"href":"https:\/\/www.sportchaco.com.ar\/index.php?rest_route=%2Fwp%2Fv2%2Fcomments&post=31573"}],"version-history":[{"count":3,"href":"https:\/\/www.sportchaco.com.ar\/index.php?rest_route=\/wp\/v2\/posts\/31573\/revisions"}],"predecessor-version":[{"id":31590,"href":"https:\/\/www.sportchaco.com.ar\/index.php?rest_route=\/wp\/v2\/posts\/31573\/revisions\/31590"}],"wp:featuredmedia":[{"embeddable":true,"href":"https:\/\/www.sportchaco.com.ar\/index.php?rest_route=\/wp\/v2\/media\/31574"}],"wp:attachment":[{"href":"https:\/\/www.sportchaco.com.ar\/index.php?rest_route=%2Fwp%2Fv2%2Fmedia&parent=31573"}],"wp:term":[{"taxonomy":"category","embeddable":true,"href":"https:\/\/www.sportchaco.com.ar\/index.php?rest_route=%2Fwp%2Fv2%2Fcategories&post=31573"},{"taxonomy":"post_tag","embeddable":true,"href":"https:\/\/www.sportchaco.com.ar\/index.php?rest_route=%2Fwp%2Fv2%2Ftags&post=31573"}],"curies":[{"name":"wp","href":"https:\/\/api.w.org\/{rel}","templated":true}]}}